{"id":31269,"date":"2026-03-11T16:50:04","date_gmt":"2026-03-11T19:50:04","guid":{"rendered":"https:\/\/radiobitacora.com.ar\/web\/?p=31269"},"modified":"2026-03-11T16:50:04","modified_gmt":"2026-03-11T19:50:04","slug":"lluvia-de-fotos-para-mostrar-al-jefe-de-gabinete-como-el-primer-trabajador-la-operacion-del-gobierno-para-mostrar-al-deslomado-adorni","status":"publish","type":"post","link":"https:\/\/radiobitacora.com.ar\/web\/2026\/03\/11\/lluvia-de-fotos-para-mostrar-al-jefe-de-gabinete-como-el-primer-trabajador-la-operacion-del-gobierno-para-mostrar-al-deslomado-adorni\/","title":{"rendered":"Lluvia de fotos para mostrar al jefe de Gabinete como &#8220;el primer trabajador&#8221; La operaci\u00f3n del Gobierno para mostrar al \u201cdeslomado\u201d Adorni"},"content":{"rendered":"<div class=\"c-stack b-single-chain\" data-style-direction=\"vertical\" data-style-justification=\"start\" data-style-alignment=\"unset\" data-style-inline=\"false\" data-style-wrap=\"nowrap\">\n<div class=\"c-stack b-single-chain__children-stack\" data-style-direction=\"vertical\" data-style-justification=\"start\" data-style-alignment=\"unset\" data-style-inline=\"false\" data-style-wrap=\"nowrap\">\n<div class=\"p12-lead-art\"><\/div>\n<\/div>\n<\/div>\n<div class=\"article-content\">\n<article class=\"p12-article-body  \">\n<p class=\"c-paragraph\"><a title=\"https:\/\/www.pagina12.com.ar\/2026\/03\/11\/queria-que-me-acompane-la-insolita-explicacion-de-adorni-por-el-viaje-de-su-esposa-en-el-avion-presidencial\/\" href=\"https:\/\/www.pagina12.com.ar\/2026\/03\/11\/queria-que-me-acompane-la-insolita-explicacion-de-adorni-por-el-viaje-de-su-esposa-en-el-avion-presidencial\/\" target=\"_self\" rel=\"\">La foto de\u00a0<b>Bettina Angeletti<\/b>\u00a0en Manhattan,<\/a>\u00a0una de las ciudades m\u00e1s caras del mundo, oblig\u00f3 al Gobierno a improvisar un blindaje de emergencia. Ante la evidencia de que la\u00a0<b>esposa de Manuel Adorni, Jefe de Gabinete nacional,\u00a0<\/b>hab\u00eda viajado en el avi\u00f3n presidencial con la comitiva de Javier Milei, el gobierno respondi\u00f3 con un raid de fotos y comunicados: Adorni en desayunos de trabajo, Adorni con fondos de inversi\u00f3n, Adorni con gobernadores. Un despliegue de hiperactividad dise\u00f1ado para instalar que el viaje no fue un tour familiar, sino una jornada de\u00a0<b>\u201cdeslome\u201d<\/b>\u00a0patri\u00f3tico.<\/p>\n<figure class=\"c-media-item p12-article-body__image\"><img loading=\"lazy\" decoding=\"async\" class=\"c-image\" src=\"https:\/\/www.pagina12.com.ar\/resizer\/v2\/6327WKB6JNGH3CW27OQQ7GFHME.jpg?auth=49303413468959b9b00bcee88cdf63fb63156494b5642d39008c4971c2515c82&amp;smart=true&amp;width=800&amp;height=533\" sizes=\"auto, (max-width: 540px) 360px, (max-width: 900px) 540px, (max-width: 1200px) 720px, 900px\" srcset=\"https:\/\/www.pagina12.com.ar\/resizer\/v2\/6327WKB6JNGH3CW27OQQ7GFHME.jpg?auth=49303413468959b9b00bcee88cdf63fb63156494b5642d39008c4971c2515c82&amp;smart=true&amp;width=360&amp;height=239 360w, https:\/\/www.pagina12.com.ar\/resizer\/v2\/6327WKB6JNGH3CW27OQQ7GFHME.jpg?auth=49303413468959b9b00bcee88cdf63fb63156494b5642d39008c4971c2515c82&amp;smart=true&amp;width=540&amp;height=359 540w, https:\/\/www.pagina12.com.ar\/resizer\/v2\/6327WKB6JNGH3CW27OQQ7GFHME.jpg?auth=49303413468959b9b00bcee88cdf63fb63156494b5642d39008c4971c2515c82&amp;smart=true&amp;width=720&amp;height=479 720w, https:\/\/www.pagina12.com.ar\/resizer\/v2\/6327WKB6JNGH3CW27OQQ7GFHME.jpg?auth=49303413468959b9b00bcee88cdf63fb63156494b5642d39008c4971c2515c82&amp;smart=true&amp;width=900&amp;height=599 900w\" alt=\"\" width=\"800\" height=\"533\" data-chromatic=\"ignore\" \/><figcaption class=\"c-media-item__fig-caption\"><span class=\"c-media-item__title\">Manuel Adorni\u00a0<\/span><span class=\"c-media-item__credit\">(Redes Sociales)<\/span><\/figcaption><\/figure>\n<h2 class=\"p12-article-body__h2\">La construcci\u00f3n del \u201ch\u00e9roe del deslome\u201d<\/h2>\n<p class=\"c-paragraph\">El libreto oficial busc\u00f3 reconvertir a Adorni en un articulador federal estrat\u00e9gico, usando el escenario de Manhattan para\u00a0<b>simular una gesti\u00f3n\u00a0<\/b>que, en la pr\u00e1ctica, se resuelve por videollamada o en despachos porte\u00f1os.<\/p>\n<div data-chromatic=\"ignore\">\n<div>\n<div>\n<div class=\"twitter-tweet twitter-tweet-rendered\"><iframe id=\"twitter-widget-0\" class=\"\" title=\"X Post\" src=\"https:\/\/platform.twitter.com\/embed\/Tweet.html?dnt=false&amp;embedId=twitter-widget-0&amp;features=eyJ0ZndfdGltZWxpbmVfbGlzdCI6eyJidWNrZXQiOltdLCJ2ZXJzaW9uIjpudWxsfSwidGZ3X2ZvbGxvd2VyX2NvdW50X3N1bnNldCI6eyJidWNrZXQiOnRydWUsInZlcnNpb24iOm51bGx9LCJ0ZndfdHdlZXRfZWRpdF9iYWNrZW5kIjp7ImJ1Y2tldCI6Im9uIiwidmVyc2lvbiI6bnVsbH0sInRmd19yZWZzcmNfc2Vzc2lvbiI6eyJidWNrZXQiOiJvbiIsInZlcnNpb24iOm51bGx9LCJ0ZndfZm9zbnJfc29mdF9pbnRlcnZlbnRpb25zX2VuYWJsZWQiOnsiYnVja2V0Ijoib24iLCJ2ZXJzaW9uIjpudWxsfSwidGZ3X21peGVkX21lZGlhXzE1ODk3Ijp7ImJ1Y2tldCI6InRyZWF0bWVudCIsInZlcnNpb24iOm51bGx9LCJ0ZndfZXhwZXJpbWVudHNfY29va2llX2V4cGlyYXRpb24iOnsiYnVja2V0IjoxMjA5NjAwLCJ2ZXJzaW9uIjpudWxsfSwidGZ3X3Nob3dfYmlyZHdhdGNoX3Bpdm90c19lbmFibGVkIjp7ImJ1Y2tldCI6Im9uIiwidmVyc2lvbiI6bnVsbH0sInRmd19kdXBsaWNhdGVfc2NyaWJlc190b19zZXR0aW5ncyI6eyJidWNrZXQiOiJvbiIsInZlcnNpb24iOm51bGx9LCJ0ZndfdXNlX3Byb2ZpbGVfaW1hZ2Vfc2hhcGVfZW5hYmxlZCI6eyJidWNrZXQiOiJvbiIsInZlcnNpb24iOm51bGx9LCJ0ZndfdmlkZW9faGxzX2R5bmFtaWNfbWFuaWZlc3RzXzE1MDgyIjp7ImJ1Y2tldCI6InRydWVfYml0cmF0ZSIsInZlcnNpb24iOm51bGx9LCJ0ZndfbGVnYWN5X3RpbWVsaW5lX3N1bnNldCI6eyJidWNrZXQiOnRydWUsInZlcnNpb24iOm51bGx9LCJ0ZndfdHdlZXRfZWRpdF9mcm9udGVuZCI6eyJidWNrZXQiOiJvbiIsInZlcnNpb24iOm51bGx9fQ%3D%3D&amp;frame=false&amp;hideCard=false&amp;hideThread=false&amp;id=2031780351178097050&amp;lang=es&amp;origin=https%3A%2F%2Fwww.pagina12.com.ar%2F2026%2F03%2F11%2Fla-operacion-del-gobierno-para-mostrar-al-deslomado-adorni%2F&amp;sessionId=13f7ebc0c10c12459fdf6e578ddbf13a153ecf9f&amp;siteScreenName=pagina12&amp;theme=light&amp;widgetsVersion=2615f7e52b7e0%3A1702314776716&amp;width=550px\" frameborder=\"0\" scrolling=\"no\" allowfullscreen=\"allowfullscreen\" data-tweet-id=\"2031780351178097050\" data-mce-fragment=\"1\"><\/iframe><\/div>\n<\/div>\n<\/div>\n<\/div>\n<p class=\"c-paragraph\">Las fotos con los gobernadores\u00a0<b>Jalil, Orrego y Sadir\u00a0<\/b>funcionaron como la escenograf\u00eda necesaria para sostener el relato de un funcionario \u201cdeslomado\u201d, intentando\u00a0<b>ocultar as\u00ed la presencia de su esposa en la comitiva.<\/b><\/p>\n<div data-chromatic=\"ignore\">\n<div>\n<div>\n<div class=\"twitter-tweet twitter-tweet-rendered\"><iframe id=\"twitter-widget-1\" class=\"\" title=\"X Post\" src=\"https:\/\/platform.twitter.com\/embed\/Tweet.html?dnt=false&amp;embedId=twitter-widget-1&amp;features=eyJ0ZndfdGltZWxpbmVfbGlzdCI6eyJidWNrZXQiOltdLCJ2ZXJzaW9uIjpudWxsfSwidGZ3X2ZvbGxvd2VyX2NvdW50X3N1bnNldCI6eyJidWNrZXQiOnRydWUsInZlcnNpb24iOm51bGx9LCJ0ZndfdHdlZXRfZWRpdF9iYWNrZW5kIjp7ImJ1Y2tldCI6Im9uIiwidmVyc2lvbiI6bnVsbH0sInRmd19yZWZzcmNfc2Vzc2lvbiI6eyJidWNrZXQiOiJvbiIsInZlcnNpb24iOm51bGx9LCJ0ZndfZm9zbnJfc29mdF9pbnRlcnZlbnRpb25zX2VuYWJsZWQiOnsiYnVja2V0Ijoib24iLCJ2ZXJzaW9uIjpudWxsfSwidGZ3X21peGVkX21lZGlhXzE1ODk3Ijp7ImJ1Y2tldCI6InRyZWF0bWVudCIsInZlcnNpb24iOm51bGx9LCJ0ZndfZXhwZXJpbWVudHNfY29va2llX2V4cGlyYXRpb24iOnsiYnVja2V0IjoxMjA5NjAwLCJ2ZXJzaW9uIjpudWxsfSwidGZ3X3Nob3dfYmlyZHdhdGNoX3Bpdm90c19lbmFibGVkIjp7ImJ1Y2tldCI6Im9uIiwidmVyc2lvbiI6bnVsbH0sInRmd19kdXBsaWNhdGVfc2NyaWJlc190b19zZXR0aW5ncyI6eyJidWNrZXQiOiJvbiIsInZlcnNpb24iOm51bGx9LCJ0ZndfdXNlX3Byb2ZpbGVfaW1hZ2Vfc2hhcGVfZW5hYmxlZCI6eyJidWNrZXQiOiJvbiIsInZlcnNpb24iOm51bGx9LCJ0ZndfdmlkZW9faGxzX2R5bmFtaWNfbWFuaWZlc3RzXzE1MDgyIjp7ImJ1Y2tldCI6InRydWVfYml0cmF0ZSIsInZlcnNpb24iOm51bGx9LCJ0ZndfbGVnYWN5X3RpbWVsaW5lX3N1bnNldCI6eyJidWNrZXQiOnRydWUsInZlcnNpb24iOm51bGx9LCJ0ZndfdHdlZXRfZWRpdF9mcm9udGVuZCI6eyJidWNrZXQiOiJvbiIsInZlcnNpb24iOm51bGx9fQ%3D%3D&amp;frame=false&amp;hideCard=false&amp;hideThread=false&amp;id=2031792046449516938&amp;lang=es&amp;origin=https%3A%2F%2Fwww.pagina12.com.ar%2F2026%2F03%2F11%2Fla-operacion-del-gobierno-para-mostrar-al-deslomado-adorni%2F&amp;sessionId=13f7ebc0c10c12459fdf6e578ddbf13a153ecf9f&amp;siteScreenName=pagina12&amp;theme=light&amp;widgetsVersion=2615f7e52b7e0%3A1702314776716&amp;width=550px\" frameborder=\"0\" scrolling=\"no\" allowfullscreen=\"allowfullscreen\" data-tweet-id=\"2031792046449516938\" data-mce-fragment=\"1\"><\/iframe><\/div>\n<\/div>\n<\/div>\n<\/div>\n<p class=\"c-paragraph\">Este marketing de la laboriosidad incluy\u00f3 la cl\u00e1sica puesta en escena de caf\u00e9 y carpetas con\u00a0<b>directivos del Bank of America<\/b>.<\/p>\n<p class=\"c-paragraph\">La maniobra apunt\u00f3 a mostrar a Adorni como un hombre de negocios, una coreograf\u00eda dise\u00f1ada para\u00a0<b>que la supuesta b\u00fasqueda de inversiones silencie las cr\u00edticas<\/b>\u00a0por el uso del avi\u00f3n presidencial y los lujos en la Quinta Avenida.<\/p>\n<h2 class=\"p12-article-body__h2\">Yo autorizo, y ustedes pagan<\/h2>\n<p class=\"c-paragraph\">La controversia, sin embargo, no termin\u00f3.\u00a0<b>Adorni es el funcionario que hoy tiene bajo su \u00f3rbita la autorizaci\u00f3n de viajes oficiales<\/b>\u00a0y el recorte de pasajes al exterior para distintas \u00e1reas del Estado.<\/p>\n<p class=\"c-paragraph\">En el Congreso ya se activaron pedidos de acceso a la informaci\u00f3n y\u00a0<a title=\"https:\/\/www.pagina12.com.ar\/2026\/03\/11\/piden-la-interpelacion-de-manuel-adorni-por-el-viaje-con-su-esposa-a-nueva-york\/\" href=\"https:\/\/www.pagina12.com.ar\/2026\/03\/11\/piden-la-interpelacion-de-manuel-adorni-por-el-viaje-con-su-esposa-a-nueva-york\/\" target=\"_self\" rel=\"\">proyectos de interpelaci\u00f3n<\/a>. La oposici\u00f3n quiere saber\u00a0<b>qui\u00e9n pag\u00f3 el traslado, cu\u00e1nto cost\u00f3 la estad\u00eda en el hotel The Langham y qu\u00e9 rol cumpli\u00f3 Angeletti en la gira.<\/b><\/p>\n<p class=\"c-paragraph\">Mientras tanto, desde Nueva York llegan fotos, reuniones y comunicados. La Casa Rosada busca limpiar la imagen del Jefe de Gabinete y\u00a0<b>lo muestra \u201ctrabajando sin pausa\u201d en Manhattan.<\/b><\/p>\n<\/article>\n<\/div>\n","protected":false},"excerpt":{"rendered":"<p>La foto de\u00a0Bettina Angeletti\u00a0en Manhattan,\u00a0una de las ciudades m\u00e1s caras del mundo, oblig\u00f3 al Gobierno a improvisar un blindaje de emergencia. Ante la evidencia de que la\u00a0esposa de Manuel Adorni, Jefe de Gabinete nacional,\u00a0hab\u00eda viajado en el avi\u00f3n presidencial con la comitiva de Javier Milei, el gobierno respondi\u00f3 con un raid de fotos y comunicados: [&hellip;]<\/p>\n","protected":false},"author":2,"featured_media":31270,"comment_status":"open","ping_status":"open","sticky":false,"template":"","format":"standard","meta":{"footnotes":""},"categories":[79],"tags":[],"class_list":{"0":"post-31269","1":"post","2":"type-post","3":"status-publish","4":"format-standard","5":"has-post-thumbnail","7":"category-politica"},"_links":{"self":[{"href":"https:\/\/radiobitacora.com.ar\/web\/wp-json\/wp\/v2\/posts\/31269","targetHints":{"allow":["GET"]}}],"collection":[{"href":"https:\/\/radiobitacora.com.ar\/web\/wp-json\/wp\/v2\/posts"}],"about":[{"href":"https:\/\/radiobitacora.com.ar\/web\/wp-json\/wp\/v2\/types\/post"}],"author":[{"embeddable":true,"href":"https:\/\/radiobitacora.com.ar\/web\/wp-json\/wp\/v2\/users\/2"}],"replies":[{"embeddable":true,"href":"https:\/\/radiobitacora.com.ar\/web\/wp-json\/wp\/v2\/comments?post=31269"}],"version-history":[{"count":1,"href":"https:\/\/radiobitacora.com.ar\/web\/wp-json\/wp\/v2\/posts\/31269\/revisions"}],"predecessor-version":[{"id":31271,"href":"https:\/\/radiobitacora.com.ar\/web\/wp-json\/wp\/v2\/posts\/31269\/revisions\/31271"}],"wp:featuredmedia":[{"embeddable":true,"href":"https:\/\/radiobitacora.com.ar\/web\/wp-json\/wp\/v2\/media\/31270"}],"wp:attachment":[{"href":"https:\/\/radiobitacora.com.ar\/web\/wp-json\/wp\/v2\/media?parent=31269"}],"wp:term":[{"taxonomy":"category","embeddable":true,"href":"https:\/\/radiobitacora.com.ar\/web\/wp-json\/wp\/v2\/categories?post=31269"},{"taxonomy":"post_tag","embeddable":true,"href":"https:\/\/radiobitacora.com.ar\/web\/wp-json\/wp\/v2\/tags?post=31269"}],"curies":[{"name":"wp","href":"https:\/\/api.w.org\/{rel}","templated":true}]}}