{"id":31272,"date":"2026-03-11T16:53:12","date_gmt":"2026-03-11T19:53:12","guid":{"rendered":"https:\/\/radiobitacora.com.ar\/web\/?p=31272"},"modified":"2026-03-11T16:53:12","modified_gmt":"2026-03-11T19:53:12","slug":"reforma-laboral-la-justicia-rechazo-la-cautelar-presentada-por-la-cgt","status":"publish","type":"post","link":"https:\/\/radiobitacora.com.ar\/web\/2026\/03\/11\/reforma-laboral-la-justicia-rechazo-la-cautelar-presentada-por-la-cgt\/","title":{"rendered":"Reforma laboral: la Justicia rechaz\u00f3 la cautelar presentada por la CGT"},"content":{"rendered":"<p class=\"c-paragraph\">El Juzgado Contencioso Administrativo Federal N\u00b07\u00a0<b>rechaz\u00f3\u00a0<\/b>este mi\u00e9rcoles la<a title=\"https:\/\/www.pagina12.com.ar\/2026\/03\/07\/la-cgt-fue-a-los-tribunales-para-pedir-que-frenen-la-reforma-laboral-de-milei\/\" href=\"https:\/\/www.pagina12.com.ar\/2026\/03\/07\/la-cgt-fue-a-los-tribunales-para-pedir-que-frenen-la-reforma-laboral-de-milei\/\" target=\"_self\" rel=\"\"><b>\u00a0medida cautelar\u00a0<\/b><\/a>que hab\u00eda presentado la\u00a0<b>Confederaci\u00f3n General del Trabajo (CGT)<\/b>\u00a0para suspender la aplicaci\u00f3n de algunos art\u00edculos de la\u00a0<a title=\"https:\/\/www.pagina12.com.ar\/2026\/03\/06\/milei-promulgo-su-reforma-laboral-uno-por-uno-todos-los-derechos-que-pierden-los-trabajadores\/\" href=\"https:\/\/www.pagina12.com.ar\/2026\/03\/06\/milei-promulgo-su-reforma-laboral-uno-por-uno-todos-los-derechos-que-pierden-los-trabajadores\/\" target=\"_self\" rel=\"\"><b>Ley de Reforma Laboral<\/b><\/a>, sancionada por el Senado el 27 de febrero pasado, tras semanas de movilizaci\u00f3n y represi\u00f3n frente al Congreso.<\/p>\n<p class=\"c-paragraph\">La semana pasada, la central obrera inici\u00f3 una acci\u00f3n de amparo para solicitar la\u00a0<b>nulidad e invalidez\u00a0<\/b>constitucional de los\u00a0<b>art\u00edculos 90 y 91\u00a0<\/b>de la Ley 27.802, que ordenan el<b>\u00a0traspaso de la Justicia Nacional del Trabajo a la Ciudad de Buenos Aires<\/b>\u00a0\u2013tarea que el presidente Javier Milei dej\u00f3 en manos de su jefe de Gabinete, Manuel Adorni.<\/p>\n<p class=\"c-paragraph\">Seg\u00fan advirti\u00f3 la CGT, la decisi\u00f3n sobre el traspaso de la justicia nacional fue dictada sin competencia temporal del Congreso porque estaba inicialmente fuera de las materias que el Poder Ejecutivo Nacional hab\u00eda incluido en la convocatoria a sesiones extraordinarias. Los abogados de la central obrera tambi\u00e9n sostuvieron que el Presidente no invoc\u00f3 un \u201cgrave inter\u00e9s de orden o de progreso\u201d que justificara tratar el tema fuera de la convocatoria original.<\/p>\n<p class=\"c-paragraph\">En el marco de la acci\u00f3n de amparo, la central obrera tambi\u00e9n present\u00f3 una\u00a0<b>medida cautelar innovativa\u00a0<\/b>para\u00a0<b>suspender la aplicaci\u00f3n de la norma hasta que se dicte una sentencia definitiva sobre el fondo del planteo.<\/b><\/p>\n<p class=\"c-paragraph\">Sin embargo, este mi\u00e9rcoles el Juzgado Contencioso Administrativo Federal N\u00b07 resolvi\u00f3\u00a0<b>rechazar esa medida cautelar\u00a0<\/b>al considerar que se trata de una medida de car\u00e1cter excepcional que<b>\u00a0alterar\u00eda el estado jur\u00eddico vigente y que, en los hechos, implicar\u00eda adelantar el resultado del litigio.<\/b><\/p>\n<p class=\"c-paragraph\">El juez Enrique Lavi\u00e9 Pico -el mismo que a comienzos de 2024 rechaz\u00f3 dos amparos de la CGT contra el DNU 70\/2023- consider\u00f3 que no se acredita la existencia de un \u201cperjuicio irreparable\u201d que pudiera tornar in\u00fatil una eventual sentencia favorable a la CGT en el futuro.<\/p>\n<p class=\"c-paragraph\">M\u00e1s all\u00e1 del rechazo de la cautelar,<b>\u00a0la causa judicial contin\u00faa su tr\u00e1mite<\/b>. Por eso en la resoluci\u00f3n de este mi\u00e9rcoles, el juzgado tambi\u00e9n orden\u00f3 correr traslado al Estado Nacional para que en el plazo de cinco d\u00edas presente el informe previsto en la Ley de Amparo y ofrezca las pruebas correspondientes.<\/p>\n","protected":false},"excerpt":{"rendered":"<p>El Juzgado Contencioso Administrativo Federal N\u00b07\u00a0rechaz\u00f3\u00a0este mi\u00e9rcoles la\u00a0medida cautelar\u00a0que hab\u00eda presentado la\u00a0Confederaci\u00f3n General del Trabajo (CGT)\u00a0para suspender la aplicaci\u00f3n de algunos art\u00edculos de la\u00a0Ley de Reforma Laboral, sancionada por el Senado el 27 de febrero pasado, tras semanas de movilizaci\u00f3n y represi\u00f3n frente al Congreso. La semana pasada, la central obrera inici\u00f3 una acci\u00f3n de [&hellip;]<\/p>\n","protected":false},"author":2,"featured_media":31273,"comment_status":"open","ping_status":"open","sticky":false,"template":"","format":"standard","meta":{"footnotes":""},"categories":[79],"tags":[],"class_list":{"0":"post-31272","1":"post","2":"type-post","3":"status-publish","4":"format-standard","5":"has-post-thumbnail","7":"category-politica"},"_links":{"self":[{"href":"https:\/\/radiobitacora.com.ar\/web\/wp-json\/wp\/v2\/posts\/31272","targetHints":{"allow":["GET"]}}],"collection":[{"href":"https:\/\/radiobitacora.com.ar\/web\/wp-json\/wp\/v2\/posts"}],"about":[{"href":"https:\/\/radiobitacora.com.ar\/web\/wp-json\/wp\/v2\/types\/post"}],"author":[{"embeddable":true,"href":"https:\/\/radiobitacora.com.ar\/web\/wp-json\/wp\/v2\/users\/2"}],"replies":[{"embeddable":true,"href":"https:\/\/radiobitacora.com.ar\/web\/wp-json\/wp\/v2\/comments?post=31272"}],"version-history":[{"count":1,"href":"https:\/\/radiobitacora.com.ar\/web\/wp-json\/wp\/v2\/posts\/31272\/revisions"}],"predecessor-version":[{"id":31274,"href":"https:\/\/radiobitacora.com.ar\/web\/wp-json\/wp\/v2\/posts\/31272\/revisions\/31274"}],"wp:featuredmedia":[{"embeddable":true,"href":"https:\/\/radiobitacora.com.ar\/web\/wp-json\/wp\/v2\/media\/31273"}],"wp:attachment":[{"href":"https:\/\/radiobitacora.com.ar\/web\/wp-json\/wp\/v2\/media?parent=31272"}],"wp:term":[{"taxonomy":"category","embeddable":true,"href":"https:\/\/radiobitacora.com.ar\/web\/wp-json\/wp\/v2\/categories?post=31272"},{"taxonomy":"post_tag","embeddable":true,"href":"https:\/\/radiobitacora.com.ar\/web\/wp-json\/wp\/v2\/tags?post=31272"}],"curies":[{"name":"wp","href":"https:\/\/api.w.org\/{rel}","templated":true}]}}