{"id":31275,"date":"2026-03-11T16:55:46","date_gmt":"2026-03-11T19:55:46","guid":{"rendered":"https:\/\/radiobitacora.com.ar\/web\/?p=31275"},"modified":"2026-03-11T16:55:46","modified_gmt":"2026-03-11T19:55:46","slug":"queria-que-me-acompane-la-insolita-explicacion-de-adorni-por-el-viaje-de-su-esposa-en-el-avion-presidencial","status":"publish","type":"post","link":"https:\/\/radiobitacora.com.ar\/web\/2026\/03\/11\/queria-que-me-acompane-la-insolita-explicacion-de-adorni-por-el-viaje-de-su-esposa-en-el-avion-presidencial\/","title":{"rendered":"\u201cQuer\u00eda que me acompa\u00f1e\u201d: la ins\u00f3lita explicaci\u00f3n de Adorni por el viaje de su esposa en el avi\u00f3n presidencial"},"content":{"rendered":"<p class=\"c-paragraph\">El jefe de Gabinete Manuel Adorni qued\u00f3 en el centro de un nuevo esc\u00e1ndalo luego de que se conociera que su esposa, Bettina Angeletti -quien trabaja como coach ontol\u00f3gica y\u00a0<b>no forma parte de la estructura del gobierno<\/b>-,\u00a0<b>viaj\u00f3 a Nueva York junto a la comitiva presidencial<\/b>. La pol\u00e9mica situaci\u00f3n se conoci\u00f3 tras la difusi\u00f3n de una foto durante la visita oficial a la tumba del rabino Menachem Mendel Schneerson.<\/p>\n<ul>\n<li><a title=\"https:\/\/www.pagina12.com.ar\/2026\/03\/10\/una-comitiva-nutrida-de-familiares\/\" href=\"https:\/\/www.pagina12.com.ar\/2026\/03\/10\/una-comitiva-nutrida-de-familiares\/\" target=\"_self\" rel=\"\"><b>Una comitiva \u201cnutrida\u201d de familiares<\/b><\/a><\/li>\n<\/ul>\n<p class=\"c-paragraph\">Ante las cr\u00edticas, Adorni intent\u00f3 justificar sin \u00e9xito la presencia de su esposa en declaraciones televisivas.\u00a0<b>\u201cMi mujer iba a viajar a Nueva York. De hecho ten\u00eda el pasaje comprado para viajar el 26 de febrero\u201d<\/b>, sostuvo. Seg\u00fan explic\u00f3, el itinerario presidencial cambi\u00f3 y decidi\u00f3 que lo acompa\u00f1ara en el viaje: \u201cYo quer\u00eda que mi mujer me acompa\u00f1e. Por lo tanto la\u00a0<b>Presidencia la invit\u00f3 a que me acompa\u00f1e en el avi\u00f3n presidencial<\/b>\u00a0porque no hab\u00eda otra forma\u201d.<\/p>\n<div id=\"ad-slot-video_inread\" class=\"ad-slot-video_inread ad-slot\" data-adtype=\"video_inread\" data-google-query-id=\"CLmmx__PmJMDFQhTuAQdtYAuAQ\">\n<div id=\"google_ads_iframe_\/349353471\/p12\/nota_video_inread_0__container__\"><iframe id=\"google_ads_iframe_\/349353471\/p12\/nota_video_inread_0\" tabindex=\"0\" title=\"Contenido de anuncios de terceros\" name=\"google_ads_iframe_\/349353471\/p12\/nota_video_inread_0\" width=\"1\" height=\"1\" frameborder=\"0\" marginwidth=\"0\" marginheight=\"0\" scrolling=\"no\" aria-label=\"Anuncio\" data-load-complete=\"true\" data-google-container-id=\"3\" data-mce-fragment=\"1\"><\/iframe><\/div>\n<\/div>\n<div class=\"dailymotion\"><iframe title=\"Dailymotion video\" src=\"https:\/\/geo.dailymotion.com\/player\/xt5ee.html?video=xa1omiw\" frameborder=\"0\" allowfullscreen=\"allowfullscreen\" data-mce-fragment=\"1\"><\/iframe><\/div>\n<p class=\"c-paragraph\">El funcionario tambi\u00e9n apel\u00f3 a razones personales para explicar la decisi\u00f3n.\u00a0<b>\u201cEstos son trabajos muy sacrificados y la verdad que era mi deseo que mi mujer me acompa\u00f1e\u201d<\/b>, dijo. Y agreg\u00f3: \u201c<b>Yo vengo una semana o cinco d\u00edas a deslomarme<\/b>, como todos los que vienen a Nueva York. Quer\u00eda que mi esposa me acompa\u00f1e porque es mi compa\u00f1era de vida y porque es la que me da una mano ac\u00e1.\u00a0<b>Pero no le sacamos un peso al Estado eh<\/b>\u201d.<\/p>\n<p class=\"c-paragraph\">Adorni intent\u00f3 adem\u00e1s despegar al Estado de cualquier gasto vinculado al viaje. \u201cTe aclaro que los gastos de ella se los paga ella, el vuelo se lo pag\u00f3 ella y la vuelta se la paga ella\u201d, afirm\u00f3 visiblemente enojado. En ese sentido, asegur\u00f3 que tampoco utiliza fondos p\u00fablicos para su actividad personal: \u201cMis vi\u00e1ticos, mi comida y mi movilidad me lo pago yo\u201d.<\/p>\n<div class=\"dailymotion\"><iframe title=\"Dailymotion video\" src=\"https:\/\/geo.dailymotion.com\/player\/xt5ee.html?video=xa1onai\" frameborder=\"0\" allowfullscreen=\"allowfullscreen\" data-mce-fragment=\"1\"><\/iframe><\/div>\n<p class=\"c-paragraph\">El jefe de Gabinete insisti\u00f3 con esa defensa: \u201cComida y movilidad sale todo de mi bolsillo y\u00a0<b>al Estado no le sale un peso<\/b>\u201d.<\/p>\n<p class=\"c-paragraph\">El diputado\u00a0<b>Esteban Paul\u00f3n (Encuentro Federal) present\u00f3 un pedido de acceso a la informaci\u00f3n p\u00fablica para que el Ejecutivo detalle con qu\u00e9 fondos se pag\u00f3 el traslado<\/b>, qu\u00e9 rol cumple en la comitiva y si se evaluaron posibles incompatibilidades o conflictos de inter\u00e9s. Ante esta situaci\u00f3n, Adornio desafi\u00f3:\u00a0<b>\u201cQue la oposici\u00f3n haga lo que quiera\u201d<\/b>.<\/p>\n","protected":false},"excerpt":{"rendered":"<p>El jefe de Gabinete Manuel Adorni qued\u00f3 en el centro de un nuevo esc\u00e1ndalo luego de que se conociera que su esposa, Bettina Angeletti -quien trabaja como coach ontol\u00f3gica y\u00a0no forma parte de la estructura del gobierno-,\u00a0viaj\u00f3 a Nueva York junto a la comitiva presidencial. La pol\u00e9mica situaci\u00f3n se conoci\u00f3 tras la difusi\u00f3n de una [&hellip;]<\/p>\n","protected":false},"author":2,"featured_media":31276,"comment_status":"open","ping_status":"open","sticky":false,"template":"","format":"standard","meta":{"footnotes":""},"categories":[79],"tags":[],"class_list":{"0":"post-31275","1":"post","2":"type-post","3":"status-publish","4":"format-standard","5":"has-post-thumbnail","7":"category-politica"},"_links":{"self":[{"href":"https:\/\/radiobitacora.com.ar\/web\/wp-json\/wp\/v2\/posts\/31275","targetHints":{"allow":["GET"]}}],"collection":[{"href":"https:\/\/radiobitacora.com.ar\/web\/wp-json\/wp\/v2\/posts"}],"about":[{"href":"https:\/\/radiobitacora.com.ar\/web\/wp-json\/wp\/v2\/types\/post"}],"author":[{"embeddable":true,"href":"https:\/\/radiobitacora.com.ar\/web\/wp-json\/wp\/v2\/users\/2"}],"replies":[{"embeddable":true,"href":"https:\/\/radiobitacora.com.ar\/web\/wp-json\/wp\/v2\/comments?post=31275"}],"version-history":[{"count":1,"href":"https:\/\/radiobitacora.com.ar\/web\/wp-json\/wp\/v2\/posts\/31275\/revisions"}],"predecessor-version":[{"id":31277,"href":"https:\/\/radiobitacora.com.ar\/web\/wp-json\/wp\/v2\/posts\/31275\/revisions\/31277"}],"wp:featuredmedia":[{"embeddable":true,"href":"https:\/\/radiobitacora.com.ar\/web\/wp-json\/wp\/v2\/media\/31276"}],"wp:attachment":[{"href":"https:\/\/radiobitacora.com.ar\/web\/wp-json\/wp\/v2\/media?parent=31275"}],"wp:term":[{"taxonomy":"category","embeddable":true,"href":"https:\/\/radiobitacora.com.ar\/web\/wp-json\/wp\/v2\/categories?post=31275"},{"taxonomy":"post_tag","embeddable":true,"href":"https:\/\/radiobitacora.com.ar\/web\/wp-json\/wp\/v2\/tags?post=31275"}],"curies":[{"name":"wp","href":"https:\/\/api.w.org\/{rel}","templated":true}]}}