{"id":31280,"date":"2026-03-11T17:11:07","date_gmt":"2026-03-11T20:11:07","guid":{"rendered":"https:\/\/radiobitacora.com.ar\/web\/?p=31280"},"modified":"2026-03-11T17:11:07","modified_gmt":"2026-03-11T20:11:07","slug":"las-exportaciones-del-nea-crecieron-mas-del-20-y-las-de-corrientes-en-mas-del-30","status":"publish","type":"post","link":"https:\/\/radiobitacora.com.ar\/web\/2026\/03\/11\/las-exportaciones-del-nea-crecieron-mas-del-20-y-las-de-corrientes-en-mas-del-30\/","title":{"rendered":"Las exportaciones del NEA crecieron m\u00e1s del 20% y las de Corrientes en m\u00e1s del 30%"},"content":{"rendered":"<p>La fuerte promoci\u00f3n comercial de la provincia encarada por el gobierno, sumada a obras estrat\u00e9gicas como la activaci\u00f3n y ampliaci\u00f3n del puerto de Capital, as\u00ed como la expectativa por el pronto funcionamiento de la actividad portuaria en Ituzaing\u00f3, respaldan la actividad comercial al exterior desde la provincia, que mostr\u00f3 en 2025 un significativo crecimiento y operatorias por 336 millones de d\u00f3lares en ese per\u00edodo.<\/p>\n<p>Con la matriz exportadora correntina fuertemente ligada al sector agroindustrial, el 53% de lo comercializado corresponden a productos primarios, con la exportaci\u00f3n de arroz a Brasil a la cabeza, posicionando a Corrientes de nuevo al tope del ranking exportador de este cereal, ya que desde la provincia se comercializa el 40% de arroz que la Argentina vende al mundo.<\/p>\n<p>La provincia de Corrientes concentra alrededor del 40 % de la producci\u00f3n nacional de arroz, lo que la posiciona como el principal polo arrocero del pa\u00eds y uno de los principales or\u00edgenes de las exportaciones argentinas de este cereal, con una caracter\u00edstica muy particular: produce el 40% del arroz nacional, pero exporta en proporci\u00f3n m\u00e1s que otras provincias, \u00a0porque gran parte del arroz entrerriano se consume en el mercado interno, mientras que el correntino tiene perfil claramente exportador.<\/p>\n<p>Por otra parte, la madera y sus derivados, c\u00edtricos y yerba mate son los otros productos de exportaci\u00f3n correntina, todos sectores que muestran se\u00f1ales de potencial de crecimiento hacia el futuro.<\/p>\n<p>Con el gobernador Juan Pablo Vald\u00e9s en Nueva York participando de la Argentina Week, y el sostenido inter\u00e9s de la India por los productos forestoindustriales de nuestra provincia, la expectativa por superar estos indicadores positivos se acrecienta.<\/p>\n<div class=\" large m_image\">\n<figure><picture><source srcset=\"https:\/\/www.diarioepoca.com\/content\/bucket\/4\/1478204w790h557c.jpg.webp\" type=\"image\/webp\" media=\"(min-width: 640px)\" \/><source srcset=\"https:\/\/www.diarioepoca.com\/content\/bucket\/4\/1478204w440h310c.jpg.webp\" type=\"image\/webp\" media=\"(min-width: 300px)\" \/><source srcset=\"https:\/\/www.diarioepoca.com\/content\/bucket\/4\/1478204w790h557c.jpg\" media=\"(min-width: 300px)\" \/><img loading=\"lazy\" decoding=\"async\" class=\"pic\" src=\"https:\/\/www.diarioepoca.com\/content\/bucket\/4\/1478204w790h557c.jpg.webp\" alt=\"\" width=\"790\" height=\"557\" \/><\/picture><\/figure>\n<\/div>\n<p>Seg\u00fan los datos del INDEC, la provincia alcanz\u00f3 el a\u00f1o pasado su m\u00e1ximo hist\u00f3rico, con un total de 336 millones de d\u00f3lares generados por las exportaciones, que se incrementaron en un 31,6% respecto del a\u00f1o anterior. Las cifras son adem\u00e1s mayores que las de los \u00faltimos cinco a\u00f1os, que en 2024 hab\u00edan aumentado en un 7%, y en 2023 hab\u00edan ca\u00eddo con fuerza producto de los incendios y la sequ\u00eda.<\/p>\n<p>El informe del INDEC publicado esta semana, detalla en principio un crecimiento en torno al 9,3% de las exportaciones totales del pa\u00eds, en donde el NEA se destaca, ya que aunque lo exportado por estas provincias que incluye a Corrientes, Misiones, Formosa y Chaco representa el 1,3% del total, es la regi\u00f3n con mayor crecimiento (20,9%).<\/p>\n<p>&#8220;En 2025, el origen provincial de las exportaciones (OPEX), que detalla el aporte de cada regi\u00f3n y provincia al total de las ventas al exterior, registr\u00f3 subas en las cinco regiones del pa\u00eds. En efecto, la regi\u00f3n Pampeana aument\u00f3 sus exportaciones 7,1%; la regi\u00f3n Patagonia, 18,8%; la regi\u00f3n Noroeste (NOA), 16,7%; la regi\u00f3n Cuyo, 3,8%; y la regi\u00f3n Noreste (NEA), 20,9%&#8221;, detalla el informe.<\/p>\n<p>En un comparativo por provincias de cada regi\u00f3n, adem\u00e1s se indica que Misiones lider\u00f3 la regi\u00f3n del Nordeste, con exportaciones por 533 millones de d\u00f3lares, seguida por Corrientes con 336 millones de d\u00f3lares (lo que representa casi el 30% de la regi\u00f3n), luego por Chaco con 235 millones de d\u00f3lares y al final Formosa con 29 millones de d\u00f3lares.<\/p>\n<p>Los pa\u00edses de destino m\u00e1s importantes fueron Brasil, con 16,3%; Estados Unidos, con 14,8%; China, con 12,7%; y Siria, con 7,0%.<\/p>\n<p>En la regi\u00f3n, &#8220;el primer lugar de las exportaciones lo ocuparon los PP (productos primarios) por USD 462 millones, el 40,7% del total exportado por la regi\u00f3n, con un aumento de 41,3% con relaci\u00f3n al a\u00f1o anterior. Las MOA (manufacturas de origen agropecuario) sumaron USD 458 millones, 40,5% del total regional, con un aumento de 6,1% interanual. En lo que respecta a las MOI (manufacturas de origen industrial), se valorizaron en USD 213 millones, 18,8% del monto exportado por la regi\u00f3n, con un crecimiento de 19,5% con respecto a 2024&#8221;, analiza el documento.<\/p>\n<p>En el caso particular de Corrientes, los productos primarios representaron el mayor valor exportado con USD 179 millones. Los principales mercados de destino fueron Uni\u00f3n Europea, con USD 78 millones; y Estados Unidos, M\u00e9xico y Canad\u00e1, con USD 74 millones. El principal subrubro exportado fue cereales, con un total de USD 146 millones. Tambi\u00e9n se registr\u00f3 el rubro de productos qu\u00edmicos y conexos tuvo una suba de 33,4%, y represent\u00f3 el 10,2% del total exportado.<\/p>\n","protected":false},"excerpt":{"rendered":"<p>La fuerte promoci\u00f3n comercial de la provincia encarada por el gobierno, sumada a obras estrat\u00e9gicas como la activaci\u00f3n y ampliaci\u00f3n del puerto de Capital, as\u00ed como la expectativa por el pronto funcionamiento de la actividad portuaria en Ituzaing\u00f3, respaldan la actividad comercial al exterior desde la provincia, que mostr\u00f3 en 2025 un significativo crecimiento y [&hellip;]<\/p>\n","protected":false},"author":2,"featured_media":31281,"comment_status":"open","ping_status":"open","sticky":false,"template":"","format":"standard","meta":{"footnotes":""},"categories":[72],"tags":[],"class_list":{"0":"post-31280","1":"post","2":"type-post","3":"status-publish","4":"format-standard","5":"has-post-thumbnail","7":"category-provinciales"},"_links":{"self":[{"href":"https:\/\/radiobitacora.com.ar\/web\/wp-json\/wp\/v2\/posts\/31280","targetHints":{"allow":["GET"]}}],"collection":[{"href":"https:\/\/radiobitacora.com.ar\/web\/wp-json\/wp\/v2\/posts"}],"about":[{"href":"https:\/\/radiobitacora.com.ar\/web\/wp-json\/wp\/v2\/types\/post"}],"author":[{"embeddable":true,"href":"https:\/\/radiobitacora.com.ar\/web\/wp-json\/wp\/v2\/users\/2"}],"replies":[{"embeddable":true,"href":"https:\/\/radiobitacora.com.ar\/web\/wp-json\/wp\/v2\/comments?post=31280"}],"version-history":[{"count":1,"href":"https:\/\/radiobitacora.com.ar\/web\/wp-json\/wp\/v2\/posts\/31280\/revisions"}],"predecessor-version":[{"id":31282,"href":"https:\/\/radiobitacora.com.ar\/web\/wp-json\/wp\/v2\/posts\/31280\/revisions\/31282"}],"wp:featuredmedia":[{"embeddable":true,"href":"https:\/\/radiobitacora.com.ar\/web\/wp-json\/wp\/v2\/media\/31281"}],"wp:attachment":[{"href":"https:\/\/radiobitacora.com.ar\/web\/wp-json\/wp\/v2\/media?parent=31280"}],"wp:term":[{"taxonomy":"category","embeddable":true,"href":"https:\/\/radiobitacora.com.ar\/web\/wp-json\/wp\/v2\/categories?post=31280"},{"taxonomy":"post_tag","embeddable":true,"href":"https:\/\/radiobitacora.com.ar\/web\/wp-json\/wp\/v2\/tags?post=31280"}],"curies":[{"name":"wp","href":"https:\/\/api.w.org\/{rel}","templated":true}]}}