{"id":31283,"date":"2026-03-11T17:14:18","date_gmt":"2026-03-11T20:14:18","guid":{"rendered":"https:\/\/radiobitacora.com.ar\/web\/?p=31283"},"modified":"2026-03-11T17:14:18","modified_gmt":"2026-03-11T20:14:18","slug":"cruce-en-diputados-por-la-conformacion-de-las-comisiones-permanentes","status":"publish","type":"post","link":"https:\/\/radiobitacora.com.ar\/web\/2026\/03\/11\/cruce-en-diputados-por-la-conformacion-de-las-comisiones-permanentes\/","title":{"rendered":"Cruce en Diputados por la conformaci\u00f3n de las comisiones permanentes"},"content":{"rendered":"<p>La conformaci\u00f3n de las comisiones permanentes de la C\u00e1mara de Diputados de Corrientes, en la primera sesi\u00f3n ordinaria del a\u00f1o, gener\u00f3 un cruce entre legisladores y centro el debate de la primera sesi\u00f3n ordinaria, sobre los criterios utilizados para integrar esos espacios de trabajo legislativo.<\/p>\n<p>La discusi\u00f3n se encendi\u00f3 a partir de la intervenci\u00f3n del ex presidente del cuerpo, Pedro Cassani, quien cuestion\u00f3 el esquema aprobado por la mayor\u00eda y advirti\u00f3 que se estar\u00eda dejando de lado el principio de representaci\u00f3n proporcional. &#8220;El reglamento que antes reg\u00eda establec\u00eda la representaci\u00f3n proporcional. Ahora parece que la mayor\u00eda hace lo que quiere, y eso nada tiene que ver con la democracia&#8221;, afirm\u00f3 durante su discurso en el recinto.<\/p>\n<p>El legislador tambi\u00e9n critic\u00f3 que algunos diputados no hayan sido incluidos en determinadas comisiones y consider\u00f3 que esa decisi\u00f3n afecta la calidad institucional. &#8220;Negar integrar comisiones a quienes no son parte del oficialismo no tiene que ver con la salud de la democracia&#8221;, se\u00f1al\u00f3, aunque aclar\u00f3 que su eventual exclusi\u00f3n &#8220;no afecta el esp\u00edritu&#8221; con el que seguir\u00e1 participando del debate parlamentario.<\/p>\n<div class=\"left medium m_image\">\n<figure><picture><source srcset=\"https:\/\/www.diarioepoca.com\/content\/bucket\/8\/1478228w380h253c.jpg.webp\" type=\"image\/webp\" media=\"(min-width: 640px)\" \/><source srcset=\"https:\/\/www.diarioepoca.com\/content\/bucket\/8\/1478228w440h293c.jpg.webp\" type=\"image\/webp\" media=\"(min-width: 300px)\" \/><source srcset=\"https:\/\/www.diarioepoca.com\/content\/bucket\/8\/1478228w380h253c.jpg\" media=\"(min-width: 300px)\" \/><img loading=\"lazy\" decoding=\"async\" class=\"pic\" src=\"https:\/\/www.diarioepoca.com\/content\/bucket\/8\/1478228w380h253c.jpg.webp\" alt=\"\" width=\"380\" height=\"253\" \/><\/picture><\/figure>\n<\/div>\n<p>Las declaraciones generaron una r\u00e1pida respuesta del oficialismo. El presidente del bloque, Norberto Ast, defendi\u00f3 el proceso de negociaci\u00f3n previo a la sesi\u00f3n y asegur\u00f3 que la integraci\u00f3n de las comisiones se trabaj\u00f3 con di\u00e1logo entre las distintas fuerzas pol\u00edticas. &#8220;Logramos el consenso del PJ, del Partido Nuevo, del Partido Liberal, del PRO y de otros bloques que integran la C\u00e1mara&#8221;, sostuvo.<\/p>\n<p>Ast remarc\u00f3 adem\u00e1s que el proyecto fue analizado previamente en la reuni\u00f3n de Labor Parlamentaria y que incluso se dejaron algunos lugares vacantes para completar posteriormente. &#8220;Hay espacio en distintas comisiones. Si alguien no est\u00e1 es porque no quiere y tom\u00f3 la decisi\u00f3n de no participar&#8221;, agreg\u00f3, al tiempo que rechaz\u00f3 las acusaciones de que las decisiones respondan a \u00f3rdenes externas.<\/p>\n<p>Durante el debate tambi\u00e9n intervino el diputado Leconte, de La Libertad Avanza, quien plante\u00f3 una postura m\u00e1s moderada y llam\u00f3 a priorizar el trabajo legislativo por encima de las diferencias pol\u00edticas. &#8220;No importa tanto en qu\u00e9 comisi\u00f3n est\u00e9 cada uno, sino lo que podamos hacer por Corrientes&#8221;, expres\u00f3, al tiempo que pidi\u00f3 &#8220;tender puentes&#8221; entre los bloques para fortalecer el funcionamiento de la C\u00e1mara.<\/p>\n<p>Tras la sesi\u00f3n, el presidente del cuerpo, Eduardo Tassano, busc\u00f3 bajar el tono de la pol\u00e9mica y destac\u00f3 que se logr\u00f3 avanzar en gran parte de la conformaci\u00f3n de las comisiones. &#8220;Quedan algunos puntos por resolver y se facult\u00f3 a la Presidencia para completarlos&#8221;, explic\u00f3.<\/p>\n<p>Tassano se\u00f1al\u00f3 adem\u00e1s que el proceso se realiz\u00f3 con participaci\u00f3n de distintos bloques y record\u00f3 que el oficialismo cuenta con la mayor\u00eda necesaria para garantizar el funcionamiento de las comisiones. &#8220;Se trabaj\u00f3 con varios sectores y hubo un amplio consenso para avanzar&#8221;, afirm\u00f3.<\/p>\n<p>Finalmente, el titular de la C\u00e1mara consider\u00f3 que, pese a las diferencias expresadas en el recinto, el clima de trabajo legislativo es positivo y remarc\u00f3 que el objetivo es mantener una agenda enfocada en las necesidades de la provincia. &#8220;El esp\u00edritu es trabajar por lo mejor para Corrientes&#8221;, concluy\u00f3.<\/p>\n","protected":false},"excerpt":{"rendered":"<p>La conformaci\u00f3n de las comisiones permanentes de la C\u00e1mara de Diputados de Corrientes, en la primera sesi\u00f3n ordinaria del a\u00f1o, gener\u00f3 un cruce entre legisladores y centro el debate de la primera sesi\u00f3n ordinaria, sobre los criterios utilizados para integrar esos espacios de trabajo legislativo. La discusi\u00f3n se encendi\u00f3 a partir de la intervenci\u00f3n del [&hellip;]<\/p>\n","protected":false},"author":2,"featured_media":31284,"comment_status":"open","ping_status":"open","sticky":false,"template":"","format":"standard","meta":{"footnotes":""},"categories":[72],"tags":[],"class_list":{"0":"post-31283","1":"post","2":"type-post","3":"status-publish","4":"format-standard","5":"has-post-thumbnail","7":"category-provinciales"},"_links":{"self":[{"href":"https:\/\/radiobitacora.com.ar\/web\/wp-json\/wp\/v2\/posts\/31283","targetHints":{"allow":["GET"]}}],"collection":[{"href":"https:\/\/radiobitacora.com.ar\/web\/wp-json\/wp\/v2\/posts"}],"about":[{"href":"https:\/\/radiobitacora.com.ar\/web\/wp-json\/wp\/v2\/types\/post"}],"author":[{"embeddable":true,"href":"https:\/\/radiobitacora.com.ar\/web\/wp-json\/wp\/v2\/users\/2"}],"replies":[{"embeddable":true,"href":"https:\/\/radiobitacora.com.ar\/web\/wp-json\/wp\/v2\/comments?post=31283"}],"version-history":[{"count":1,"href":"https:\/\/radiobitacora.com.ar\/web\/wp-json\/wp\/v2\/posts\/31283\/revisions"}],"predecessor-version":[{"id":31285,"href":"https:\/\/radiobitacora.com.ar\/web\/wp-json\/wp\/v2\/posts\/31283\/revisions\/31285"}],"wp:featuredmedia":[{"embeddable":true,"href":"https:\/\/radiobitacora.com.ar\/web\/wp-json\/wp\/v2\/media\/31284"}],"wp:attachment":[{"href":"https:\/\/radiobitacora.com.ar\/web\/wp-json\/wp\/v2\/media?parent=31283"}],"wp:term":[{"taxonomy":"category","embeddable":true,"href":"https:\/\/radiobitacora.com.ar\/web\/wp-json\/wp\/v2\/categories?post=31283"},{"taxonomy":"post_tag","embeddable":true,"href":"https:\/\/radiobitacora.com.ar\/web\/wp-json\/wp\/v2\/tags?post=31283"}],"curies":[{"name":"wp","href":"https:\/\/api.w.org\/{rel}","templated":true}]}}