{"id":31286,"date":"2026-03-11T17:18:21","date_gmt":"2026-03-11T20:18:21","guid":{"rendered":"https:\/\/radiobitacora.com.ar\/web\/?p=31286"},"modified":"2026-03-11T17:18:21","modified_gmt":"2026-03-11T20:18:21","slug":"inicio-en-corrientes-la-campana-de-vacunacion-antigripal","status":"publish","type":"post","link":"https:\/\/radiobitacora.com.ar\/web\/2026\/03\/11\/inicio-en-corrientes-la-campana-de-vacunacion-antigripal\/","title":{"rendered":"Inici\u00f3 en Corrientes la Campa\u00f1a de Vacunaci\u00f3n Antigripal"},"content":{"rendered":"<p>El inicio de la campa\u00f1a, fue en el Club &#8220;Jes\u00fas Nazareno&#8221; junto al Ministerio de Desarrollo Social. En esta oportunidad, fueron adultos mayores de clubes de abuelos. A su vez, tambi\u00e9n a las 10 en la Delegaci\u00f3n Municipal del barrio Dr. Monta\u00f1a, hubo la misma actividad con la Municipalidad de Corrientes donde acompa\u00f1\u00f3 Rafael Corona, Secretario de Salud de la ciudad.<\/p>\n<p>&#8220;Est\u00e1n dando el ejemplo a toda la provincia&#8221;, les dijo el ministro Lanari Zubiaur a los adultos mayores que fueron a vacunarse y agreg\u00f3 que &#8220;promuevan la vacunaci\u00f3n, las vacunas nos cuidan y protegen&#8221;.<\/p>\n<p>Adem\u00e1s, comunic\u00f3 que se recibi\u00f3 m\u00e1s de 50 mil vacunas y sostuvo que comenz\u00f3 la Campa\u00f1a en la poblaci\u00f3n m\u00e1s vulnerable. Ante la consulta de la prensa, expres\u00f3 estar de acuerdo con que se haya adelantado la aplicaci\u00f3n de la Antigripal y que Corrientes tuvo 3 casos de H3N2, pacientes que evolucionaron bien.<\/p>\n<p>En cuanto a recomendaciones, pidi\u00f3 que se acerquen a los vacunatorios y remarc\u00f3 la importancia de que los tutores controlen el Calendario Obligatorio Nacional.<br \/>\nA su vez, desde el Ministerio de Desarrollo Social, agradecieron esta actividad y la tarea que llev\u00f3 adelante la Direcci\u00f3n de Inmunizaciones a cargo de Marina Cantero. Tambi\u00e9n, remarcaron que la vacunaci\u00f3n es una medida preventiva.<\/p>\n<div class=\"left medium m_image\">\n<figure><picture><source srcset=\"https:\/\/www.diarioepoca.com\/content\/bucket\/1\/1478201w380h254c.jpg.webp\" type=\"image\/webp\" media=\"(min-width: 640px)\" \/><source srcset=\"https:\/\/www.diarioepoca.com\/content\/bucket\/1\/1478201w440h294c.jpg.webp\" type=\"image\/webp\" media=\"(min-width: 300px)\" \/><source srcset=\"https:\/\/www.diarioepoca.com\/content\/bucket\/1\/1478201w380h254c.jpg\" media=\"(min-width: 300px)\" \/><img loading=\"lazy\" decoding=\"async\" class=\"pic\" src=\"https:\/\/www.diarioepoca.com\/content\/bucket\/1\/1478201w380h254c.jpg.webp\" alt=\"\" width=\"380\" height=\"254\" \/><\/picture><\/figure>\n<\/div>\n<p>La Antigripal, ofrece protecci\u00f3n especialmente para reducir cuadros graves, internaciones y complicaciones. Por eso, se sostiene que vacunarse es la herramienta m\u00e1s importante para mitigar el impacto de la gripe y proteger a los grupos vulnerables.<\/p>\n<p>Las dosis ya est\u00e1n disponibles en todos los vacunatorios de la provincia para la poblaci\u00f3n objetivo: ni\u00f1os entre 6 y 24 meses (dos dosis con un intervalo de 4 semanas), personal de salud, personas mayores de 65 a\u00f1os, embarazadas y pu\u00e9rperas (hasta 10 d\u00edas posteriores al egreso de la maternidad si no fueron vacunadas durante el embarazo) y personas de 2 a 64 a\u00f1os con factores de riesgo (deber\u00e1n presentar indicaci\u00f3n m\u00e9dica).<\/p>\n<p>Cabe indicar que la Antigripal, puede aplicarse de manera simult\u00e1nea con otras vacunas del Calendario Nacional. En los actos del inicio de la Campa\u00f1a, acompa\u00f1aron subsecretarios y directivos del Ministerio de Salud P\u00fablica.<\/p>\n<p><em><strong>Escuelas<\/strong>\u00a0<\/em><br \/>\nPor otra parte, la presentaci\u00f3n de la Campa\u00f1a de Vacunaci\u00f3n Escolar 2026 ser\u00e1 el viernes 13 de marzo a las 10 en la Escuela N\u00b0 275 &#8220;Supervisor Isidro Moreira&#8221; del barrio Laguna Seca. Colocar\u00e1n las dosis del Calendario Nacional de Vacunaci\u00f3n, con autorizaci\u00f3n previa de los tutores.<br \/>\nLa vacunaci\u00f3n es un derecho fundamental, especialmente para los ni\u00f1os y ni\u00f1as. La prevenci\u00f3n constituye uno de los pilares de la salud p\u00fablica, por ello desde el Gobierno de la Provincia de Corrientes, se garantizan las condiciones para que sean aplicadas en cada etapa de la vida.<\/p>\n","protected":false},"excerpt":{"rendered":"<p>El inicio de la campa\u00f1a, fue en el Club &#8220;Jes\u00fas Nazareno&#8221; junto al Ministerio de Desarrollo Social. En esta oportunidad, fueron adultos mayores de clubes de abuelos. A su vez, tambi\u00e9n a las 10 en la Delegaci\u00f3n Municipal del barrio Dr. Monta\u00f1a, hubo la misma actividad con la Municipalidad de Corrientes donde acompa\u00f1\u00f3 Rafael Corona, [&hellip;]<\/p>\n","protected":false},"author":2,"featured_media":31287,"comment_status":"open","ping_status":"open","sticky":false,"template":"","format":"standard","meta":{"footnotes":""},"categories":[69],"tags":[],"class_list":{"0":"post-31286","1":"post","2":"type-post","3":"status-publish","4":"format-standard","5":"has-post-thumbnail","7":"category-salud"},"_links":{"self":[{"href":"https:\/\/radiobitacora.com.ar\/web\/wp-json\/wp\/v2\/posts\/31286","targetHints":{"allow":["GET"]}}],"collection":[{"href":"https:\/\/radiobitacora.com.ar\/web\/wp-json\/wp\/v2\/posts"}],"about":[{"href":"https:\/\/radiobitacora.com.ar\/web\/wp-json\/wp\/v2\/types\/post"}],"author":[{"embeddable":true,"href":"https:\/\/radiobitacora.com.ar\/web\/wp-json\/wp\/v2\/users\/2"}],"replies":[{"embeddable":true,"href":"https:\/\/radiobitacora.com.ar\/web\/wp-json\/wp\/v2\/comments?post=31286"}],"version-history":[{"count":1,"href":"https:\/\/radiobitacora.com.ar\/web\/wp-json\/wp\/v2\/posts\/31286\/revisions"}],"predecessor-version":[{"id":31288,"href":"https:\/\/radiobitacora.com.ar\/web\/wp-json\/wp\/v2\/posts\/31286\/revisions\/31288"}],"wp:featuredmedia":[{"embeddable":true,"href":"https:\/\/radiobitacora.com.ar\/web\/wp-json\/wp\/v2\/media\/31287"}],"wp:attachment":[{"href":"https:\/\/radiobitacora.com.ar\/web\/wp-json\/wp\/v2\/media?parent=31286"}],"wp:term":[{"taxonomy":"category","embeddable":true,"href":"https:\/\/radiobitacora.com.ar\/web\/wp-json\/wp\/v2\/categories?post=31286"},{"taxonomy":"post_tag","embeddable":true,"href":"https:\/\/radiobitacora.com.ar\/web\/wp-json\/wp\/v2\/tags?post=31286"}],"curies":[{"name":"wp","href":"https:\/\/api.w.org\/{rel}","templated":true}]}}