{"id":31289,"date":"2026-03-11T17:20:14","date_gmt":"2026-03-11T20:20:14","guid":{"rendered":"https:\/\/radiobitacora.com.ar\/web\/?p=31289"},"modified":"2026-03-11T17:20:14","modified_gmt":"2026-03-11T20:20:14","slug":"alerta-amarilla-en-corrientes-y-otras-ocho-provincias","status":"publish","type":"post","link":"https:\/\/radiobitacora.com.ar\/web\/2026\/03\/11\/alerta-amarilla-en-corrientes-y-otras-ocho-provincias\/","title":{"rendered":"Alerta amarilla en Corrientes y otras ocho provincias."},"content":{"rendered":"<p>El Servicio Meteorol\u00f3gico Nacional (SMN) emiti\u00f3 una alerta amarilla por tormentas en algunas zonas de Salta, Formosa, Chaco, Santiago del Estero, Corrientes, Mendoza, La Pampa, R\u00edo Negro y Chubut para este mi\u00e9rcoles 11 de marzo de 2026.<\/p>\n<p>El \u00e1rea ser\u00e1 afectada por tormentas de variada intensidad, algunas localmente fuertes. Las mismas estar\u00e1n acompa\u00f1adas principalmente por lluvias abundantes en cortos per\u00edodos, actividad el\u00e9ctrica frecuente, ocasional ca\u00edda de granizo y r\u00e1fagas que pueden superar los 70 km\/h.<\/p>\n<p>En las provincias del norte del pa\u00eds, se esperan precipitaciones acumuladas de entre 30 y 70 mm, mientras que en las regiones del centro y sur los valores ser\u00edan menores, con registros estimados entre 10 y 30 mm.<\/p>\n<p><strong>\u00bfCu\u00e1ndo rige la alerta en cada provincia?<\/strong><\/p>\n<p>Por la tarde: Salta, Formosa, Chaco, Santiago del Estero, R\u00edo Negro.<\/p>\n<p>Por la noche: Salta, Formosa, Chaco, Mendoza, La Pampa, R\u00edo Negro, Chubut.<\/p>\n<p><strong>Recomendaciones del SMN:<\/strong><\/p>\n<p>Evit\u00e1 salir.<\/p>\n<p>No saques la basura y limpi\u00e1 desag\u00fces y sumideros.<\/p>\n<p>Desconect\u00e1 los electrodom\u00e9sticos y cort\u00e1 el suministro el\u00e9ctrico si ingresa agua.<\/p>\n<p>Cerr\u00e1 y alejate de puertas y ventanas.<\/p>\n<p>Retir\u00e1 o asegur\u00e1 objetos que puedan ser arrastrados por el viento.<\/p>\n<p>Si est\u00e1s al aire libre, busc\u00e1 refugio inmediato en un edificio, casa o veh\u00edculo cerrado.<\/p>\n","protected":false},"excerpt":{"rendered":"<p>El Servicio Meteorol\u00f3gico Nacional (SMN) emiti\u00f3 una alerta amarilla por tormentas en algunas zonas de Salta, Formosa, Chaco, Santiago del Estero, Corrientes, Mendoza, La Pampa, R\u00edo Negro y Chubut para este mi\u00e9rcoles 11 de marzo de 2026. El \u00e1rea ser\u00e1 afectada por tormentas de variada intensidad, algunas localmente fuertes. Las mismas estar\u00e1n acompa\u00f1adas principalmente por [&hellip;]<\/p>\n","protected":false},"author":2,"featured_media":31290,"comment_status":"open","ping_status":"open","sticky":false,"template":"","format":"standard","meta":{"footnotes":""},"categories":[89],"tags":[],"class_list":{"0":"post-31289","1":"post","2":"type-post","3":"status-publish","4":"format-standard","5":"has-post-thumbnail","7":"category-pronostico"},"_links":{"self":[{"href":"https:\/\/radiobitacora.com.ar\/web\/wp-json\/wp\/v2\/posts\/31289","targetHints":{"allow":["GET"]}}],"collection":[{"href":"https:\/\/radiobitacora.com.ar\/web\/wp-json\/wp\/v2\/posts"}],"about":[{"href":"https:\/\/radiobitacora.com.ar\/web\/wp-json\/wp\/v2\/types\/post"}],"author":[{"embeddable":true,"href":"https:\/\/radiobitacora.com.ar\/web\/wp-json\/wp\/v2\/users\/2"}],"replies":[{"embeddable":true,"href":"https:\/\/radiobitacora.com.ar\/web\/wp-json\/wp\/v2\/comments?post=31289"}],"version-history":[{"count":1,"href":"https:\/\/radiobitacora.com.ar\/web\/wp-json\/wp\/v2\/posts\/31289\/revisions"}],"predecessor-version":[{"id":31291,"href":"https:\/\/radiobitacora.com.ar\/web\/wp-json\/wp\/v2\/posts\/31289\/revisions\/31291"}],"wp:featuredmedia":[{"embeddable":true,"href":"https:\/\/radiobitacora.com.ar\/web\/wp-json\/wp\/v2\/media\/31290"}],"wp:attachment":[{"href":"https:\/\/radiobitacora.com.ar\/web\/wp-json\/wp\/v2\/media?parent=31289"}],"wp:term":[{"taxonomy":"category","embeddable":true,"href":"https:\/\/radiobitacora.com.ar\/web\/wp-json\/wp\/v2\/categories?post=31289"},{"taxonomy":"post_tag","embeddable":true,"href":"https:\/\/radiobitacora.com.ar\/web\/wp-json\/wp\/v2\/tags?post=31289"}],"curies":[{"name":"wp","href":"https:\/\/api.w.org\/{rel}","templated":true}]}}