{"id":31292,"date":"2026-03-11T17:22:23","date_gmt":"2026-03-11T20:22:23","guid":{"rendered":"https:\/\/radiobitacora.com.ar\/web\/?p=31292"},"modified":"2026-03-11T17:22:23","modified_gmt":"2026-03-11T20:22:23","slug":"villarruel-visito-expoagro-y-dijo-que-no-es-momento-de-discusiones","status":"publish","type":"post","link":"https:\/\/radiobitacora.com.ar\/web\/2026\/03\/11\/villarruel-visito-expoagro-y-dijo-que-no-es-momento-de-discusiones\/","title":{"rendered":"Villarruel visit\u00f3 Expoagro y dijo que &#8220;no es momento de discusiones&#8221;"},"content":{"rendered":"<p>La vicepresidente Victoria Villarruel visit\u00f3 este mi\u00e9rcoles Expoagro en medio de su distanciamiento de Javier Milei, a quien reemplaza moment\u00e1neamente al frente del Poder Ejecutivo por el viaje del mandatario a Chile para asistir a la asunci\u00f3n presidencial de Jos\u00e9 Kast.<\/p>\n<p>&#8220;No creo que hoy tenga que hablar de esto. Este tipo de temas, esta novela, no importa&#8221;, afirm\u00f3 cuando ingresaba al predio ferial y fue consultada por la prensa por su v\u00ednculo con Milei.<\/p>\n<p>Reunida con las autoridades de Exponenciar (empresa del Grupo Clar\u00edn y del Grupo La Naci\u00f3n que organiza la muestra), Villarruel reiter\u00f3 su intenci\u00f3n de evitar las pol\u00e9micas. &#8220;No es momento de discusiones entre pol\u00edticos ni por cargos. Me declaro prescindente, no participo de ese tipo de cuestiones. Hoy vine a reconocer a los productores, a ver su trabajo en los diferentes stands&#8221;.<\/p>\n<p>La vicepresidente asegur\u00f3 que recientemente vio de cerca la realidad de las econom\u00edas regionales en su visita a la Fiesta Nacional de la Vendimia en Mendoza y asever\u00f3: &#8220;Es dif\u00edcil producir y exportar cuando hay tanta cantidad de impuestos, pero son cuestiones que en una macroeconom\u00eda m\u00e1s ordenada se supone que se van a ir resolviendo&#8221;.<\/p>\n<p>Sobre su visita a la megamuestra, la dirigente asever\u00f3: &#8220;El campo es fundamental para el futuro de la Argentina. Por eso, mi idea es apoyarlo y recorrer todo lo m\u00e1ximo que se pueda, adem\u00e1s de dar un mensaje federal, porque ac\u00e1 hay productores y representantes de todo el pa\u00eds. Es muy importante mostrar que Argentina no es solo Buenos Aires, ya sea la ciudad o la provincia&#8221;.<\/p>\n<p>Consultada por la prensa sobre si la guerra en Medio Oriente pod\u00eda representar una oportunidad para las exportaciones agroindustriales, Villarruel afirm\u00f3: &#8220;El campo argentino es el granero del mundo, as\u00ed que esperemos que as\u00ed sea&#8221;.<\/p>\n<p>Por otro lado, en una charla que mantuvo con los organizadores de Expoagro, se refiri\u00f3 tambi\u00e9n a la necesidad de mejorar cuestiones log\u00edsticas y buscar otras v\u00edas de traslado de la producci\u00f3n por fuera de la automotor, adem\u00e1s de la necesidad de mejorar el estado de las rutas.<\/p>\n","protected":false},"excerpt":{"rendered":"<p>La vicepresidente Victoria Villarruel visit\u00f3 este mi\u00e9rcoles Expoagro en medio de su distanciamiento de Javier Milei, a quien reemplaza moment\u00e1neamente al frente del Poder Ejecutivo por el viaje del mandatario a Chile para asistir a la asunci\u00f3n presidencial de Jos\u00e9 Kast. &#8220;No creo que hoy tenga que hablar de esto. Este tipo de temas, esta [&hellip;]<\/p>\n","protected":false},"author":2,"featured_media":31293,"comment_status":"open","ping_status":"open","sticky":false,"template":"","format":"standard","meta":{"footnotes":""},"categories":[79],"tags":[],"class_list":{"0":"post-31292","1":"post","2":"type-post","3":"status-publish","4":"format-standard","5":"has-post-thumbnail","7":"category-politica"},"_links":{"self":[{"href":"https:\/\/radiobitacora.com.ar\/web\/wp-json\/wp\/v2\/posts\/31292","targetHints":{"allow":["GET"]}}],"collection":[{"href":"https:\/\/radiobitacora.com.ar\/web\/wp-json\/wp\/v2\/posts"}],"about":[{"href":"https:\/\/radiobitacora.com.ar\/web\/wp-json\/wp\/v2\/types\/post"}],"author":[{"embeddable":true,"href":"https:\/\/radiobitacora.com.ar\/web\/wp-json\/wp\/v2\/users\/2"}],"replies":[{"embeddable":true,"href":"https:\/\/radiobitacora.com.ar\/web\/wp-json\/wp\/v2\/comments?post=31292"}],"version-history":[{"count":1,"href":"https:\/\/radiobitacora.com.ar\/web\/wp-json\/wp\/v2\/posts\/31292\/revisions"}],"predecessor-version":[{"id":31294,"href":"https:\/\/radiobitacora.com.ar\/web\/wp-json\/wp\/v2\/posts\/31292\/revisions\/31294"}],"wp:featuredmedia":[{"embeddable":true,"href":"https:\/\/radiobitacora.com.ar\/web\/wp-json\/wp\/v2\/media\/31293"}],"wp:attachment":[{"href":"https:\/\/radiobitacora.com.ar\/web\/wp-json\/wp\/v2\/media?parent=31292"}],"wp:term":[{"taxonomy":"category","embeddable":true,"href":"https:\/\/radiobitacora.com.ar\/web\/wp-json\/wp\/v2\/categories?post=31292"},{"taxonomy":"post_tag","embeddable":true,"href":"https:\/\/radiobitacora.com.ar\/web\/wp-json\/wp\/v2\/tags?post=31292"}],"curies":[{"name":"wp","href":"https:\/\/api.w.org\/{rel}","templated":true}]}}