{"id":31295,"date":"2026-03-11T17:46:03","date_gmt":"2026-03-11T20:46:03","guid":{"rendered":"https:\/\/radiobitacora.com.ar\/web\/?p=31295"},"modified":"2026-03-11T17:46:03","modified_gmt":"2026-03-11T20:46:03","slug":"los-senadores-cobraran-mas-de-11-millones-luego-de-un-nuevo-acuerdo-salarial","status":"publish","type":"post","link":"https:\/\/radiobitacora.com.ar\/web\/2026\/03\/11\/los-senadores-cobraran-mas-de-11-millones-luego-de-un-nuevo-acuerdo-salarial\/","title":{"rendered":"Los senadores cobrar\u00e1n m\u00e1s de $11 millones luego de un nuevo acuerdo salarial"},"content":{"rendered":"<div class=\"item is-12\">\n<div class=\"articulo__media\">\n<div class=\"social-bar\"><\/div>\n<\/div>\n<\/div>\n<div class=\"item is-body\">\n<article class=\"articulo\" data-id=\"69b1b63b23dd2700149692ed\">\n<div class=\"articulo__container\">\n<div class=\"articulo__body\">\n<div class=\"articulo__cuerpo\">\n<p>Los presidentes de la\u00a0<b>C\u00e1mara de Senadores<\/b>\u00a0y de\u00a0<b>Diputados\u00a0<\/b>habilitaron una suba entre diciembre del a\u00f1o pasado y mayo de este a\u00f1o de\u00a0<b>casi 10 %\u00a0<\/b>para los\u00a0<b>trabajadores<\/b>\u00a0del\u00a0<b>Congreso de la Nacion.<\/b><\/p>\n<p>La cifra se reparte de la siguiente manera: 2% retroactivo a diciembre del a\u00f1o pasado; m\u00e1s un acumulativo de 2,2% a partir del 1 de enero; otro 2% en febrero; un 1,7% en marzo y un 1,5 % a partir de abril, lo que da un total de un incremento de 9,4% del valor de los m\u00f3dulos que conforman el salario de los empleados del Congreso de la Naci\u00f3n.<\/p>\n<p>El acuerdo que lleva la firma de Agust\u00edn Giustiniani y Alejandro Fitzgerald, secretario parlamentario y administrativo del Senado, y Laura Oriolo y Adri\u00e1n Pag\u00e1n, secretaria administrativa y parlamentario de Diputados; se cerr\u00f3 con Norberto Di Pr\u00f3spero, secretario general de la Asociaci\u00f3n de Personal Legislativo. Sin embargo, este incremento tendr\u00e1\u00a0<b>impacto<\/b>\u00a0en la\u00a0<b>dieta de los legisladores de la C\u00e1mara Alta<\/b><\/p>\n<p>Documento oficial con firmas de la Comisi\u00f3n Negociadora del Valor de M\u00f3dulo, detallando ajustes salariales para el personal del Congreso de la Naci\u00f3n con fecha 11 de marzo de 2026.<\/p>\n<p>Desde\u00a0<b>noviembre<\/b>\u00a0del a\u00f1o pasado, los\u00a0<b>senadores<\/b>\u00a0cobran alrededor de\u00a0<b>$10,2 millones en bruto<\/b>. Este salario est\u00e1 compuesto por 2.500 m\u00f3dulos -con los que cobran los agentes del Congreso, y por eso la atadura vigente-, m\u00e1s un adicional de 1.000 por gastos de representaci\u00f3n y 500 extra, por desarraigo. Es decir, un total de 4.000 m\u00f3dulos cuyo valor se incrementar\u00e1 casi 10% hasta mayo.<\/p>\n<div class=\"container-spot\" data-tipo=\"tipo_todo\" data-pos=\"NEW_P3_cuerpo\">\n<div id=\"pppSlot10\" class=\" lazyloaded\" data-gpt=\"\/22675780113\/nota\/new_p3_cuerpo\" data-size=\"[[728, 90]]\" data-gpt-mobile=\"\/22675780113\/nota\/new_p3_cuerpo\" data-size-mobile=\"[[320, 100],[320, 50],[300, 250],[300, 100],[300, 50]]\" data-expand=\"300\" data-google-query-id=\"CNuB0OramJMDFSdXuAQdV8Qw_w\">\n<div id=\"google_ads_iframe_\/22675780113\/nota\/new_p3_cuerpo_0__container__\"><\/div>\n<\/div>\n<\/div>\n<p>S\u00f3lo hay cuatro senadores que no reciben el desarraigo: Patricia Bullrich, Agust\u00edn Monteverde -ambos de LLA- y Mariano Recalde; todos senadores de la Ciudad de Buenos Aires. Tampoco lo cobra\u00a0<b>Alicia Kirchner<\/b>, que prefiri\u00f3 mantener su jubilaci\u00f3n como exgobernadora.<\/p>\n<p>En el caso de la\u00a0<b>C\u00e1mara de Diputados<\/b>, el sistema no es el mismo, ya que las dietas no est\u00e1n atadas a la paritaria. \u201cLa definici\u00f3n de los\u00a0<b>sueldos<\/b>\u00a0de los diputados es\u00a0<b>arbitraria<\/b>\u00a0y depende de\u00a0<b>Mart\u00edn Menem<\/b>. Hasta ahora estuvo dando aumentos paulatinos pero la\u00a0<b>diferencia entre las c\u00e1maras es muy grande<\/b>\u201c, explic\u00f3 un diputado nacional. En el caso de los legisladores de la\u00a0<b>C\u00e1mara Baja<\/b>, la dieta es casi la mitad que sus pares de la C\u00e1mara Alta, ya que cobran\u00a0<b>$6 millones brutos -$4,5 millones netos-\u00a0<\/b>m\u00e1s un plus de $600.000 por gastos de representaci\u00f3n.\u00a0<b>\u201cDesde hace tiempo que se reclama por la diferencia entre las C\u00e1maras\u201d<\/b>, explic\u00f3 el mismo legislador.<\/p>\n<p>El \u00faltimo acuerdo paritario en el\u00a0<b>Congreso de la Naci\u00f3n<\/b>\u00a0se cerr\u00f3 en noviembre del a\u00f1o, lo que llev\u00f3 la dieta de los senadores a poco m\u00e1s de 10 millones de pesos brutos. Previamente, durante el segundo semestre de 2024, tras otra paritaria, los senadores volvieron al recinto y congelaron sus haberes hasta el 31 de diciembre de 2024.<\/p>\n<p>En junio pasado, tras un nuevo consenso paritario, se firm\u00f3 una resoluci\u00f3n para atenuar la pol\u00e9mica por las dietas de los legisladores y qued\u00f3 establecido que cada aumento que consigan los trabajadores del Palacio Legislativo impacta en la dieta de los senadores.<\/p>\n<\/div>\n<\/div>\n<\/div>\n<\/article>\n<\/div>\n","protected":false},"excerpt":{"rendered":"<p>Los presidentes de la\u00a0C\u00e1mara de Senadores\u00a0y de\u00a0Diputados\u00a0habilitaron una suba entre diciembre del a\u00f1o pasado y mayo de este a\u00f1o de\u00a0casi 10 %\u00a0para los\u00a0trabajadores\u00a0del\u00a0Congreso de la Nacion. La cifra se reparte de la siguiente manera: 2% retroactivo a diciembre del a\u00f1o pasado; m\u00e1s un acumulativo de 2,2% a partir del 1 de enero; otro 2% en [&hellip;]<\/p>\n","protected":false},"author":2,"featured_media":31296,"comment_status":"open","ping_status":"open","sticky":false,"template":"","format":"standard","meta":{"footnotes":""},"categories":[79],"tags":[],"class_list":{"0":"post-31295","1":"post","2":"type-post","3":"status-publish","4":"format-standard","5":"has-post-thumbnail","7":"category-politica"},"_links":{"self":[{"href":"https:\/\/radiobitacora.com.ar\/web\/wp-json\/wp\/v2\/posts\/31295","targetHints":{"allow":["GET"]}}],"collection":[{"href":"https:\/\/radiobitacora.com.ar\/web\/wp-json\/wp\/v2\/posts"}],"about":[{"href":"https:\/\/radiobitacora.com.ar\/web\/wp-json\/wp\/v2\/types\/post"}],"author":[{"embeddable":true,"href":"https:\/\/radiobitacora.com.ar\/web\/wp-json\/wp\/v2\/users\/2"}],"replies":[{"embeddable":true,"href":"https:\/\/radiobitacora.com.ar\/web\/wp-json\/wp\/v2\/comments?post=31295"}],"version-history":[{"count":1,"href":"https:\/\/radiobitacora.com.ar\/web\/wp-json\/wp\/v2\/posts\/31295\/revisions"}],"predecessor-version":[{"id":31297,"href":"https:\/\/radiobitacora.com.ar\/web\/wp-json\/wp\/v2\/posts\/31295\/revisions\/31297"}],"wp:featuredmedia":[{"embeddable":true,"href":"https:\/\/radiobitacora.com.ar\/web\/wp-json\/wp\/v2\/media\/31296"}],"wp:attachment":[{"href":"https:\/\/radiobitacora.com.ar\/web\/wp-json\/wp\/v2\/media?parent=31295"}],"wp:term":[{"taxonomy":"category","embeddable":true,"href":"https:\/\/radiobitacora.com.ar\/web\/wp-json\/wp\/v2\/categories?post=31295"},{"taxonomy":"post_tag","embeddable":true,"href":"https:\/\/radiobitacora.com.ar\/web\/wp-json\/wp\/v2\/tags?post=31295"}],"curies":[{"name":"wp","href":"https:\/\/api.w.org\/{rel}","templated":true}]}}