{"id":31301,"date":"2026-03-11T18:39:56","date_gmt":"2026-03-11T21:39:56","guid":{"rendered":"https:\/\/radiobitacora.com.ar\/web\/?p=31301"},"modified":"2026-03-11T18:40:07","modified_gmt":"2026-03-11T21:40:07","slug":"travesia-que-une-las-provincias-del-litoral-busca-despertar-conciencia-en-defensa-de-nuestros-recursos-naturales","status":"publish","type":"post","link":"https:\/\/radiobitacora.com.ar\/web\/2026\/03\/11\/travesia-que-une-las-provincias-del-litoral-busca-despertar-conciencia-en-defensa-de-nuestros-recursos-naturales\/","title":{"rendered":"TRAVES\u00cdA QUE UNE LAS PROVINCIAS DEL LITORAL, BUSCA DESPERTAR CONCIENCIA EN DEFENSA DE NUESTROS RECURSOS NATURALES"},"content":{"rendered":"<p style=\"font-weight: 400;\">Goya la recibi\u00f3 con una flotada:<\/p>\n<p style=\"font-weight: 400;\">\u201cRemar Contracorriente por el Agua, la Vida y la Soberan\u00eda\u201d es un raid n\u00e1utico de caracter\u00edsticas socio ambiental que avanza por los r\u00edos Paran\u00e1, Paraguay y Uruguay, alzando la voz y denunciando en el marco de una campa\u00f1a para visibilizar la importancia de los r\u00edos y los peligros que enfrentan debido al avance del extractivismo y la privatizaci\u00f3n de las aguas en Am\u00e9rica Latina y el Caribe. Este martes 10 sus integrantes pasaron por Goya y dejaron su mensaje.<\/p>\n<p style=\"font-weight: 400;\">La Campa\u00f1a \u201cRemar Contracorriente por el Agua y la Vida\u201d est\u00e1 organizada por agrupaciones socio-ambientalistas, colectivos e instituciones argentinas y latinoamericanas, junto la Red Eclesial Justicia y Paz en la Patria Grande.<\/p>\n<p style=\"font-weight: 400;\">Una de sus promotoras es Martha Arriola, quien este mi\u00e9rcoles explic\u00f3 ante micr\u00f3fonos de la 88.3 RADIO CIUDAD el avance de esta traves\u00eda y motivos de su presencia en nuestra ciudad.<\/p>\n<p style=\"font-weight: 400;\">La iniciativa \u201cRemar contra corriente, por el agua y la vida\u201d se trata de un concepto para luchar con el extractivismo y la pol\u00edtica de mercado que viene a llevarse los recursos naturales \u201cgolpeando a las comunidades m\u00e1s humildes, se llevan nuestros bienes naturales o los destroza, dej\u00e1ndolo inutilizables. Entonces nosotros tenemos el imperativo \u00e9tico de actuar, de no esperar, de estar vigilantes, atentos, de concientizarnos de cu\u00e1l es el problema\u201d declar\u00f3.<\/p>\n<p style=\"font-weight: 400;\">Estas acciones son replicadas por otros estados de Am\u00e9rica Latina y El Caribe con remadas, flotadas y actos en todo el continente.<\/p>\n<p style=\"font-weight: 400;\">EN EL R\u00cdO PARAN\u00c1<\/p>\n<p style=\"font-weight: 400;\">El mensaje y objetivo que acercan en cada destino, donde son muy bien recibidos, es buscar despertar la conciencia de los pueblos del Litoral en defensa de su r\u00edo: impedir el dragado del R\u00edo Paran\u00e1, por ejemplo. Este enfrenta amenazas que lo ponen en riesgo tanto en la soberan\u00eda nacional como en la subsistencia de las comunidades que dependen de \u00e9l. En su tramo Hidrovia Paran\u00e1-Paraguay, el Paran\u00e1 ha sido transformado en una autopista al servicio de las grandes corporaciones.<\/p>\n<p style=\"font-weight: 400;\">\u201cEl a\u00f1o pasado estuvimos en emergencia h\u00eddrica porque al mover el sedimento se tapan las bocas de acceso del agua a las localidades. Si se draga a la profundidad que est\u00e1 pidiendo la licitaci\u00f3n se van a secar los humedales m\u00e1s importantes que tenemos en todo el continente, estamos hablando de cr\u00edmenes ambientales\u201d argument\u00f3 Arriola.<\/p>\n<p style=\"font-weight: 400;\">Cabe se\u00f1alar que estas acciones tienen el apoyo, acompa\u00f1amiento de organizaciones y asociaciones ambientalistas, eclesiales, comisiones de investigaci\u00f3n que articulan l\u00edneas de acci\u00f3n, denuncias y recursos de amparo.<\/p>\n<p style=\"font-weight: 400;\">\u201cEstamos luchando para defender el r\u00edo, para defender nuestros recursos, defendernos nosotros\u201d.<\/p>\n<p style=\"font-weight: 400;\">EN GOYA<\/p>\n<p style=\"font-weight: 400;\">Este martes en horas de la tarde se concret\u00f3 una bajada de kayak en playa El Ing\u00e1 con gente que acompa\u00f1\u00f3 el momento y la loable iniciativa. En esta oportunidad estuvieron presentes gente de la Di\u00f3cesis local, palistas y referentes de asociaciones ambientalistas de nuestra ciudad.<\/p>\n<p style=\"font-weight: 400;\">Arriola reiter\u00f3 que estas bajadas de embarcaciones se enmarcan en l\u00edneas de acci\u00f3n que se vienen dando r\u00edo abajo desde la provincia del Chaco. El periplo est\u00e1 previsto que culmine el 22 de marzo pr\u00f3ximo, D\u00eda Mundial del Agua, en Rosario, Santa Fe.<\/p>\n<p style=\"font-weight: 400;\">No obstante, aclar\u00f3 que esto seguir\u00e1 todo este a\u00f1o y el a\u00f1o que viene en toda Am\u00e9rica Latina y el Caribe. Este a\u00f1o van a estar participando Per\u00fa, Bolivia, Chile, Costa Rica, Panam\u00e1, Brasil, Ecuador, M\u00e9xico \u201cas\u00ed que es bueno saber que no remamos solos\u201d cerr\u00f3.<\/p>\n<p style=\"font-weight: 400;\">\n","protected":false},"excerpt":{"rendered":"<p>Goya la recibi\u00f3 con una flotada: \u201cRemar Contracorriente por el Agua, la Vida y la Soberan\u00eda\u201d es un raid n\u00e1utico de caracter\u00edsticas socio ambiental que avanza por los r\u00edos Paran\u00e1, Paraguay y Uruguay, alzando la voz y denunciando en el marco de una campa\u00f1a para visibilizar la importancia de los r\u00edos y los peligros que [&hellip;]<\/p>\n","protected":false},"author":2,"featured_media":31302,"comment_status":"open","ping_status":"open","sticky":false,"template":"","format":"standard","meta":{"footnotes":""},"categories":[56],"tags":[],"class_list":{"0":"post-31301","1":"post","2":"type-post","3":"status-publish","4":"format-standard","5":"has-post-thumbnail","7":"category-locales"},"_links":{"self":[{"href":"https:\/\/radiobitacora.com.ar\/web\/wp-json\/wp\/v2\/posts\/31301","targetHints":{"allow":["GET"]}}],"collection":[{"href":"https:\/\/radiobitacora.com.ar\/web\/wp-json\/wp\/v2\/posts"}],"about":[{"href":"https:\/\/radiobitacora.com.ar\/web\/wp-json\/wp\/v2\/types\/post"}],"author":[{"embeddable":true,"href":"https:\/\/radiobitacora.com.ar\/web\/wp-json\/wp\/v2\/users\/2"}],"replies":[{"embeddable":true,"href":"https:\/\/radiobitacora.com.ar\/web\/wp-json\/wp\/v2\/comments?post=31301"}],"version-history":[{"count":2,"href":"https:\/\/radiobitacora.com.ar\/web\/wp-json\/wp\/v2\/posts\/31301\/revisions"}],"predecessor-version":[{"id":31304,"href":"https:\/\/radiobitacora.com.ar\/web\/wp-json\/wp\/v2\/posts\/31301\/revisions\/31304"}],"wp:featuredmedia":[{"embeddable":true,"href":"https:\/\/radiobitacora.com.ar\/web\/wp-json\/wp\/v2\/media\/31302"}],"wp:attachment":[{"href":"https:\/\/radiobitacora.com.ar\/web\/wp-json\/wp\/v2\/media?parent=31301"}],"wp:term":[{"taxonomy":"category","embeddable":true,"href":"https:\/\/radiobitacora.com.ar\/web\/wp-json\/wp\/v2\/categories?post=31301"},{"taxonomy":"post_tag","embeddable":true,"href":"https:\/\/radiobitacora.com.ar\/web\/wp-json\/wp\/v2\/tags?post=31301"}],"curies":[{"name":"wp","href":"https:\/\/api.w.org\/{rel}","templated":true}]}}