{"id":31310,"date":"2026-03-12T02:19:01","date_gmt":"2026-03-12T05:19:01","guid":{"rendered":"https:\/\/radiobitacora.com.ar\/web\/?p=31310"},"modified":"2026-03-12T02:34:10","modified_gmt":"2026-03-12T05:34:10","slug":"voces-callejeras-invita-a-emprendedores-a-participar-del-programa","status":"publish","type":"post","link":"https:\/\/radiobitacora.com.ar\/web\/2026\/03\/12\/voces-callejeras-invita-a-emprendedores-a-participar-del-programa\/","title":{"rendered":"VOCES CALLEJERAS INVITA A EMPRENDEDORES A PARTICIPAR DEL PROGRAMA"},"content":{"rendered":"<p data-start=\"71\" data-end=\"356\">El programa radial <strong data-start=\"90\" data-end=\"110\">Voces Callejeras<\/strong> lanz\u00f3 una convocatoria abierta para emprendedores que deseen difundir sus proyectos y contar sus historias en el aire. La propuesta busca brindar un espacio para visibilizar iniciativas locales, conectar ideas y potenciar nuevos emprendimientos.<\/p>\n<p data-start=\"358\" data-end=\"635\">El ciclo es conducido por <strong data-start=\"384\" data-end=\"417\">Maribel Molina y Rodri Molina<\/strong>, y se emite <strong data-start=\"430\" data-end=\"470\">los martes y jueves de 18 a 20 horas<\/strong> a trav\u00e9s de <strong data-start=\"483\" data-end=\"506\">Radio Bit\u00e1cora 98.9<\/strong>. Adem\u00e1s, puede seguirse mediante <strong data-start=\"540\" data-end=\"553\">streaming<\/strong>, por <strong data-start=\"559\" data-end=\"579\">Gowigo canal 1.1<\/strong> y en las distintas plataformas digitales de la emisora.<\/p>\n<p data-start=\"637\" data-end=\"907\">Desde la producci\u00f3n del programa destacaron que el objetivo es abrir el micr\u00f3fono a quienes est\u00e1n desarrollando proyectos, negocios o ideas innovadoras, generando un espacio de di\u00e1logo donde los emprendedores puedan compartir sus experiencias y dar a conocer su trabajo.<\/p>\n<p data-start=\"909\" data-end=\"1089\">Quienes deseen participar pueden comunicarse a trav\u00e9s de <strong data-start=\"966\" data-end=\"1005\">Instagram en @voces_callejeras_98.9<\/strong> o al <strong data-start=\"1011\" data-end=\"1041\">celular 3777-474100 (Seba)<\/strong> para coordinar su participaci\u00f3n en el programa.<\/p>\n<p data-start=\"1091\" data-end=\"1322\">El ciclo forma parte de la programaci\u00f3n de <strong data-start=\"1134\" data-end=\"1157\">Radio Bit\u00e1cora 98.9<\/strong> y tambi\u00e9n puede seguirse en redes sociales como <strong data-start=\"1206\" data-end=\"1229\">Radio Bit\u00e1cora 98.9<\/strong> en Facebook, <strong data-start=\"1243\" data-end=\"1265\">@radiobitacora98.9<\/strong> en Instagram y en el sitio web <strong data-start=\"1297\" data-end=\"1321\">radiobitacora.com.ar<\/strong>.<\/p>\n<p data-start=\"1324\" data-end=\"1512\" data-is-last-node=\"\" data-is-only-node=\"\">Con el lema <strong data-start=\"1336\" data-end=\"1380\">\u201cConectando voces, impulsando proyectos\u201d<\/strong>, Voces Callejeras se consolida como un espacio que apuesta a difundir historias de esfuerzo, creatividad y desarrollo local.<\/p>\n","protected":false},"excerpt":{"rendered":"<p>El programa radial Voces Callejeras lanz\u00f3 una convocatoria abierta para emprendedores que deseen difundir sus proyectos y contar sus historias en el aire. La propuesta busca brindar un espacio para visibilizar iniciativas locales, conectar ideas y potenciar nuevos emprendimientos. El ciclo es conducido por Maribel Molina y Rodri Molina, y se emite los martes y [&hellip;]<\/p>\n","protected":false},"author":2,"featured_media":31311,"comment_status":"open","ping_status":"open","sticky":false,"template":"","format":"standard","meta":{"footnotes":""},"categories":[74],"tags":[],"class_list":{"0":"post-31310","1":"post","2":"type-post","3":"status-publish","4":"format-standard","5":"has-post-thumbnail","7":"category-bitacora-tv"},"_links":{"self":[{"href":"https:\/\/radiobitacora.com.ar\/web\/wp-json\/wp\/v2\/posts\/31310","targetHints":{"allow":["GET"]}}],"collection":[{"href":"https:\/\/radiobitacora.com.ar\/web\/wp-json\/wp\/v2\/posts"}],"about":[{"href":"https:\/\/radiobitacora.com.ar\/web\/wp-json\/wp\/v2\/types\/post"}],"author":[{"embeddable":true,"href":"https:\/\/radiobitacora.com.ar\/web\/wp-json\/wp\/v2\/users\/2"}],"replies":[{"embeddable":true,"href":"https:\/\/radiobitacora.com.ar\/web\/wp-json\/wp\/v2\/comments?post=31310"}],"version-history":[{"count":3,"href":"https:\/\/radiobitacora.com.ar\/web\/wp-json\/wp\/v2\/posts\/31310\/revisions"}],"predecessor-version":[{"id":31314,"href":"https:\/\/radiobitacora.com.ar\/web\/wp-json\/wp\/v2\/posts\/31310\/revisions\/31314"}],"wp:featuredmedia":[{"embeddable":true,"href":"https:\/\/radiobitacora.com.ar\/web\/wp-json\/wp\/v2\/media\/31311"}],"wp:attachment":[{"href":"https:\/\/radiobitacora.com.ar\/web\/wp-json\/wp\/v2\/media?parent=31310"}],"wp:term":[{"taxonomy":"category","embeddable":true,"href":"https:\/\/radiobitacora.com.ar\/web\/wp-json\/wp\/v2\/categories?post=31310"},{"taxonomy":"post_tag","embeddable":true,"href":"https:\/\/radiobitacora.com.ar\/web\/wp-json\/wp\/v2\/tags?post=31310"}],"curies":[{"name":"wp","href":"https:\/\/api.w.org\/{rel}","templated":true}]}}