{"id":31315,"date":"2026-03-12T09:27:32","date_gmt":"2026-03-12T12:27:32","guid":{"rendered":"https:\/\/radiobitacora.com.ar\/web\/?p=31315"},"modified":"2026-03-12T09:27:32","modified_gmt":"2026-03-12T12:27:32","slug":"hoy-se-publica-el-dato-de-inflacion-de-febrero-que-esperan-los-especialistas","status":"publish","type":"post","link":"https:\/\/radiobitacora.com.ar\/web\/2026\/03\/12\/hoy-se-publica-el-dato-de-inflacion-de-febrero-que-esperan-los-especialistas\/","title":{"rendered":"Hoy se publica el dato de inflaci\u00f3n de febrero: qu\u00e9 esperan los especialistas"},"content":{"rendered":"<p class=\"paragraph\" data-mrf-recirculation=\"Links inline\">El Instituto Nacional de Estad\u00edstica y Censos (INDEC) publicar\u00e1 este jueves el dato de\u00a0<b>inflaci\u00f3n<\/b>\u00a0correspondiente a\u00a0<b>febrero<\/b>, un indicador relevante para el equipo econ\u00f3mico que busca evidencias de una desaceleraci\u00f3n\u00a0<a title=\"https:\/\/www.infobae.com\/economia\/2026\/02\/10\/la-inflacion-de-enero-fue-de-29-y-acumulo-324-en-los-ultimos-doce-meses\/\" href=\"https:\/\/www.infobae.com\/economia\/2026\/02\/10\/la-inflacion-de-enero-fue-de-29-y-acumulo-324-en-los-ultimos-doce-meses\/\" target=\"_blank\" rel=\"noopener noreferrer\" data-mrf-link=\"https:\/\/www.infobae.com\/economia\/2026\/02\/10\/la-inflacion-de-enero-fue-de-29-y-acumulo-324-en-los-ultimos-doce-meses\/\">tras el\u00a0<b>2,9%<\/b>\u00a0registrado en enero<\/a>. Pero las estimaciones de consultoras privadas<b>\u00a0no anticiparon variaciones significativas<\/b>, una percepci\u00f3n que tambi\u00e9n comparti\u00f3 el presidente\u00a0<b>Javier Milei<\/b>, quien afirm\u00f3 que la inflaci\u00f3n retomar\u00e1 su tendencia descendente despu\u00e9s del primer trimestre.<\/p>\n<p class=\"paragraph\" data-mrf-recirculation=\"Links inline\">Pese a ello, tanto el mercado como el Gobierno estar\u00e1 a la expectativa del dato que se conocer\u00e1 a las 16 horas. Ya que servir\u00e1 como term\u00f3metro para evaluar la trayectoria de la inflaci\u00f3n en el inicio del 2026 y marcar\u00e1 el tono del debate econ\u00f3mico a corto plazo. Los precios de la canasta b\u00e1sica, las tarifas reguladas y la evoluci\u00f3n de los combustibles figuran entre los principales impulsores que influyen en el resultado mensual.<\/p>\n<p class=\"paragraph\" data-mrf-recirculation=\"Links inline\">Entre las consultoras, la proyecci\u00f3n m\u00e1s optimista corresponde a\u00a0<b>Analytica<\/b>, que estima un \u00cdndice de Precios al Consumidor (IPC) de\u00a0<b>2,8% para febrero<\/b>, lo que implicar\u00eda una desaceleraci\u00f3n m\u00ednima de 0,1 puntos porcentuales (p.p.) respecto al mes anterior. En el otro extremo,\u00a0<b>Eco Go\u00a0<\/b>prev\u00e9 una inflaci\u00f3n de entre\u00a0<b>2,9% y 3%<\/b>, lo que marcar\u00eda una ligera aceleraci\u00f3n respecto al dato de enero. Similar a la consultora de C&amp;T, en donde estiman que se ubicar\u00e1 en\u00a0<b>2,9%<\/b>. En cualquiera de los escenarios, los planes del equipo econ\u00f3mico est\u00e1n complicados, ya que necesitan cortar de manera significativa con la tendencia de aceleraci\u00f3n que ya arrastra m\u00e1s de cinco meses.<\/p>\n<div class=\"visual__image\"><picture><source srcset=\"https:\/\/www.infobae.com\/resizer\/v2\/CPDWV5OJ6BGQNATXFHHSXJIRYE.jpg?auth=80d7988eae7eb28a95ada640c24d5ab0a036c48b713a7e4e0ebee2889086cfc4&amp;smart=true&amp;width=992&amp;height=1240&amp;quality=85\" media=\"(min-width: 1000px)\" \/><source srcset=\"https:\/\/www.infobae.com\/resizer\/v2\/CPDWV5OJ6BGQNATXFHHSXJIRYE.jpg?auth=80d7988eae7eb28a95ada640c24d5ab0a036c48b713a7e4e0ebee2889086cfc4&amp;smart=true&amp;width=768&amp;height=960&amp;quality=85\" media=\"(min-width: 768px)\" \/><source srcset=\"https:\/\/www.infobae.com\/resizer\/v2\/CPDWV5OJ6BGQNATXFHHSXJIRYE.jpg?auth=80d7988eae7eb28a95ada640c24d5ab0a036c48b713a7e4e0ebee2889086cfc4&amp;smart=true&amp;width=577&amp;height=721&amp;quality=85\" media=\"(min-width: 580px)\" \/><source srcset=\"https:\/\/www.infobae.com\/resizer\/v2\/CPDWV5OJ6BGQNATXFHHSXJIRYE.jpg?auth=80d7988eae7eb28a95ada640c24d5ab0a036c48b713a7e4e0ebee2889086cfc4&amp;smart=true&amp;width=420&amp;height=525&amp;quality=85\" media=\"(min-width: 350px)\" \/><source srcset=\"https:\/\/www.infobae.com\/resizer\/v2\/CPDWV5OJ6BGQNATXFHHSXJIRYE.jpg?auth=80d7988eae7eb28a95ada640c24d5ab0a036c48b713a7e4e0ebee2889086cfc4&amp;smart=true&amp;width=350&amp;height=438&amp;quality=85\" media=\"(min-width: 80px)\" \/><img loading=\"lazy\" decoding=\"async\" class=\"global-image\" src=\"https:\/\/www.infobae.com\/resizer\/v2\/CPDWV5OJ6BGQNATXFHHSXJIRYE.jpg?auth=80d7988eae7eb28a95ada640c24d5ab0a036c48b713a7e4e0ebee2889086cfc4&amp;smart=true&amp;width=350&amp;height=438&amp;quality=85\" alt=\"\" width=\"1080\" height=\"1350\" \/><\/picture><\/div>\n<p class=\"paragraph\" data-mrf-recirculation=\"Links inline\">Aunque lo que sucedi\u00f3 con los alimentos en la \u00faltima semana de febrero, seg\u00fan el reporte de LCG, genera cierta ilusi\u00f3n, ya que se trata de un rubro que presion\u00f3 sobre el indicador los meses anteriores. Seg\u00fan los datos relevados, la tendencia inflacionaria en alimentos \u201cno present\u00f3 variaciones de precios contra una semana atr\u00e1s\u201d. No obstante, aclararon que \u201caun con la estabilidad de precios de esta semana, la inflaci\u00f3n mensual se dispara a niveles por encima del 4%\u201d.<\/p>\n<p class=\"paragraph\" data-mrf-recirculation=\"Links inline\">En el informe de la cuarta semana de febrero, LCG destac\u00f3:\u00a0<b>\u201cCarnes present\u00f3 una ca\u00edda de precios despu\u00e9s de 15 semanas al alza\u201d<\/b>. A la vez, el reporte remarc\u00f3 que Bebidas y Carnes (45% de la canasta) aumentan por encima del 5% mensual. \u201cLa inflaci\u00f3n mensual promedio de las \u00faltimas 4 semanas se aceler\u00f3 0,8 p.p., trepando a 4,2%\u201d, sumaron.<\/p>\n<h2 class=\"header headline-class-h2 headline\">Ilusi\u00f3n: desaceleraci\u00f3n de la inflaci\u00f3n en Ciudad<\/h2>\n<p class=\"paragraph\" data-mrf-recirculation=\"Links inline\">En paralelo a las proyecciones privadas, el\u00a0<b>dato oficial de inflaci\u00f3n en la Ciudad Aut\u00f3noma de Buenos Aires<\/b>\u00a0funcion\u00f3 como anticipo del \u00edndice nacional. Seg\u00fan la Direcci\u00f3n General de Estad\u00edstica y Censos porte\u00f1a, la inflaci\u00f3n en la ciudad registr\u00f3 un\u00a0<b>2,6% en febrero<\/b>. El informe oficial detall\u00f3 que la suba de precios acumulada en los \u00faltimos doce meses ascendi\u00f3 al\u00a0<b>32,4%<\/b>, reflejando la magnitud de la inercia inflacionaria en el principal distrito urbano del pa\u00eds. Los rubros con mayor incidencia fueron Alimentos y Bebidas no alcoh\u00f3licas, con un aporte de<b>\u00a05,76\u00a0<\/b>puntos porcentuales sobre el nivel general, y Vivienda, agua, electricidad, gas y otros combustibles, con<b>\u00a05,34\u00a0<\/b>puntos.<\/p>\n<p class=\"paragraph\" data-mrf-recirculation=\"Links inline\">El reporte estad\u00edstico porte\u00f1o puso de manifiesto que los aumentos en tarifas y combustibles explicaron buena parte del avance mensual, mientras que el precio de los alimentos mantuvo su ritmo ascendente. El rubro Transporte sum\u00f3\u00a0<b>2,95\u00a0<\/b>puntos porcentuales a la variaci\u00f3n total, como resultado de los ajustes en boletos de colectivos y subtes. Estos resultados consolidaron la tendencia que las consultoras privadas ya hab\u00edan anticipado en sus informes y confirmaron que la inflaci\u00f3n de febrero mantuvo niveles muy por encima de los valores hist\u00f3ricos.<\/p>\n<div class=\"visual__image\"><picture><source srcset=\"https:\/\/www.infobae.com\/resizer\/v2\/PN5ENAXLXVEUNF7JILAMFQVW7Y.jpg?auth=134574feff2b8a085506e7f6abc4309ef758e7970f16b08b5866a2f2e3051e93&amp;smart=true&amp;width=992&amp;height=496&amp;quality=85\" media=\"(min-width: 1000px)\" \/><source srcset=\"https:\/\/www.infobae.com\/resizer\/v2\/PN5ENAXLXVEUNF7JILAMFQVW7Y.jpg?auth=134574feff2b8a085506e7f6abc4309ef758e7970f16b08b5866a2f2e3051e93&amp;smart=true&amp;width=768&amp;height=384&amp;quality=85\" media=\"(min-width: 768px)\" \/><source srcset=\"https:\/\/www.infobae.com\/resizer\/v2\/PN5ENAXLXVEUNF7JILAMFQVW7Y.jpg?auth=134574feff2b8a085506e7f6abc4309ef758e7970f16b08b5866a2f2e3051e93&amp;smart=true&amp;width=577&amp;height=289&amp;quality=85\" media=\"(min-width: 580px)\" \/><source srcset=\"https:\/\/www.infobae.com\/resizer\/v2\/PN5ENAXLXVEUNF7JILAMFQVW7Y.jpg?auth=134574feff2b8a085506e7f6abc4309ef758e7970f16b08b5866a2f2e3051e93&amp;smart=true&amp;width=420&amp;height=210&amp;quality=85\" media=\"(min-width: 350px)\" \/><source srcset=\"https:\/\/www.infobae.com\/resizer\/v2\/PN5ENAXLXVEUNF7JILAMFQVW7Y.jpg?auth=134574feff2b8a085506e7f6abc4309ef758e7970f16b08b5866a2f2e3051e93&amp;smart=true&amp;width=350&amp;height=175&amp;quality=85\" media=\"(min-width: 80px)\" \/><img loading=\"lazy\" decoding=\"async\" class=\"global-image\" src=\"https:\/\/www.infobae.com\/resizer\/v2\/PN5ENAXLXVEUNF7JILAMFQVW7Y.jpg?auth=134574feff2b8a085506e7f6abc4309ef758e7970f16b08b5866a2f2e3051e93&amp;smart=true&amp;width=350&amp;height=175&amp;quality=85\" alt=\"El Relevamiento de Expectativas de\" width=\"1473\" height=\"737\" \/><\/picture>El Relevamiento de Expectativas de Mercado del BCRA mostr\u00f3 ajustes al alza en los pron\u00f3sticos para febrero.<\/div>\n<p class=\"paragraph\" data-mrf-recirculation=\"Links inline\">Es en esta circunstancia donde se percibe el impacto del recorte de los subsidios econ\u00f3micos, donde la decisi\u00f3n de postergar la nueva f\u00f3rmula de inflaci\u00f3n toma relevancia. Es que, de haberse cambiado las canastas de consumos de 2004 por la de 2017\/2018, se habr\u00edan modificado las ponderaciones de los rubros. El cambio m\u00e1s dr\u00e1sticos se percibir\u00e1n en\u00a0<b>Vivienda, Agua, Electricidad y otros combustibles<\/b>, donde la ponderaci\u00f3n pasa de 9,4% a 14,5 por ciento. Aunque se habr\u00eda percibido un alivio desde\u00a0<b>Alimentos y Bebidas\u00a0<\/b>cuya ponderaci\u00f3n baja de 26,9% a 22,7%, ya que el agro y la industria alimenticia se reducen. Siendo segmento la principal raz\u00f3n de la aceleraci\u00f3n de la inflaci\u00f3n en el \u00faltimo cuatrimestre de 2025.<\/p>\n<p class=\"paragraph\" data-mrf-recirculation=\"Links inline\">Pero en el \u00faltimo\u00a0<b>Relevamiento de Expectativas de Mercado (REM)<\/b>\u00a0del Banco Central de la Rep\u00fablica Argentina (BCRA), los principales analistas y consultoras empeoraron su proyecci\u00f3n. Los expertos estiman que\u00a0<b>la inflaci\u00f3n de febrero ser\u00e1 del 2,7%<\/b>, un valor que supera por 0,6 puntos porcentuales al pron\u00f3stico que hab\u00edan arriesgado para ese mismo mes en el REM anterior, pero que, en caso de cumplirse, representar\u00eda una leve desaceleraci\u00f3n respecto al IPC oficial de enero (2,9%). Tambi\u00e9n ajustaron hacia arriba su proyecci\u00f3n para marzo. Hasta hace poco, consideraban que el IPC del tercer mes del a\u00f1o ser\u00eda del 2,2%, pero ahora aseguran que rondar\u00e1 el 2,5 por ciento.<\/p>\n<p class=\"paragraph\" data-mrf-recirculation=\"Links inline\">Fue el propio presidente Milei quien reconoci\u00f3 que la desaceleraci\u00f3n de la inflaci\u00f3n comenzar\u00eda luego de marzo. En la \u00faltima entrevista que concedi\u00f3, reiter\u00f3 que la inflaci\u00f3n va a empezar con cero en junio o agosto de este a\u00f1o. Lo que contrasta con las estimaciones privadas que consideran que en junio el IPC ser\u00e1 de<b>\u00a01,7%<\/b>\u00a0y en agosto del\u00a0<b>1,5%<\/b>, mientras que para el 2026 indican un\u00a0<b>26,1<\/b>\u00a0por ciento.<\/p>\n","protected":false},"excerpt":{"rendered":"<p>El Instituto Nacional de Estad\u00edstica y Censos (INDEC) publicar\u00e1 este jueves el dato de\u00a0inflaci\u00f3n\u00a0correspondiente a\u00a0febrero, un indicador relevante para el equipo econ\u00f3mico que busca evidencias de una desaceleraci\u00f3n\u00a0tras el\u00a02,9%\u00a0registrado en enero. Pero las estimaciones de consultoras privadas\u00a0no anticiparon variaciones significativas, una percepci\u00f3n que tambi\u00e9n comparti\u00f3 el presidente\u00a0Javier Milei, quien afirm\u00f3 que la inflaci\u00f3n retomar\u00e1 su [&hellip;]<\/p>\n","protected":false},"author":2,"featured_media":31316,"comment_status":"open","ping_status":"open","sticky":false,"template":"","format":"standard","meta":{"footnotes":""},"categories":[65],"tags":[],"class_list":{"0":"post-31315","1":"post","2":"type-post","3":"status-publish","4":"format-standard","5":"has-post-thumbnail","7":"category-economia"},"_links":{"self":[{"href":"https:\/\/radiobitacora.com.ar\/web\/wp-json\/wp\/v2\/posts\/31315","targetHints":{"allow":["GET"]}}],"collection":[{"href":"https:\/\/radiobitacora.com.ar\/web\/wp-json\/wp\/v2\/posts"}],"about":[{"href":"https:\/\/radiobitacora.com.ar\/web\/wp-json\/wp\/v2\/types\/post"}],"author":[{"embeddable":true,"href":"https:\/\/radiobitacora.com.ar\/web\/wp-json\/wp\/v2\/users\/2"}],"replies":[{"embeddable":true,"href":"https:\/\/radiobitacora.com.ar\/web\/wp-json\/wp\/v2\/comments?post=31315"}],"version-history":[{"count":1,"href":"https:\/\/radiobitacora.com.ar\/web\/wp-json\/wp\/v2\/posts\/31315\/revisions"}],"predecessor-version":[{"id":31317,"href":"https:\/\/radiobitacora.com.ar\/web\/wp-json\/wp\/v2\/posts\/31315\/revisions\/31317"}],"wp:featuredmedia":[{"embeddable":true,"href":"https:\/\/radiobitacora.com.ar\/web\/wp-json\/wp\/v2\/media\/31316"}],"wp:attachment":[{"href":"https:\/\/radiobitacora.com.ar\/web\/wp-json\/wp\/v2\/media?parent=31315"}],"wp:term":[{"taxonomy":"category","embeddable":true,"href":"https:\/\/radiobitacora.com.ar\/web\/wp-json\/wp\/v2\/categories?post=31315"},{"taxonomy":"post_tag","embeddable":true,"href":"https:\/\/radiobitacora.com.ar\/web\/wp-json\/wp\/v2\/tags?post=31315"}],"curies":[{"name":"wp","href":"https:\/\/api.w.org\/{rel}","templated":true}]}}