{"id":31318,"date":"2026-03-12T09:31:57","date_gmt":"2026-03-12T12:31:57","guid":{"rendered":"https:\/\/radiobitacora.com.ar\/web\/?p=31318"},"modified":"2026-03-12T09:31:57","modified_gmt":"2026-03-12T12:31:57","slug":"el-pro-empodera-a-macri-ante-los-ataques-de-milei-y-crece-la-expectativa-de-una-definicion-electoral","status":"publish","type":"post","link":"https:\/\/radiobitacora.com.ar\/web\/2026\/03\/12\/el-pro-empodera-a-macri-ante-los-ataques-de-milei-y-crece-la-expectativa-de-una-definicion-electoral\/","title":{"rendered":"El PRO empodera a Macri ante los ataques de Milei y crece la expectativa de una definici\u00f3n electoral"},"content":{"rendered":"<p class=\"paragraph\" data-mrf-recirculation=\"Links inline\">Contrarreloj, los principales dirigentes del\u00a0<b>PRO\u00a0<\/b>ultiman los detalles de la convenci\u00f3n nacional que se realizar\u00e1 la semana que viene en Parque Norte. Ser\u00e1, aseguran, el punto de partida para la reconstrucci\u00f3n que necesita al partido amarillo para volver a ser competitivo en 2027. El discurso de cierre estar\u00e1 a cargo de\u00a0<b>Mauricio Macri<\/b>, que reaparecer\u00e1 tras su participaci\u00f3n\u00a0<b>Expoagro\u00a0<\/b>y<a title=\"https:\/\/www.infobae.com\/politica\/2026\/03\/10\/lo-que-no-se-vio-del-saludo-de-macri-y-kicillof-en-expoagro-la-advertencia-de-un-dirigente-peronista-y-una-definicion-sobre-milei\/\" href=\"https:\/\/www.infobae.com\/politica\/2026\/03\/10\/lo-que-no-se-vio-del-saludo-de-macri-y-kicillof-en-expoagro-la-advertencia-de-un-dirigente-peronista-y-una-definicion-sobre-milei\/\" target=\"_blank\" rel=\"noopener noreferrer\" data-mrf-link=\"https:\/\/www.infobae.com\/politica\/2026\/03\/10\/lo-que-no-se-vio-del-saludo-de-macri-y-kicillof-en-expoagro-la-advertencia-de-un-dirigente-peronista-y-una-definicion-sobre-milei\/\">\u00a0el saludo con el gobernador bonaerense, Axel\u00a0<b>Kicillof<\/b><\/a>, y la comparaci\u00f3n que utiliz\u00f3 Javier\u00a0<b>Milei\u00a0<\/b>para defender su discurso en la apertura de las sesiones ordinarias del Congreso.<\/p>\n<p class=\"paragraph\" data-mrf-recirculation=\"Links inline\">\u201c<a title=\"https:\/\/www.infobae.com\/politica\/2026\/03\/05\/javier-milei-no-me-van-a-llevar-puesto-como-a-macri\/\" href=\"https:\/\/www.infobae.com\/politica\/2026\/03\/05\/javier-milei-no-me-van-a-llevar-puesto-como-a-macri\/\" target=\"_blank\" rel=\"noopener noreferrer\" data-mrf-link=\"https:\/\/www.infobae.com\/politica\/2026\/03\/05\/javier-milei-no-me-van-a-llevar-puesto-como-a-macri\/\"><b>No me van a llevar puesto como a Macri<\/b><\/a>\u201d, dijo el Presidente en una entrevista con\u00a0<i>LN+<\/i>. Esta frase, y seg\u00fan supo\u00a0<b>Infobae<\/b>, no cay\u00f3 bien en las oficinas del PRO de la calle Balcarce. El diputado nacional y secretario general del partido, Fernando\u00a0<b>De Andreis<\/b>, fue el primero en contestar: \u201cYo prefiero quedarme con el Milei m\u00e1s componedor, siempre muy elogioso de la figura de Macri\u201d, sostuvo el martes. Y agreg\u00f3: \u201c<b>La verdad que no le pas\u00f3 a Macri que se lo hayan llevado puesto nunca nadie en la vida: en Boca, en la Ciudad ni en el Gobierno Nacional<\/b>. Es el primer presidente no peronista en terminar su mandato en casi 100 a\u00f1os\u201d.<\/p>\n<div class=\"video-player-vertical video-player-vertical-body\">\n<div class=\"video-wrapper\">\n<div class=\"video-wrapper-container\">\n<div class=\"jwplayer-ctn\">\n<div>\n<div id=\"6ZIXrlbw\" class=\"jwplayer jw-reset jw-state-idle jw-stretch-uniform jw-flag-aspect-mode jw-breakpoint-1 jw-flag-small-player jw-orientation-portrait jw-floating-dismissible jw-keep-thumbnail jw-flag-user-inactive\" tabindex=\"0\" role=\"application\" aria-label=\"Video Player - &quot;Sin Macri no hab\u00eda Milei&quot;: El an\u00e1lisis de Mar\u00eda Eugenia Vidal\" aria-describedby=\"jw-6ZIXrlbw-shortcuts-tooltip-explanation\" data-compass-listening=\"true\">\n<div class=\"jw-wrapper jw-reset\">\n<div class=\"jw-media jw-reset\"><\/div>\n<div class=\"jw-overlays jw-reset\">\n<div id=\"6ZIXrlbw_googima\" class=\"jw-plugin jw-reset jw-plugin-googima\">\n<div id=\"6ZIXrlbw_ad\" class=\"jw-ads-view\">\n<div><\/div>\n<\/div>\n<\/div>\n<\/div>\n<div class=\"jw-controls jw-reset\">\n<div class=\"jw-display jw-reset\">\n<div class=\"jw-display-container jw-reset\">\n<div class=\"jw-display-controls jw-reset\">\n<div class=\"jw-display-icon-container jw-display-icon-display jw-reset\">\n<div class=\"jw-icon jw-icon-display jw-button-color jw-reset\" tabindex=\"0\" role=\"button\" aria-label=\"Reproducir\"><\/div>\n<\/div>\n<\/div>\n<\/div>\n<\/div>\n<div class=\"jw-nextup-container jw-reset\">\n<div class=\"jw-nextup jw-background-color jw-reset\">\n<div class=\"jw-nextup-tooltip jw-reset\">\n<div class=\"jw-nextup-body jw-reset\"><\/div>\n<\/div>\n<\/div>\n<\/div>\n<\/div>\n<\/div>\n<\/div>\n<\/div>\n<\/div>\n<\/div>\n<\/div>\n<div class=\"video-details\">\n<h2 class=\"video-description\">La exgobernadora de Buenos Aires reflexion\u00f3 sobre la continuidad democr\u00e1tica de los gobiernos no peronistas y el rol de Mauricio Macri en el escenario pol\u00edtico actual. En una charla profunda, analiz\u00f3 el v\u00ednculo entre el expresidente y el actual mandatario, destacando el aporte de la experiencia de gesti\u00f3n.<\/h2>\n<\/div>\n<\/div>\n<p class=\"paragraph\" data-mrf-recirculation=\"Links inline\">En la misma sinton\u00eda se manifest\u00f3 la ex gobernadora bonaerense Mar\u00eda Eugenia\u00a0<b>Vidal<\/b>. \u201cMe parece una interpretaci\u00f3n equivocada de lo que pas\u00f3 en la Argentina; a Macri no se lo llevaron puesto en Boca, ni en la jefatura del gobierno de la Ciudad, y tampoco se lo llevaron puesto como presidente. Su mayor logro fue haber sido el primer presidente no peronista en 90 a\u00f1os en terminar su mandato\u201d, asegur\u00f3 en\u00a0<a title=\"https:\/\/www.infobae.com\/politica\/2026\/03\/11\/sin-macri-no-habia-milei-maria-eugenia-vidal-analizo-el-rol-del-pro-y-el-vinculo-con-el-gobierno\/\" href=\"https:\/\/www.infobae.com\/politica\/2026\/03\/11\/sin-macri-no-habia-milei-maria-eugenia-vidal-analizo-el-rol-del-pro-y-el-vinculo-con-el-gobierno\/\" target=\"_blank\" rel=\"noopener noreferrer\" data-mrf-link=\"https:\/\/www.infobae.com\/politica\/2026\/03\/11\/sin-macri-no-habia-milei-maria-eugenia-vidal-analizo-el-rol-del-pro-y-el-vinculo-con-el-gobierno\/\">una entrevista con\u00a0<b>Infobae en Vivo<\/b><\/a>.<\/p>\n<p class=\"paragraph\" data-mrf-recirculation=\"Links inline\"><b>Fue una respuesta coordinada<\/b>. La ex diputada, adem\u00e1s, se refiri\u00f3 a la relaci\u00f3n entre el ex presidente y el actual jefe de Estado:\u00a0<b>\u201cNo tengo dudas de que sin Macri no hab\u00eda Milei.\u00a0<\/b>Sin Macri no hab\u00eda Milei porque si un gobierno no peronista no terminaba su mandato nuevamente en la Argentina, ning\u00fan otro presidente no peronista hubiera podido ganar una elecci\u00f3n\u201d.\u00a0<b>\u201cEl camino de Milei se construy\u00f3 sobre las huellas del camino de Mauricio\u201d<\/b>, agreg\u00f3.<\/p>\n<p class=\"paragraph\" data-mrf-recirculation=\"Links inline\">En un reportaje concedido a\u00a0<i>Luis Majul<\/i>, publicado el pasado domingo, Milei retom\u00f3 la confrontaci\u00f3n que mantuvo durante la apertura de sesiones ordinarias en el Congreso de la Naci\u00f3n con el kirchnerismo, sector pol\u00edtico al que le atribuye estar trabajando para el fracaso de su gesti\u00f3n. \u201c<b>No estoy dispuesto a que me lleven puesto, al kirchnerismo no le regalo un mil\u00edmetro<\/b>\u201d, asegur\u00f3.<\/p>\n<p class=\"paragraph\" data-mrf-recirculation=\"Links inline\">En ese punto, el libertario se diferenci\u00f3 del l\u00edder del PRO: \u201cA Macri le reconozco haber sido el primero en ganarle al kirchnerismo, pero \u00e9l tiene el manual de las formas a la perfecci\u00f3n y\u00a0<a title=\"https:\/\/www.infobae.com\/politica\/2026\/03\/09\/inflacion-justicia-y-reeleccion-las-20-definiciones-de-javier-milei\/\" href=\"https:\/\/www.infobae.com\/politica\/2026\/03\/09\/inflacion-justicia-y-reeleccion-las-20-definiciones-de-javier-milei\/\" target=\"_blank\" rel=\"noopener noreferrer\" data-mrf-link=\"https:\/\/www.infobae.com\/politica\/2026\/03\/09\/inflacion-justicia-y-reeleccion-las-20-definiciones-de-javier-milei\/\"><b>se lo llevaron puesto<\/b><\/a>\u201d, afirm\u00f3 el mandatario. Sin embargo, plante\u00f3: \u201cYo tengo un perfil m\u00e1s gladiador, ellos empezaron a agredir y yo no estoy dispuesto a que me lleven puesto\u201d, sostuvo describiendo la escena que tuvo lugar en el Congreso.<\/p>\n<div class=\"visual__image\"><picture><source srcset=\"https:\/\/www.infobae.com\/resizer\/v2\/WIDHCXBHHVAGNP4HQKWDHRZLIY.jpg?auth=722014d2692a39d63adcda968da4093397c6377fa00304453afb3d7fba8ed0fa&amp;smart=true&amp;width=992&amp;height=558&amp;quality=85\" media=\"(min-width: 1000px)\" \/><source srcset=\"https:\/\/www.infobae.com\/resizer\/v2\/WIDHCXBHHVAGNP4HQKWDHRZLIY.jpg?auth=722014d2692a39d63adcda968da4093397c6377fa00304453afb3d7fba8ed0fa&amp;smart=true&amp;width=768&amp;height=432&amp;quality=85\" media=\"(min-width: 768px)\" \/><source srcset=\"https:\/\/www.infobae.com\/resizer\/v2\/WIDHCXBHHVAGNP4HQKWDHRZLIY.jpg?auth=722014d2692a39d63adcda968da4093397c6377fa00304453afb3d7fba8ed0fa&amp;smart=true&amp;width=577&amp;height=325&amp;quality=85\" media=\"(min-width: 580px)\" \/><source srcset=\"https:\/\/www.infobae.com\/resizer\/v2\/WIDHCXBHHVAGNP4HQKWDHRZLIY.jpg?auth=722014d2692a39d63adcda968da4093397c6377fa00304453afb3d7fba8ed0fa&amp;smart=true&amp;width=420&amp;height=236&amp;quality=85\" media=\"(min-width: 350px)\" \/><source srcset=\"https:\/\/www.infobae.com\/resizer\/v2\/WIDHCXBHHVAGNP4HQKWDHRZLIY.jpg?auth=722014d2692a39d63adcda968da4093397c6377fa00304453afb3d7fba8ed0fa&amp;smart=true&amp;width=350&amp;height=197&amp;quality=85\" media=\"(min-width: 80px)\" \/><img loading=\"lazy\" decoding=\"async\" class=\"global-image\" src=\"https:\/\/www.infobae.com\/resizer\/v2\/WIDHCXBHHVAGNP4HQKWDHRZLIY.jpg?auth=722014d2692a39d63adcda968da4093397c6377fa00304453afb3d7fba8ed0fa&amp;smart=true&amp;width=350&amp;height=197&amp;quality=85\" alt=\"Javier Milei y Mauricio Macri\" width=\"1294\" height=\"728\" \/><\/picture>Javier Milei y Mauricio Macri (Prensa Senado)<\/div>\n<h2 class=\"header headline-class-h2 headline\">Una relaci\u00f3n espinosa<\/h2>\n<p class=\"paragraph\" data-mrf-recirculation=\"Links inline\">La relaci\u00f3n entre Milei y Macri se enfri\u00f3 a finales de 2025, en el mes de noviembre, cuando el expresidente realiz\u00f3\u00a0<a title=\"https:\/\/www.infobae.com\/politica\/2025\/11\/03\/adorni-respondio-las-criticas-de-macri-por-su-designacion-como-jefe-de-gabinete-es-injusto\/\" href=\"https:\/\/www.infobae.com\/politica\/2025\/11\/03\/adorni-respondio-las-criticas-de-macri-por-su-designacion-como-jefe-de-gabinete-es-injusto\/\" target=\"_blank\" rel=\"noopener noreferrer\" data-mrf-link=\"https:\/\/www.infobae.com\/politica\/2025\/11\/03\/adorni-respondio-las-criticas-de-macri-por-su-designacion-como-jefe-de-gabinete-es-injusto\/\"><b>un duro descargo en X<\/b><\/a>\u00a0luego de un encuentro en la quinta de Olivos. En su mensaje, relat\u00f3 que durante la reuni\u00f3n con Milei se abordaron los temas pendientes y se busc\u00f3 definir la mejor manera de reforzar los equipos para la segunda etapa de gobierno, pero reconoci\u00f3:\u00a0<b>\u201cNo logramos ponernos de acuerdo\u201d.\u00a0<\/b>En aquel momento, cuestion\u00f3 la designaci\u00f3n como jefe de Gabinete de\u00a0<b>Manuel Adorni<\/b>, que estas horas\u00a0<a title=\"https:\/\/www.infobae.com\/politica\/2026\/03\/11\/manuel-adorni-hablo-sobre-las-criticas-por-el-viaje-de-su-esposa-a-eeuu-las-comitivas-de-este-gobierno-son-las-mas-chicas-de-la-historia\/\" href=\"https:\/\/www.infobae.com\/politica\/2026\/03\/11\/manuel-adorni-hablo-sobre-las-criticas-por-el-viaje-de-su-esposa-a-eeuu-las-comitivas-de-este-gobierno-son-las-mas-chicas-de-la-historia\/\" target=\"_blank\" rel=\"noopener noreferrer\" data-mrf-link=\"https:\/\/www.infobae.com\/politica\/2026\/03\/11\/manuel-adorni-hablo-sobre-las-criticas-por-el-viaje-de-su-esposa-a-eeuu-las-comitivas-de-este-gobierno-son-las-mas-chicas-de-la-historia\/\">atraviesa fuertes cr\u00edticas por el viaje de su esposa a EEUU<\/a>.<\/p>\n<p class=\"paragraph\" data-mrf-recirculation=\"Links inline\">En este contexto, la postura de Vidal y De Andreis es una antesala de las definiciones que tendr\u00e1n lugar durante la convenci\u00f3n nacional de Parque Norte. \u201cEl PRO decidi\u00f3 hacer lo mejor para la Argentina, aunque a veces tengamos que marcar lo que el gobierno hace mal y se enojen, o aunque tengamos que apoyar cosas que creemos que est\u00e1n bien y eso nos reste votos.\u00a0<b>No estamos en una posici\u00f3n de especulaci\u00f3n\u201d<\/b>, indic\u00f3 la exgobernadora.<\/p>\n<div class=\"visual__image\"><picture><source srcset=\"https:\/\/www.infobae.com\/resizer\/v2\/4GQNTXWSP5COJOHGYPGDPNXUB4.jpg?auth=08db7c1397ce16f38059e7d35bca024986e26b4a5ee233baea2fa8211d5e7a96&amp;smart=true&amp;width=992&amp;height=558&amp;quality=85\" media=\"(min-width: 1000px)\" \/><source srcset=\"https:\/\/www.infobae.com\/resizer\/v2\/4GQNTXWSP5COJOHGYPGDPNXUB4.jpg?auth=08db7c1397ce16f38059e7d35bca024986e26b4a5ee233baea2fa8211d5e7a96&amp;smart=true&amp;width=768&amp;height=432&amp;quality=85\" media=\"(min-width: 768px)\" \/><source srcset=\"https:\/\/www.infobae.com\/resizer\/v2\/4GQNTXWSP5COJOHGYPGDPNXUB4.jpg?auth=08db7c1397ce16f38059e7d35bca024986e26b4a5ee233baea2fa8211d5e7a96&amp;smart=true&amp;width=577&amp;height=325&amp;quality=85\" media=\"(min-width: 580px)\" \/><source srcset=\"https:\/\/www.infobae.com\/resizer\/v2\/4GQNTXWSP5COJOHGYPGDPNXUB4.jpg?auth=08db7c1397ce16f38059e7d35bca024986e26b4a5ee233baea2fa8211d5e7a96&amp;smart=true&amp;width=420&amp;height=236&amp;quality=85\" media=\"(min-width: 350px)\" \/><source srcset=\"https:\/\/www.infobae.com\/resizer\/v2\/4GQNTXWSP5COJOHGYPGDPNXUB4.jpg?auth=08db7c1397ce16f38059e7d35bca024986e26b4a5ee233baea2fa8211d5e7a96&amp;smart=true&amp;width=350&amp;height=197&amp;quality=85\" media=\"(min-width: 80px)\" \/><img loading=\"lazy\" decoding=\"async\" class=\"global-image\" src=\"https:\/\/www.infobae.com\/resizer\/v2\/4GQNTXWSP5COJOHGYPGDPNXUB4.jpg?auth=08db7c1397ce16f38059e7d35bca024986e26b4a5ee233baea2fa8211d5e7a96&amp;smart=true&amp;width=350&amp;height=197&amp;quality=85\" alt=\"El diputado Fernando De Andreis\" width=\"1920\" height=\"1080\" \/><\/picture>El diputado Fernando De Andreis (RS Fotos)<\/div>\n<p class=\"paragraph\" data-mrf-recirculation=\"Links inline\">De Andreis fue m\u00e1s espec\u00edfico. \u201cLo importante es lo que le pasa a los argentinos, y el presidente siempre va a tener al PRO como un partido que acompa\u00f1a el rumbo y que apoya las reformas claves que hace a\u00f1os venimos planteando desde el partido. Tenemos buen di\u00e1logo de nuestros gobernadores y de nuestros bloques del Congreso con el oficialismo. No hay registro en la historia de un espacio pol\u00edtico que haya apoyado tanto para consolidar un rumbo.\u00a0<b>El trabajo del PRO es fundamental para la gesti\u00f3n parlamentaria del Gobierno<\/b>. Eso nosotros cuando fuimos gobierno no lo tuvimos, y por eso se explica nuestra actitud\u201d, dijo.<\/p>\n<p class=\"paragraph\" data-mrf-recirculation=\"Links inline\">A su vez, remarc\u00f3 el rol de Macri para la etapa que viene. \u201cHizo un aporte extraordinario a la Argentina, ahora es el presidente del PRO ayudando a que surjan nuevos liderazgos\u201d, asegur\u00f3 el martes, en San Nicol\u00e1s, en Expoagro. Y complet\u00f3: \u201cEstamos viviendo un momento de reconstrucci\u00f3n del partido, donde estamos enfocados en discutir las problem\u00e1ticas de los argentinos, apoyar el rumbo de este gobierno como lo estamos haciendo en el Congreso, y puertas para adentro, por supuesto, tratando de poner en condiciones la escuder\u00eda, y el a\u00f1o que viene se ver\u00e1n las cuestiones electorales. Por ahora vamos a poner mucho el foco en los gobiernos locales donde estar cerca de la gente nos permite poner en valor la gesti\u00f3n que es un hist\u00f3rico valor del PRO\u201d.<\/p>\n","protected":false},"excerpt":{"rendered":"<p>Contrarreloj, los principales dirigentes del\u00a0PRO\u00a0ultiman los detalles de la convenci\u00f3n nacional que se realizar\u00e1 la semana que viene en Parque Norte. Ser\u00e1, aseguran, el punto de partida para la reconstrucci\u00f3n que necesita al partido amarillo para volver a ser competitivo en 2027. El discurso de cierre estar\u00e1 a cargo de\u00a0Mauricio Macri, que reaparecer\u00e1 tras su [&hellip;]<\/p>\n","protected":false},"author":2,"featured_media":31319,"comment_status":"open","ping_status":"open","sticky":false,"template":"","format":"standard","meta":{"footnotes":""},"categories":[79],"tags":[],"class_list":{"0":"post-31318","1":"post","2":"type-post","3":"status-publish","4":"format-standard","5":"has-post-thumbnail","7":"category-politica"},"_links":{"self":[{"href":"https:\/\/radiobitacora.com.ar\/web\/wp-json\/wp\/v2\/posts\/31318","targetHints":{"allow":["GET"]}}],"collection":[{"href":"https:\/\/radiobitacora.com.ar\/web\/wp-json\/wp\/v2\/posts"}],"about":[{"href":"https:\/\/radiobitacora.com.ar\/web\/wp-json\/wp\/v2\/types\/post"}],"author":[{"embeddable":true,"href":"https:\/\/radiobitacora.com.ar\/web\/wp-json\/wp\/v2\/users\/2"}],"replies":[{"embeddable":true,"href":"https:\/\/radiobitacora.com.ar\/web\/wp-json\/wp\/v2\/comments?post=31318"}],"version-history":[{"count":1,"href":"https:\/\/radiobitacora.com.ar\/web\/wp-json\/wp\/v2\/posts\/31318\/revisions"}],"predecessor-version":[{"id":31320,"href":"https:\/\/radiobitacora.com.ar\/web\/wp-json\/wp\/v2\/posts\/31318\/revisions\/31320"}],"wp:featuredmedia":[{"embeddable":true,"href":"https:\/\/radiobitacora.com.ar\/web\/wp-json\/wp\/v2\/media\/31319"}],"wp:attachment":[{"href":"https:\/\/radiobitacora.com.ar\/web\/wp-json\/wp\/v2\/media?parent=31318"}],"wp:term":[{"taxonomy":"category","embeddable":true,"href":"https:\/\/radiobitacora.com.ar\/web\/wp-json\/wp\/v2\/categories?post=31318"},{"taxonomy":"post_tag","embeddable":true,"href":"https:\/\/radiobitacora.com.ar\/web\/wp-json\/wp\/v2\/tags?post=31318"}],"curies":[{"name":"wp","href":"https:\/\/api.w.org\/{rel}","templated":true}]}}