{"id":31327,"date":"2026-03-12T09:46:33","date_gmt":"2026-03-12T12:46:33","guid":{"rendered":"https:\/\/radiobitacora.com.ar\/web\/?p=31327"},"modified":"2026-03-12T09:46:33","modified_gmt":"2026-03-12T12:46:33","slug":"ceos-del-ano-campeones-del-rigi-y-gobernadores-cierran-tres-dias-freneticos-para-el-gobierno-y-el-circulo-rojo-en-el-argentina-week","status":"publish","type":"post","link":"https:\/\/radiobitacora.com.ar\/web\/2026\/03\/12\/ceos-del-ano-campeones-del-rigi-y-gobernadores-cierran-tres-dias-freneticos-para-el-gobierno-y-el-circulo-rojo-en-el-argentina-week\/","title":{"rendered":"CEOs del a\u00f1o, campeones del RIGI y gobernadores: cierran tres d\u00edas fren\u00e9ticos para el Gobierno y el c\u00edrculo rojo en el Argentina Week"},"content":{"rendered":"<p class=\"paragraph\" data-mrf-recirculation=\"Links inline\"><i><b>Desde Nueva York &#8211;\u00a0<\/b><\/i>Hoy es el turno de los gobernadores, que no estuvieron en la grilla central del\u00a0<b>Argentina Week<\/b>, pero s\u00ed tuvieron actividad nutrida, como espectadores y en reuniones paralelas. Los 11 jefes provinciales invitados por\u00a0<b>Javier Milei<\/b>\u00a0a esta ciudad tienen agenda completa en el\u00a0<b>Consulado argentino<\/b> en esta ciudad.<\/p>\n<p class=\"paragraph\" data-mrf-recirculation=\"Links inline\">La jornada de ayer termin\u00f3 con un cocktail que organiz\u00f3\u00a0<b>AmCham<\/b>, la c\u00e1mara de empresas de EEUU en\u00a0<b>Argentina<\/b>, en la torre de\u00a0<b>Microsoft<\/b> en Times Square.<\/p>\n<p class=\"paragraph\" data-mrf-recirculation=\"Links inline\">Antes,\u00a0<b>Manuel Adorni<\/b>\u00a0hab\u00eda cerrado la jornada pidi\u00e9ndoles a los empresarios\u00a0<a title=\"https:\/\/www.infobae.com\/politica\/2026\/03\/11\/adorni-cerro-argentina-week-instando-a-los-empresarios-a-que-se-sumen-a-la-batalla-cultural-defiendanse\/\" href=\"https:\/\/www.infobae.com\/politica\/2026\/03\/11\/adorni-cerro-argentina-week-instando-a-los-empresarios-a-que-se-sumen-a-la-batalla-cultural-defiendanse\/\" target=\"_blank\" rel=\"noopener noreferrer\" data-mrf-link=\"https:\/\/www.infobae.com\/politica\/2026\/03\/11\/adorni-cerro-argentina-week-instando-a-los-empresarios-a-que-se-sumen-a-la-batalla-cultural-defiendanse\/\">que se sumen a la batalla cultural del gobierno.<\/a>\u00a0\u201cNo importa cu\u00e1nto hayan querido estos d\u00edas empa\u00f1ar este evento, esta Argentina Week 2026, de intens\u00edsimo trabajo. Todos los que est\u00e1n aqu\u00ed lo saben y se los agradezco mucho.\u00a0<b>Intentaron con mentiras, con fake news, con im\u00e1genes trucadas por inteligencia artificial, pero no nos van a correr. Estamos absolutamente enfocados en consolidar el proyecto de pa\u00eds que queremos<\/b>\u201c. La referencia es porque se hizo p\u00fablico que su esposa hab\u00eda viajado con la delegaci\u00f3n presidencial.\u00a0<a title=\"https:\/\/www.infobae.com\/politica\/2026\/03\/11\/manuel-adorni-hablo-sobre-las-criticas-por-el-viaje-de-su-esposa-a-eeuu-las-comitivas-de-este-gobierno-son-las-mas-chicas-de-la-historia\/\" href=\"https:\/\/www.infobae.com\/politica\/2026\/03\/11\/manuel-adorni-hablo-sobre-las-criticas-por-el-viaje-de-su-esposa-a-eeuu-las-comitivas-de-este-gobierno-son-las-mas-chicas-de-la-historia\/\" target=\"_blank\" rel=\"noopener noreferrer\" data-mrf-link=\"https:\/\/www.infobae.com\/politica\/2026\/03\/11\/manuel-adorni-hablo-sobre-las-criticas-por-el-viaje-de-su-esposa-a-eeuu-las-comitivas-de-este-gobierno-son-las-mas-chicas-de-la-historia\/\">De ese tema habl\u00f3 tambi\u00e9n en una entrevista con\u00a0<b>Infobae<\/b>.<\/a><\/p>\n<div class=\"visual__image\"><picture><source srcset=\"https:\/\/www.infobae.com\/resizer\/v2\/LPEBCUM6RREUTFR4Z6YVDBKCX4.jpeg?auth=d0833a8332cf5d2766f7bb4edffd64058551111ea5d198baff93f2d1b4f0ba78&amp;smart=true&amp;width=992&amp;height=744&amp;quality=85\" media=\"(min-width: 1000px)\" \/><source srcset=\"https:\/\/www.infobae.com\/resizer\/v2\/LPEBCUM6RREUTFR4Z6YVDBKCX4.jpeg?auth=d0833a8332cf5d2766f7bb4edffd64058551111ea5d198baff93f2d1b4f0ba78&amp;smart=true&amp;width=768&amp;height=576&amp;quality=85\" media=\"(min-width: 768px)\" \/><source srcset=\"https:\/\/www.infobae.com\/resizer\/v2\/LPEBCUM6RREUTFR4Z6YVDBKCX4.jpeg?auth=d0833a8332cf5d2766f7bb4edffd64058551111ea5d198baff93f2d1b4f0ba78&amp;smart=true&amp;width=577&amp;height=433&amp;quality=85\" media=\"(min-width: 580px)\" \/><source srcset=\"https:\/\/www.infobae.com\/resizer\/v2\/LPEBCUM6RREUTFR4Z6YVDBKCX4.jpeg?auth=d0833a8332cf5d2766f7bb4edffd64058551111ea5d198baff93f2d1b4f0ba78&amp;smart=true&amp;width=420&amp;height=315&amp;quality=85\" media=\"(min-width: 350px)\" \/><source srcset=\"https:\/\/www.infobae.com\/resizer\/v2\/LPEBCUM6RREUTFR4Z6YVDBKCX4.jpeg?auth=d0833a8332cf5d2766f7bb4edffd64058551111ea5d198baff93f2d1b4f0ba78&amp;smart=true&amp;width=350&amp;height=263&amp;quality=85\" media=\"(min-width: 80px)\" \/><img loading=\"lazy\" decoding=\"async\" class=\"global-image\" src=\"https:\/\/www.infobae.com\/resizer\/v2\/LPEBCUM6RREUTFR4Z6YVDBKCX4.jpeg?auth=d0833a8332cf5d2766f7bb4edffd64058551111ea5d198baff93f2d1b4f0ba78&amp;smart=true&amp;width=350&amp;height=263&amp;quality=85\" alt=\"Manuel Adorni\" width=\"4032\" height=\"3024\" \/><\/picture>Manuel Adorni<\/div>\n<p class=\"paragraph\" data-mrf-recirculation=\"Links inline\">All\u00ed -junto a la\u00a0<b>Embajada argentina<\/b>&#8211; se entregaron premios y distinciones.\u00a0<b>Miguel Galuccio<\/b>, presidente de\u00a0<b>Vista Energy<\/b>, se llev\u00f3 el Premio al Empresario Argentino del A\u00f1o 2025. \u201cEsta semana fue incre\u00edble. No busco premios y nunca los esper\u00e9. Si el Miguel de hace 30 a\u00f1os, cuando lleg\u00f3 a este pa\u00eds me viera recibiendo este premio no lo podr\u00eda creer. Estoy orgulloso por Vaca Muerta, que se inici\u00f3 gracias al lazo entre\u00a0<b>Argentina<\/b>\u00a0y\u00a0<b>EEUU<\/b>, con\u00a0<b>Chevron<\/b>\u00a0y\u00a0<b>Dow<\/b>; quiero agradecer a toda la industria, a\u00a0<b>Neuqu\u00e9n<\/b>\u00a0y\u00a0<b>R\u00edo Negro<\/b>, y a\u00a0<b>Vista<\/b>, una compa\u00f1\u00eda con gente talentosa y una cultura que los empodera para conseguir resultados extraordinarios\u201d, dijo.<\/p>\n<p class=\"paragraph\" data-mrf-recirculation=\"Links inline\">El Premio al Empresario Estadounidense del A\u00f1o fue para\u00a0<b>Mark Nelson<\/b>, VP de\u00a0<b>Chevron<\/b>. El ministro de Econom\u00eda,\u00a0<b>Luis Caputo<\/b>, entreg\u00f3 los diplomas a los campeones del\u00a0<b>RIGI<\/b>:\u00a0<b>YPF<\/b>,\u00a0<b>PAE<\/b>,\u00a0<b>Andes<\/b>,\u00a0<b>Rinc\u00f3n Mining<\/b>. \u201c<b>Los felicito por animarse a invertir en un pa\u00eds que rompi\u00f3 contratos durante tantas d\u00e9cadas, y decepcion\u00f3<\/b>\u201d, dijo el funcionario.<\/p>\n<div class=\"visual__image\"><picture><source srcset=\"https:\/\/www.infobae.com\/resizer\/v2\/RTR7ZF6VAJFZXHLB5PXHGGJWBM.jpg?auth=7bf62d566fe98d6b253dd51e778c11545cafc5fcea32c361072a926daca1e42b&amp;smart=true&amp;width=992&amp;height=627&amp;quality=85\" media=\"(min-width: 1000px)\" \/><source srcset=\"https:\/\/www.infobae.com\/resizer\/v2\/RTR7ZF6VAJFZXHLB5PXHGGJWBM.jpg?auth=7bf62d566fe98d6b253dd51e778c11545cafc5fcea32c361072a926daca1e42b&amp;smart=true&amp;width=768&amp;height=486&amp;quality=85\" media=\"(min-width: 768px)\" \/><source srcset=\"https:\/\/www.infobae.com\/resizer\/v2\/RTR7ZF6VAJFZXHLB5PXHGGJWBM.jpg?auth=7bf62d566fe98d6b253dd51e778c11545cafc5fcea32c361072a926daca1e42b&amp;smart=true&amp;width=577&amp;height=365&amp;quality=85\" media=\"(min-width: 580px)\" \/><source srcset=\"https:\/\/www.infobae.com\/resizer\/v2\/RTR7ZF6VAJFZXHLB5PXHGGJWBM.jpg?auth=7bf62d566fe98d6b253dd51e778c11545cafc5fcea32c361072a926daca1e42b&amp;smart=true&amp;width=420&amp;height=266&amp;quality=85\" media=\"(min-width: 350px)\" \/><source srcset=\"https:\/\/www.infobae.com\/resizer\/v2\/RTR7ZF6VAJFZXHLB5PXHGGJWBM.jpg?auth=7bf62d566fe98d6b253dd51e778c11545cafc5fcea32c361072a926daca1e42b&amp;smart=true&amp;width=350&amp;height=221&amp;quality=85\" media=\"(min-width: 80px)\" \/><img loading=\"lazy\" decoding=\"async\" class=\"global-image\" src=\"https:\/\/www.infobae.com\/resizer\/v2\/RTR7ZF6VAJFZXHLB5PXHGGJWBM.jpg?auth=7bf62d566fe98d6b253dd51e778c11545cafc5fcea32c361072a926daca1e42b&amp;smart=true&amp;width=350&amp;height=221&amp;quality=85\" alt=\"Luis Caputo, ministro de Econom\u00eda,\" width=\"1920\" height=\"1214\" \/><\/picture>Luis Caputo, ministro de Econom\u00eda, y Mariana Schoua, presidente de AmCham Argentina, en el evento de anoche<\/div>\n<h2 class=\"header headline-class-h2 headline\">Gobernadores<\/h2>\n<p class=\"paragraph\" data-mrf-recirculation=\"Links inline\">Empresarios del\u00a0<b>Instituto para el Desarrollo Empresarial de la Argentina (IDEA)<\/b>\u00a0van a exponer este jueves en el\u00a0<b>Consulado General<\/b>\u00a0sobre las nuevas oportunidades de inversi\u00f3n para el pa\u00eds, ante un p\u00fablico compuesto por inversores internacionales. El programa indica que habr\u00e1 palabras de\u00a0<b>Manuel Adorni<\/b>, jefe de Gabinete;\u00a0<b>Santiago Mignone<\/b>, presidente de\u00a0<b>IDEA<\/b>\u00a0y el embajador\u00a0<b>Alejandro Oxenford<\/b>. El evento tendr\u00e1 como eje central el panel \u201cLa competitividad de la\u00a0<b>Argentina<\/b>\u00a0a trav\u00e9s de la voz de los l\u00edderes empresarios\u201d, que reunir\u00e1 a representantes de empresas como\u00a0<b>Mariano Bosch (Adecoagro)<\/b>,\u00a0<b>Fabi\u00e1n Kon (Grupo Galicia)<\/b>,\u00a0<b>Roberto Murchison (Grupo Murchison)<\/b>\u00a0y\u00a0<b>Mart\u00edn Galdeano (Ford)<\/b>\u00a0quienes analizar\u00e1n el contexto macroecon\u00f3mico y el potencial de diferentes sectores productivos bajo la moderaci\u00f3n de\u00a0<b>Anna Cohen<\/b>, presidenta del\u00a0<b>Grupo Cohen<\/b>. Tambi\u00e9n habr\u00e1 un outlook econ\u00f3mico por\u00a0<b>Santiago Bulat<\/b>.<\/p>\n<div class=\"visual__image\"><picture><source srcset=\"https:\/\/www.infobae.com\/resizer\/v2\/RMP5J2IP7NHERKCVYKDGANJRWE.jpg?auth=7a395c22e0669860d0a3bdbd61dee9c5c3a0447381cdf95957b5219149967dfa&amp;smart=true&amp;width=992&amp;height=540&amp;quality=85\" media=\"(min-width: 1000px)\" \/><source srcset=\"https:\/\/www.infobae.com\/resizer\/v2\/RMP5J2IP7NHERKCVYKDGANJRWE.jpg?auth=7a395c22e0669860d0a3bdbd61dee9c5c3a0447381cdf95957b5219149967dfa&amp;smart=true&amp;width=768&amp;height=418&amp;quality=85\" media=\"(min-width: 768px)\" \/><source srcset=\"https:\/\/www.infobae.com\/resizer\/v2\/RMP5J2IP7NHERKCVYKDGANJRWE.jpg?auth=7a395c22e0669860d0a3bdbd61dee9c5c3a0447381cdf95957b5219149967dfa&amp;smart=true&amp;width=577&amp;height=314&amp;quality=85\" media=\"(min-width: 580px)\" \/><source srcset=\"https:\/\/www.infobae.com\/resizer\/v2\/RMP5J2IP7NHERKCVYKDGANJRWE.jpg?auth=7a395c22e0669860d0a3bdbd61dee9c5c3a0447381cdf95957b5219149967dfa&amp;smart=true&amp;width=420&amp;height=229&amp;quality=85\" media=\"(min-width: 350px)\" \/><source srcset=\"https:\/\/www.infobae.com\/resizer\/v2\/RMP5J2IP7NHERKCVYKDGANJRWE.jpg?auth=7a395c22e0669860d0a3bdbd61dee9c5c3a0447381cdf95957b5219149967dfa&amp;smart=true&amp;width=350&amp;height=191&amp;quality=85\" media=\"(min-width: 80px)\" \/><img loading=\"lazy\" decoding=\"async\" class=\"global-image\" src=\"https:\/\/www.infobae.com\/resizer\/v2\/RMP5J2IP7NHERKCVYKDGANJRWE.jpg?auth=7a395c22e0669860d0a3bdbd61dee9c5c3a0447381cdf95957b5219149967dfa&amp;smart=true&amp;width=350&amp;height=191&amp;quality=85\" alt=\"Gobernadores provinciales junto Luis Caputo,\" width=\"1920\" height=\"1046\" \/><\/picture>Gobernadores provinciales junto Luis Caputo, ministro de Econom\u00eda de la Naci\u00f3n y empresarios distinguidos, anoche, en el cocktail de AmCham<\/div>\n<p class=\"paragraph\" data-mrf-recirculation=\"Links inline\">Durante la segunda parte de la jornada, gobernadores de varias provincias argentinas participar\u00e1n en mesas sectoriales para exponer las oportunidades de desarrollo productivo y de inversi\u00f3n en sus distritos.<\/p>\n<p class=\"paragraph\" data-mrf-recirculation=\"Links inline\">En la agenda se destacan dos paneles: uno dedicado a energ\u00eda y oil&amp;gas, con la presencia de\u00a0<b>Horacio Mar\u00edn<\/b>, CEO de YPF, y los gobernadores<b>\u00a0Rolando Figueroa\u00a0<\/b>(Neuqu\u00e9n),<b>\u00a0Alberto Weretilneck<\/b>\u00a0(R\u00edo<b>\u00a0<\/b>Negro), Alfredo Cornejo (Mendoza),<b>\u00a0Juan Pablo Vald\u00e9s\u00a0<\/b>(Corrientes) e<b>\u00a0Ignacio Torres\u00a0<\/b>(Chubut); y otro centrado en miner\u00eda y minerales estrat\u00e9gicos, integrado por los gobernadores<b>\u00a0Marcelo Orrego\u00a0<\/b>(San Juan),\u00a0<b>Ra\u00fal Jalil<\/b>\u00a0(Catamarca),\u00a0<b>Carlos Sadir\u00a0<\/b>(Jujuy),<b>\u00a0Gustavo S\u00e1enz\u00a0<\/b>(Salta) y\u00a0<b>Claudio Vidal\u00a0<\/b>(Santa Cruz).<\/p>\n<div class=\"visual__image\"><picture><source srcset=\"https:\/\/www.infobae.com\/resizer\/v2\/XZMJ6OCX5ZAVPAQYAJCB56JZHQ.jpg?auth=c5053a73d8f9a7ac253989b2a51e5d05b8493c54422d401b74a2167ab0c3deb7&amp;smart=true&amp;width=992&amp;height=558&amp;quality=85\" media=\"(min-width: 1000px)\" \/><source srcset=\"https:\/\/www.infobae.com\/resizer\/v2\/XZMJ6OCX5ZAVPAQYAJCB56JZHQ.jpg?auth=c5053a73d8f9a7ac253989b2a51e5d05b8493c54422d401b74a2167ab0c3deb7&amp;smart=true&amp;width=768&amp;height=432&amp;quality=85\" media=\"(min-width: 768px)\" \/><source srcset=\"https:\/\/www.infobae.com\/resizer\/v2\/XZMJ6OCX5ZAVPAQYAJCB56JZHQ.jpg?auth=c5053a73d8f9a7ac253989b2a51e5d05b8493c54422d401b74a2167ab0c3deb7&amp;smart=true&amp;width=577&amp;height=325&amp;quality=85\" media=\"(min-width: 580px)\" \/><source srcset=\"https:\/\/www.infobae.com\/resizer\/v2\/XZMJ6OCX5ZAVPAQYAJCB56JZHQ.jpg?auth=c5053a73d8f9a7ac253989b2a51e5d05b8493c54422d401b74a2167ab0c3deb7&amp;smart=true&amp;width=420&amp;height=236&amp;quality=85\" media=\"(min-width: 350px)\" \/><source srcset=\"https:\/\/www.infobae.com\/resizer\/v2\/XZMJ6OCX5ZAVPAQYAJCB56JZHQ.jpg?auth=c5053a73d8f9a7ac253989b2a51e5d05b8493c54422d401b74a2167ab0c3deb7&amp;smart=true&amp;width=350&amp;height=197&amp;quality=85\" media=\"(min-width: 80px)\" \/><img loading=\"lazy\" decoding=\"async\" class=\"global-image\" src=\"https:\/\/www.infobae.com\/resizer\/v2\/XZMJ6OCX5ZAVPAQYAJCB56JZHQ.jpg?auth=c5053a73d8f9a7ac253989b2a51e5d05b8493c54422d401b74a2167ab0c3deb7&amp;smart=true&amp;width=350&amp;height=197&amp;quality=85\" alt=\"Panel de energ\u00eda: Mariana Schoua,\" width=\"1280\" height=\"720\" \/><\/picture>Panel de energ\u00eda: Mariana Schoua, Horacio Mar\u00edn (YPF), Marcelo Mindlin (Pampa Energ\u00eda) y Marcos Bulgheroni (PAE)<\/div>\n<p class=\"paragraph\" data-mrf-recirculation=\"Links inline\"><b>Santiago Mignone<\/b>, presidente de\u00a0<b>IDEA<\/b>, expres\u00f3: \u201cEspacios como\u00a0<b>Argentina Week<\/b>\u00a0son un excelente ejemplo de lo que se puede lograr cuando el sector p\u00fablico y el sector privado trabajan de manera coordinada para fortalecer la integraci\u00f3n de la Argentina al mundo y construir una agenda de desarrollo de largo plazo\u201d.<\/p>\n<h2 class=\"header headline-class-h2 headline\">Segunda jornada en el BofA<\/h2>\n<p class=\"paragraph\" data-mrf-recirculation=\"Links inline\">La jornada de ayer comenz\u00f3 con el ministro de Econom\u00eda,\u00a0<b>Luis Caputo<\/b>, asegurando que\u00a0<a title=\"https:\/\/www.infobae.com\/economia\/2026\/03\/11\/argentina-week-luis-caputo-evito-las-criticas-a-los-empresarios-e-hizo-hincapie-en-la-estabilidad-economica-que-logro-milei\/\" href=\"https:\/\/www.infobae.com\/economia\/2026\/03\/11\/argentina-week-luis-caputo-evito-las-criticas-a-los-empresarios-e-hizo-hincapie-en-la-estabilidad-economica-que-logro-milei\/\" target=\"_blank\" rel=\"noopener noreferrer\" data-mrf-link=\"https:\/\/www.infobae.com\/economia\/2026\/03\/11\/argentina-week-luis-caputo-evito-las-criticas-a-los-empresarios-e-hizo-hincapie-en-la-estabilidad-economica-que-logro-milei\/\">\u201cEl mayor riesgo es perder la chance de invertir en el pa\u00eds\u201d<\/a>. Luego hablaron su segundo,\u00a0<b>Jos\u00e9 Luis Daza<\/b>; y el ministro de Desregulaci\u00f3n,\u00a0<b>Federico Sturzenegger<\/b>, quien cruz\u00f3 a una parte del peronismo:\u00a0<a title=\"https:\/\/www.infobae.com\/economia\/2026\/03\/11\/federico-sturzenegger-siempre-supimos-que-estos-tipos-kirchneristas-hacian-un-poco-de-trampa\/\" href=\"https:\/\/www.infobae.com\/economia\/2026\/03\/11\/federico-sturzenegger-siempre-supimos-que-estos-tipos-kirchneristas-hacian-un-poco-de-trampa\/\" target=\"_blank\" rel=\"noopener noreferrer\" data-mrf-link=\"https:\/\/www.infobae.com\/economia\/2026\/03\/11\/federico-sturzenegger-siempre-supimos-que-estos-tipos-kirchneristas-hacian-un-poco-de-trampa\/\">\u201cSiempre supimos que estos tipos kirchneristas hac\u00edan un poco de trampa\u201d.<\/a>\u00a0Entre los funcionarios tambi\u00e9n dijeron presente\u00a0<b>Alejandro N\u00fa\u00f1ez<\/b>, presidente de\u00a0<b>Trenes Argentinos<\/b>, en b\u00fasqueda de empresas para privatizarlos, y\u00a0<b>Federico Ramos N\u00e1poli<\/b>, nuevo Secretario de Asuntos Nucleares, y quien se qued\u00f3 con las funciones del asesor de\u00a0<b>Milei, Demian Reidel.<\/b><\/p>\n<p class=\"paragraph\" data-mrf-recirculation=\"Links inline\">Reidel tuvo que dejar su cargo de presidente de\u00a0<b>Nucleoel\u00e9ctrica<\/b>\u00a0en medio de se\u00f1alamientos por contratos sospechados. Como sea,\u00a0<b>se lo vio sonriente y repartiendo besos y abrazos a funcionarios y empresarios el d\u00eda anterior, en el JP Morgan<\/b>.<\/p>\n<div class=\"visual__image\"><picture><source srcset=\"https:\/\/www.infobae.com\/resizer\/v2\/UIONUF4T4JG53KKVCECUCJHRHU.jpg?auth=660bdc9f088cceabd4fbb5bfdc3954fdaddda7b72ea232307e963cd679e12873&amp;smart=true&amp;width=992&amp;height=558&amp;quality=85\" media=\"(min-width: 1000px)\" \/><source srcset=\"https:\/\/www.infobae.com\/resizer\/v2\/UIONUF4T4JG53KKVCECUCJHRHU.jpg?auth=660bdc9f088cceabd4fbb5bfdc3954fdaddda7b72ea232307e963cd679e12873&amp;smart=true&amp;width=768&amp;height=432&amp;quality=85\" media=\"(min-width: 768px)\" \/><source srcset=\"https:\/\/www.infobae.com\/resizer\/v2\/UIONUF4T4JG53KKVCECUCJHRHU.jpg?auth=660bdc9f088cceabd4fbb5bfdc3954fdaddda7b72ea232307e963cd679e12873&amp;smart=true&amp;width=577&amp;height=325&amp;quality=85\" media=\"(min-width: 580px)\" \/><source srcset=\"https:\/\/www.infobae.com\/resizer\/v2\/UIONUF4T4JG53KKVCECUCJHRHU.jpg?auth=660bdc9f088cceabd4fbb5bfdc3954fdaddda7b72ea232307e963cd679e12873&amp;smart=true&amp;width=420&amp;height=236&amp;quality=85\" media=\"(min-width: 350px)\" \/><source srcset=\"https:\/\/www.infobae.com\/resizer\/v2\/UIONUF4T4JG53KKVCECUCJHRHU.jpg?auth=660bdc9f088cceabd4fbb5bfdc3954fdaddda7b72ea232307e963cd679e12873&amp;smart=true&amp;width=350&amp;height=197&amp;quality=85\" media=\"(min-width: 80px)\" \/><img loading=\"lazy\" decoding=\"async\" class=\"global-image\" src=\"https:\/\/www.infobae.com\/resizer\/v2\/UIONUF4T4JG53KKVCECUCJHRHU.jpg?auth=660bdc9f088cceabd4fbb5bfdc3954fdaddda7b72ea232307e963cd679e12873&amp;smart=true&amp;width=350&amp;height=197&amp;quality=85\" alt=\"Alejandro Bulgheroni, presidente de PAE,\" width=\"1280\" height=\"720\" \/><\/picture>Alejandro Bulgheroni, presidente de PAE, y Daniel Gonz\u00e1lez<\/div>\n<p class=\"paragraph\" data-mrf-recirculation=\"Links inline\">Ayer hubo paneles de tecnolog\u00eda, agro y bancos.\u00a0<a title=\"https:\/\/www.infobae.com\/economia\/2026\/03\/11\/los-bancos-argentinos-destacaron-la-digitalizacion-y-el-crecimiento-como-desafios-centrales-en-argentina-week\/\" href=\"https:\/\/www.infobae.com\/economia\/2026\/03\/11\/los-bancos-argentinos-destacaron-la-digitalizacion-y-el-crecimiento-como-desafios-centrales-en-argentina-week\/\" target=\"_blank\" rel=\"noopener noreferrer\" data-mrf-link=\"https:\/\/www.infobae.com\/economia\/2026\/03\/11\/los-bancos-argentinos-destacaron-la-digitalizacion-y-el-crecimiento-como-desafios-centrales-en-argentina-week\/\"><b>Juan Parma (Macro)<\/b>,\u00a0<b>Diego Rivas (Banco Galicia)<\/b>\u00a0y\u00a0<b>Gustavo Manriquez (Banco Supervielle)<\/b>\u00a0hablaron de digitalizaci\u00f3n y crecimiento para el sector<\/a>.<\/p>\n<p class=\"paragraph\" data-mrf-recirculation=\"Links inline\"><a title=\"https:\/\/www.infobae.com\/economia\/2026\/03\/11\/vaca-muerta-protagonista-excluyente-del-argentina-week-la-vision-de-los-empresarios-detras-de-la-locomotora-de-la-economia-local\/\" href=\"https:\/\/www.infobae.com\/economia\/2026\/03\/11\/vaca-muerta-protagonista-excluyente-del-argentina-week-la-vision-de-los-empresarios-detras-de-la-locomotora-de-la-economia-local\/\" target=\"_blank\" rel=\"noopener noreferrer\" data-mrf-link=\"https:\/\/www.infobae.com\/economia\/2026\/03\/11\/vaca-muerta-protagonista-excluyente-del-argentina-week-la-vision-de-los-empresarios-detras-de-la-locomotora-de-la-economia-local\/\">Los paneles cerraron con un rubro que volvi\u00f3 a llenar el sal\u00f3n: energ\u00eda<\/a>. Hablaron en dos tandas\u00a0<b>Mark Nelson\u00a0<\/b>(Chevron),\u00a0<b>Miguel Galuccio<\/b>\u00a0(Vista Energy),\u00a0<b>Harold Hamm\u00a0<\/b>(Continental Resources),\u00a0<b>Horacio Mar\u00edn\u00a0<\/b>(YPF),\u00a0<b>Marcelo Mindlin (Pampa Energ\u00eda)<\/b>\u00a0y\u00a0<b>Marcos Bulgheroni\u00a0<\/b>(PAE).<\/p>\n<p class=\"paragraph\" data-mrf-recirculation=\"Links inline\">Sobre el final,\u00a0<b>Daniel Gonz\u00e1lez<\/b>, Coordinador de Energ\u00eda y Miner\u00eda del gobierno, dialog\u00f3 con\u00a0<b>Alejandro Bulgheroni<\/b>, presidente y fundador de\u00a0<b>Pan American Energy\u00a0<\/b>(PAE). \u201cEsta vez es diferente. Esta vez estoy seguro de que vamos a seguir creciendo\u2026 Esta vez, desde lo m\u00e1s alto, desde el presidente Milei, tenemos una idea clara\u201d, destac\u00f3 el petrolero.<\/p>\n","protected":false},"excerpt":{"rendered":"<p>Desde Nueva York &#8211;\u00a0Hoy es el turno de los gobernadores, que no estuvieron en la grilla central del\u00a0Argentina Week, pero s\u00ed tuvieron actividad nutrida, como espectadores y en reuniones paralelas. Los 11 jefes provinciales invitados por\u00a0Javier Milei\u00a0a esta ciudad tienen agenda completa en el\u00a0Consulado argentino en esta ciudad. La jornada de ayer termin\u00f3 con un [&hellip;]<\/p>\n","protected":false},"author":2,"featured_media":31328,"comment_status":"open","ping_status":"open","sticky":false,"template":"","format":"standard","meta":{"footnotes":""},"categories":[77],"tags":[],"class_list":{"0":"post-31327","1":"post","2":"type-post","3":"status-publish","4":"format-standard","5":"has-post-thumbnail","7":"category-nacionales"},"_links":{"self":[{"href":"https:\/\/radiobitacora.com.ar\/web\/wp-json\/wp\/v2\/posts\/31327","targetHints":{"allow":["GET"]}}],"collection":[{"href":"https:\/\/radiobitacora.com.ar\/web\/wp-json\/wp\/v2\/posts"}],"about":[{"href":"https:\/\/radiobitacora.com.ar\/web\/wp-json\/wp\/v2\/types\/post"}],"author":[{"embeddable":true,"href":"https:\/\/radiobitacora.com.ar\/web\/wp-json\/wp\/v2\/users\/2"}],"replies":[{"embeddable":true,"href":"https:\/\/radiobitacora.com.ar\/web\/wp-json\/wp\/v2\/comments?post=31327"}],"version-history":[{"count":1,"href":"https:\/\/radiobitacora.com.ar\/web\/wp-json\/wp\/v2\/posts\/31327\/revisions"}],"predecessor-version":[{"id":31329,"href":"https:\/\/radiobitacora.com.ar\/web\/wp-json\/wp\/v2\/posts\/31327\/revisions\/31329"}],"wp:featuredmedia":[{"embeddable":true,"href":"https:\/\/radiobitacora.com.ar\/web\/wp-json\/wp\/v2\/media\/31328"}],"wp:attachment":[{"href":"https:\/\/radiobitacora.com.ar\/web\/wp-json\/wp\/v2\/media?parent=31327"}],"wp:term":[{"taxonomy":"category","embeddable":true,"href":"https:\/\/radiobitacora.com.ar\/web\/wp-json\/wp\/v2\/categories?post=31327"},{"taxonomy":"post_tag","embeddable":true,"href":"https:\/\/radiobitacora.com.ar\/web\/wp-json\/wp\/v2\/tags?post=31327"}],"curies":[{"name":"wp","href":"https:\/\/api.w.org\/{rel}","templated":true}]}}