{"id":31330,"date":"2026-03-12T09:54:03","date_gmt":"2026-03-12T12:54:03","guid":{"rendered":"https:\/\/radiobitacora.com.ar\/web\/?p=31330"},"modified":"2026-03-12T09:54:03","modified_gmt":"2026-03-12T12:54:03","slug":"la-suba-de-la-nafta-presiona-a-la-inflacion-de-marzo-y-deja-sin-margen-al-gobierno-para-inyectar-pesos-en-la-economia","status":"publish","type":"post","link":"https:\/\/radiobitacora.com.ar\/web\/2026\/03\/12\/la-suba-de-la-nafta-presiona-a-la-inflacion-de-marzo-y-deja-sin-margen-al-gobierno-para-inyectar-pesos-en-la-economia\/","title":{"rendered":"La suba de la nafta presiona a la inflaci\u00f3n de marzo y deja sin margen al Gobierno para inyectar pesos en la econom\u00eda"},"content":{"rendered":"<p class=\"paragraph\" data-mrf-recirculation=\"Links inline\">El\u00a0<b>mercado<\/b>\u00a0sigue con expectativa lo que pueda suceder en la\u00a0<a title=\"https:\/\/www.infobae.com\/economia\/2026\/03\/10\/licitacion-de-deuda-clave-el-gobierno-mostro-el-menu-y-el-mercado-preve-que-cambiara-de-estrategia\/\" href=\"https:\/\/www.infobae.com\/economia\/2026\/03\/10\/licitacion-de-deuda-clave-el-gobierno-mostro-el-menu-y-el-mercado-preve-que-cambiara-de-estrategia\/\" target=\"_blank\" rel=\"noopener noreferrer\" data-mrf-link=\"https:\/\/www.infobae.com\/economia\/2026\/03\/10\/licitacion-de-deuda-clave-el-gobierno-mostro-el-menu-y-el-mercado-preve-que-cambiara-de-estrategia\/\"><b>licitaci\u00f3n de bonos<\/b><\/a>\u00a0que realizar\u00e1 hoy el Tesoro, en coincidencia con la divulgaci\u00f3n del dato de inflaci\u00f3n de febrero por parte del Instituto Nacional de Estad\u00edstica y Censos (Indec). Sin embargo, la preocupaci\u00f3n pasa por el \u00edndice de marzo, que viene muy presionado por la\u00a0<b>suba de la nafta, que ya acumula 8% en el mes<\/b>.<\/p>\n<p class=\"paragraph\" data-mrf-recirculation=\"Links inline\">El\u00a0<b>Tesoro sale hoy a renovar casi $10 billones<\/b>, a trav\u00e9s de la colocaci\u00f3n de bonos a tasa fija de corto plazo, como tambi\u00e9n a tasa variable y ajustados por inflaci\u00f3n. Todo indica que posiblemente opte por renovar la totalidad o una proporci\u00f3n considerable. El objetivo ser\u00eda evitar la expansi\u00f3n monetaria cuando la inflaci\u00f3n se mantiene en valores mucho m\u00e1s elevados que los deseados por el Gobierno.<\/p>\n<p class=\"paragraph\" data-mrf-recirculation=\"Links inline\">De hecho fue el propio\u00a0<b>Javier Milei\u00a0<\/b>quien le envi\u00f3 un mensaje al titular del Central, Santiago Bausili: \u201cPreparate porque\u00a0<b>te van a salir los d\u00f3lares por las orejas<\/b>\u201d. Pero, acto seguido, reclam\u00f3: \u201c<b>Que no se vaya a la inflaci\u00f3n<\/b>, por favor. O sea, cuidado c\u00f3mo los compr\u00e1s. Ya saben que, si fuera por m\u00ed&#8230; Pero bueno, no me voy a meter, es una cuesti\u00f3n de independencia\u201d.<\/p>\n<div class=\"rawHTML raw_html \">\n<div id=\"ig-80e5847b-cdbe-0de8-a56a-82bb6830c72b\" class=\"infogram-embed\" data-id=\"8f58eb68-e105-413c-a5a7-5c4e34ef7cf5\" data-type=\"interactive\" data-title=\"INFLACION MES Y ANUAL\" data-processed=\"1\"><iframe title=\"INFLACION MES Y ANUAL\" src=\"https:\/\/e.infogram.com\/8f58eb68-e105-413c-a5a7-5c4e34ef7cf5?parent_url=https%3A%2F%2Fwww.infobae.com%2Feconomia%2F2026%2F03%2F12%2Fla-suba-de-la-nafta-presiona-a-la-inflacion-de-marzo-y-deja-sin-margen-al-gobierno-para-inyectar-pesos-en-la-economia%2F&amp;src=embed#async_embed\" frameborder=\"0\" scrolling=\"no\" allowfullscreen=\"allowfullscreen\" data-mce-fragment=\"1\"><\/iframe><\/div>\n<\/div>\n<p class=\"paragraph\" data-mrf-recirculation=\"Links inline\">De esta forma, el Presidente, en medio del Argentina Week, expres\u00f3 su\u00a0<b>preocupaci\u00f3n por la emisi\u00f3n monetaria que conlleva la compra de d\u00f3lares<\/b>. Sucede que en la pr\u00e1ctica el plan de remonetizaci\u00f3n todav\u00eda no arranc\u00f3. Los pesos que emiti\u00f3 el BCRA para comprar m\u00e1s de USD 3.000 millones en lo que va del a\u00f1o fueron inmediatamente reabsorbidos y el principal mecanismo fue la refinanciaci\u00f3n de los vencimientos de deuda en pesos por encima del 100 por ciento.<\/p>\n<p class=\"paragraph\" data-mrf-recirculation=\"Links inline\">Un informe del IERAL de la Fundaci\u00f3n Mediterr\u00e1nea puntualiz\u00f3 que la base monetaria se contrajo en $2 billones en lo que va del a\u00f1o. Se trata de un esfuerzo de parte del Gobierno para que la inflaci\u00f3n perfore el 2% mensual, algo que no suceder\u00e1 en el corto plazo.<\/p>\n<p class=\"paragraph\" data-mrf-recirculation=\"Links inline\">Esa disminuci\u00f3n se da a pesar que las compras de d\u00f3lares del Central significaron una expansi\u00f3n de $3,9 billones desde el arranque de 2026. Sin embargo, las colocaci\u00f3n de deuda del Tesoro absorbieron $3 billones y el resto corri\u00f3 por cuenta del Central, v\u00eda emisi\u00f3n de bonos y otros instrumentos de esterilizaci\u00f3n, por ejemplo futuros de d\u00f3lar.<\/p>\n<p class=\"paragraph\" data-mrf-recirculation=\"Links inline\">La contracara es que las tasas arrancaron muy elevadas el a\u00f1o, pero gradualmente fueron acomod\u00e1ndose. El tramo corto de la curva de bonos en moneda local registr\u00f3 un retroceso de 500 puntos b\u00e1sicos, para estabilizarse en torno al 33 por ciento.<\/p>\n<div class=\"rawHTML raw_html \">\n<div><iframe title=\"Ventas BCRA\" src=\"https:\/\/e.infogram.com\/6e023d94-ffe3-49ed-9d8c-83222cae11e2?src=embed&amp;embed_type=responsive_iframe\" allowfullscreen=\"allowfullscreen\" data-mce-fragment=\"1\"><\/iframe><\/div>\n<\/div>\n<p class=\"paragraph\" data-mrf-recirculation=\"Links inline\">\u00bfExiste margen para que nuevas bajas de tasas? Seg\u00fan el IERAL el espacio para una reducci\u00f3n adicional luce acotado. \u201c<b>En el corto plazo el espacio para nuevas bajas luce acotado<\/b>. La paridad de tasas, que combina la tasa internacional, las expectativas de depreciaci\u00f3n y el riesgo pa\u00eds, junto con una inflaci\u00f3n todav\u00eda elevada requieren mantener rendimientos reales positivos para sostener la demanda de activos en pesos\u201d, agregaron.<\/p>\n<p class=\"paragraph\" data-mrf-recirculation=\"Links inline\">Milei insisti\u00f3 en que el objetivo es que la\u00a0<b>inflaci\u00f3n baje a partir de agosto a niveles inferiores al 1 por ciento<\/b>. Se trata, sin embargo, de un objetivo complicado por las presiones que subsisten en distintos sectores. Por lo pronto, ya ser\u00eda un logro para el Gobierno que el \u00edndice de marzo se ubique por debajo del 3 por ciento.<\/p>\n<p class=\"paragraph\" data-mrf-recirculation=\"Links inline\">El\u00a0<b>aumento de la nafta ya acumula 8%<\/b>\u00a0en lo que va de marzo y refleja parcialmente el aumento del\u00a0<b>barril de petr\u00f3leo<\/b>, que en las \u00faltimas horas volvi\u00f3 a ubicarse por encima de los\u00a0<b>90 d\u00f3lares<\/b>. Los expertos estiman que\u00a0<b>se mantendr\u00e1 en estos niveles al menos por los pr\u00f3ximos dos meses<\/b>. Hasta el momento, los esfuerzos de Donald Trump para controlar los precios dieron resultados discretos.<\/p>\n<p class=\"paragraph\" data-mrf-recirculation=\"Links inline\">Pero, adem\u00e1s de la nafta,\u00a0<b>marzo es un mes de estacionalidad alta por el inicio del ciclo lectivo y Semana Santa<\/b>, junto a la suba en alimentos y en servicios p\u00fablicos. Lo \u00fanico que juega a favor es la baja del d\u00f3lar, que ayer volvi\u00f3 a perforar los $ 1.400 para la cotizaci\u00f3n mayorista y act\u00faa como el \u00fanico ancla antiinflacionaria.<\/p>\n","protected":false},"excerpt":{"rendered":"<p>El\u00a0mercado\u00a0sigue con expectativa lo que pueda suceder en la\u00a0licitaci\u00f3n de bonos\u00a0que realizar\u00e1 hoy el Tesoro, en coincidencia con la divulgaci\u00f3n del dato de inflaci\u00f3n de febrero por parte del Instituto Nacional de Estad\u00edstica y Censos (Indec). Sin embargo, la preocupaci\u00f3n pasa por el \u00edndice de marzo, que viene muy presionado por la\u00a0suba de la nafta, [&hellip;]<\/p>\n","protected":false},"author":2,"featured_media":31331,"comment_status":"open","ping_status":"open","sticky":false,"template":"","format":"standard","meta":{"footnotes":""},"categories":[65],"tags":[],"class_list":{"0":"post-31330","1":"post","2":"type-post","3":"status-publish","4":"format-standard","5":"has-post-thumbnail","7":"category-economia"},"_links":{"self":[{"href":"https:\/\/radiobitacora.com.ar\/web\/wp-json\/wp\/v2\/posts\/31330","targetHints":{"allow":["GET"]}}],"collection":[{"href":"https:\/\/radiobitacora.com.ar\/web\/wp-json\/wp\/v2\/posts"}],"about":[{"href":"https:\/\/radiobitacora.com.ar\/web\/wp-json\/wp\/v2\/types\/post"}],"author":[{"embeddable":true,"href":"https:\/\/radiobitacora.com.ar\/web\/wp-json\/wp\/v2\/users\/2"}],"replies":[{"embeddable":true,"href":"https:\/\/radiobitacora.com.ar\/web\/wp-json\/wp\/v2\/comments?post=31330"}],"version-history":[{"count":1,"href":"https:\/\/radiobitacora.com.ar\/web\/wp-json\/wp\/v2\/posts\/31330\/revisions"}],"predecessor-version":[{"id":31332,"href":"https:\/\/radiobitacora.com.ar\/web\/wp-json\/wp\/v2\/posts\/31330\/revisions\/31332"}],"wp:featuredmedia":[{"embeddable":true,"href":"https:\/\/radiobitacora.com.ar\/web\/wp-json\/wp\/v2\/media\/31331"}],"wp:attachment":[{"href":"https:\/\/radiobitacora.com.ar\/web\/wp-json\/wp\/v2\/media?parent=31330"}],"wp:term":[{"taxonomy":"category","embeddable":true,"href":"https:\/\/radiobitacora.com.ar\/web\/wp-json\/wp\/v2\/categories?post=31330"},{"taxonomy":"post_tag","embeddable":true,"href":"https:\/\/radiobitacora.com.ar\/web\/wp-json\/wp\/v2\/tags?post=31330"}],"curies":[{"name":"wp","href":"https:\/\/api.w.org\/{rel}","templated":true}]}}