{"id":31336,"date":"2026-03-12T10:09:52","date_gmt":"2026-03-12T13:09:52","guid":{"rendered":"https:\/\/radiobitacora.com.ar\/web\/?p=31336"},"modified":"2026-03-12T10:09:52","modified_gmt":"2026-03-12T13:09:52","slug":"entre-monumentos-gastronomia-y-glamour-wanda-nara-mostro-sus-paseos-por-las-calles-de-milan-mi-casa-hace-17-anos","status":"publish","type":"post","link":"https:\/\/radiobitacora.com.ar\/web\/2026\/03\/12\/entre-monumentos-gastronomia-y-glamour-wanda-nara-mostro-sus-paseos-por-las-calles-de-milan-mi-casa-hace-17-anos\/","title":{"rendered":"Entre monumentos, gastronom\u00eda y glamour, Wanda Nara mostr\u00f3 sus paseos por las calles de Mil\u00e1n: \u201cMi casa hace 17 a\u00f1os\u201d"},"content":{"rendered":"<p class=\"paragraph\" data-mrf-recirculation=\"Links inline\">Mil\u00e1n volvi\u00f3 a convertirse en el escenario donde se cruzan las historias de\u00a0<a title=\"https:\/\/www.infobae.com\/tag\/wanda-nara\/\" href=\"https:\/\/www.infobae.com\/tag\/wanda-nara\/\" target=\"_blank\" rel=\"noopener noreferrer\" data-mrf-link=\"https:\/\/www.infobae.com\/tag\/wanda-nara\/\"><b>Wanda Nara<\/b><\/a>,<b>\u00a0<\/b><a title=\"https:\/\/www.infobae.com\/tag\/mauro-icardi\/\" href=\"https:\/\/www.infobae.com\/tag\/mauro-icardi\/\" target=\"_blank\" rel=\"noopener noreferrer\" data-mrf-link=\"https:\/\/www.infobae.com\/tag\/mauro-icardi\/\"><b>Mauro Icardi<\/b><\/a><b>\u00a0<\/b>y\u00a0<a title=\"https:\/\/www.infobae.com\/tag\/china-suarez\/\" href=\"https:\/\/www.infobae.com\/tag\/china-suarez\/\" target=\"_blank\" rel=\"noopener noreferrer\" data-mrf-link=\"https:\/\/www.infobae.com\/tag\/china-suarez\/\"><b>la China Su\u00e1rez.\u00a0<\/b><\/a>En medio del proceso judicial que enfrenta a la empresaria y al futbolista por la divisi\u00f3n de bienes, la capital lombarda volvi\u00f3 a ser el epicentro del Wandagate. Entre audiencias legales, recorridos por lugares cargados de recuerdos y publicaciones en redes sociales, la conductora comparti\u00f3 distintas postales de su estad\u00eda en una ciudad que forma parte de su historia personal desde hace casi dos d\u00e9cadas.<\/p>\n<p class=\"paragraph\" data-mrf-recirculation=\"Links inline\">Durante los \u00faltimos d\u00edas, Wanda mostr\u00f3 en sus redes una serie de im\u00e1genes frente a uno de los monumentos m\u00e1s emblem\u00e1ticos de la ciudad:\u00a0<b>la Catedral de Mil\u00e1n<\/b>, conocida mundialmente como el Duomo. En una de las fotos, donde posa frente a la imponente arquitectura g\u00f3tica del edificio, escribi\u00f3 una frase que llam\u00f3 la atenci\u00f3n de sus seguidores:\u00a0<b>\u201cMi casa hace 17 a\u00f1os\u201d<\/b>, acompa\u00f1ada por un emoji de la bandera italiana, una cara emocionada y un coraz\u00f3n rojo.<\/p>\n<div class=\"inline ad-wrapper\">\n<div class=\"dfpAd ad-inline\">\n<div id=\"infobae\/teleshow\/nota\/inline\" class=\"infobae\/teleshow\/nota\/inline arcad\" data-google-query-id=\"CMnhjc-2mpMDFXs3uQYdq1UhVg\">\n<div id=\"google_ads_iframe_\/1058609\/infobae\/teleshow\/nota\/inline_0__container__\"><iframe loading=\"lazy\" id=\"google_ads_iframe_\/1058609\/infobae\/teleshow\/nota\/inline_0\" tabindex=\"0\" title=\"Contenido de anuncios de terceros\" src=\"https:\/\/3a3b8569e592e1f741b273cc4d2d0341.safeframe.googlesyndication.com\/safeframe\/1-0-45\/html\/container.html\" name=\"\" width=\"856\" height=\"106\" frameborder=\"0\" marginwidth=\"0\" marginheight=\"0\" scrolling=\"no\" sandbox=\"allow-forms allow-popups allow-popups-to-escape-sandbox allow-same-origin allow-scripts allow-top-navigation-by-user-activation\" data-is-safeframe=\"true\" aria-label=\"Anuncio\" data-google-container-id=\"c\" data-load-complete=\"true\" data-mce-fragment=\"1\"><\/iframe><\/div>\n<\/div>\n<\/div>\n<\/div>\n<p class=\"paragraph\" data-mrf-recirculation=\"Links inline\">La frase no fue casual. Mil\u00e1n ocupa un lugar central en la vida de Wanda, ya que\u00a0<b>fue en esta ciudad donde se consolid\u00f3 gran parte de su historia con Mauro Icardi<\/b>, cuando el delantero argentino jugaba en el Inter. Durante a\u00f1os, la pareja vivi\u00f3 all\u00ed junto a sus hijos, mientras ella tambi\u00e9n desempe\u00f1aba un rol clave como representante del futbolista.<\/p>\n<div class=\"visual__image\"><picture><source srcset=\"https:\/\/www.infobae.com\/resizer\/v2\/UXK56CNUPJEJ7JG2XX2R7L6VFQ.jpg?auth=efccafa54c2f9c2c721d8a22120b3c42e42704fb1bd961c2cb2f31564ebf3a00&amp;smart=true&amp;width=992&amp;height=1763&amp;quality=85\" media=\"(min-width: 1000px)\" \/><source srcset=\"https:\/\/www.infobae.com\/resizer\/v2\/UXK56CNUPJEJ7JG2XX2R7L6VFQ.jpg?auth=efccafa54c2f9c2c721d8a22120b3c42e42704fb1bd961c2cb2f31564ebf3a00&amp;smart=true&amp;width=768&amp;height=1365&amp;quality=85\" media=\"(min-width: 768px)\" \/><source srcset=\"https:\/\/www.infobae.com\/resizer\/v2\/UXK56CNUPJEJ7JG2XX2R7L6VFQ.jpg?auth=efccafa54c2f9c2c721d8a22120b3c42e42704fb1bd961c2cb2f31564ebf3a00&amp;smart=true&amp;width=577&amp;height=1025&amp;quality=85\" media=\"(min-width: 580px)\" \/><source srcset=\"https:\/\/www.infobae.com\/resizer\/v2\/UXK56CNUPJEJ7JG2XX2R7L6VFQ.jpg?auth=efccafa54c2f9c2c721d8a22120b3c42e42704fb1bd961c2cb2f31564ebf3a00&amp;smart=true&amp;width=420&amp;height=746&amp;quality=85\" media=\"(min-width: 350px)\" \/><source srcset=\"https:\/\/www.infobae.com\/resizer\/v2\/UXK56CNUPJEJ7JG2XX2R7L6VFQ.jpg?auth=efccafa54c2f9c2c721d8a22120b3c42e42704fb1bd961c2cb2f31564ebf3a00&amp;smart=true&amp;width=350&amp;height=622&amp;quality=85\" media=\"(min-width: 80px)\" \/><img loading=\"lazy\" decoding=\"async\" class=\"global-image\" src=\"https:\/\/www.infobae.com\/resizer\/v2\/UXK56CNUPJEJ7JG2XX2R7L6VFQ.jpg?auth=efccafa54c2f9c2c721d8a22120b3c42e42704fb1bd961c2cb2f31564ebf3a00&amp;smart=true&amp;width=350&amp;height=622&amp;quality=85\" alt=\"La Catedral de Mil\u00e1n se\" width=\"1080\" height=\"1919\" \/><\/picture>La Catedral de Mil\u00e1n se convierte en el escenario favorito de Wanda Nara para sus publicaciones en redes sociales<\/div>\n<p class=\"paragraph\" data-mrf-recirculation=\"Links inline\">Las fotos que comparti\u00f3 en esta nueva visita muestran a la empresaria caminando por la plaza del Duomo con un look relajado y elegante: un abrigo largo oscuro, jeans amplios y zapatillas deportivas, acompa\u00f1ado por gafas de sol.\u00a0<b>En las im\u00e1genes se la ve recorriendo la zona tur\u00edstica entre visitantes y transe\u00fantes, con la catedral como tel\u00f3n de fondo.<\/b><\/p>\n<p class=\"paragraph\" data-mrf-recirculation=\"Links inline\">Las publicaciones transmiten un clima de calma y disfrute, en contraste con el contexto judicial que rodea su viaje. Wanda se encuentra en Italia por la audiencia vinculada al proceso de conciliaci\u00f3n de bienes con Icardi, un conflicto legal que sigue avanzando en la justicia italiana y que mantiene a la expareja en el centro de la atenci\u00f3n medi\u00e1tica.<\/p>\n<div class=\"news-module\" data-mrf-recirculation=\"IL_wLyG9sjfRQKb8QO3fSLumw\" data-testid=\"text-html\" data-mrf-experience=\"IL_wLyG9sjfRQKb8QO3fSLumw\">\n<div class=\"recommended-card__image-container\"><\/div>\n<\/div>\n<p class=\"paragraph\" data-mrf-recirculation=\"Links inline\">Durante su estad\u00eda en la ciudad\u00a0<b>tambi\u00e9n estuvo acompa\u00f1ada por su actual pareja, Mart\u00edn Migueles.\u00a0<\/b>Sin embargo, el empresario no aparece en las fotograf\u00edas que la conductora decidi\u00f3 compartir en sus redes sociales, donde ella opt\u00f3 por mostrarse sola en los distintos recorridos por la capital de la moda.<\/p>\n<div class=\"visual__image\"><picture><source srcset=\"https:\/\/www.infobae.com\/resizer\/v2\/CVGJCRQTCFGRLLN6DCKQGGTW2I.png?auth=893c4e35ef4eae6da64d93959dd98094737894af451387c926192d4a78274181&amp;smart=true&amp;width=992&amp;height=1801&amp;quality=85\" media=\"(min-width: 1000px)\" \/><source srcset=\"https:\/\/www.infobae.com\/resizer\/v2\/CVGJCRQTCFGRLLN6DCKQGGTW2I.png?auth=893c4e35ef4eae6da64d93959dd98094737894af451387c926192d4a78274181&amp;smart=true&amp;width=768&amp;height=1394&amp;quality=85\" media=\"(min-width: 768px)\" \/><source srcset=\"https:\/\/www.infobae.com\/resizer\/v2\/CVGJCRQTCFGRLLN6DCKQGGTW2I.png?auth=893c4e35ef4eae6da64d93959dd98094737894af451387c926192d4a78274181&amp;smart=true&amp;width=577&amp;height=1048&amp;quality=85\" media=\"(min-width: 580px)\" \/><source srcset=\"https:\/\/www.infobae.com\/resizer\/v2\/CVGJCRQTCFGRLLN6DCKQGGTW2I.png?auth=893c4e35ef4eae6da64d93959dd98094737894af451387c926192d4a78274181&amp;smart=true&amp;width=420&amp;height=763&amp;quality=85\" media=\"(min-width: 350px)\" \/><source srcset=\"https:\/\/www.infobae.com\/resizer\/v2\/CVGJCRQTCFGRLLN6DCKQGGTW2I.png?auth=893c4e35ef4eae6da64d93959dd98094737894af451387c926192d4a78274181&amp;smart=true&amp;width=350&amp;height=635&amp;quality=85\" media=\"(min-width: 80px)\" \/><img loading=\"lazy\" decoding=\"async\" class=\"global-image\" src=\"https:\/\/www.infobae.com\/resizer\/v2\/CVGJCRQTCFGRLLN6DCKQGGTW2I.png?auth=893c4e35ef4eae6da64d93959dd98094737894af451387c926192d4a78274181&amp;smart=true&amp;width=350&amp;height=635&amp;quality=85\" alt=\"Wanda Nara disfrut\u00f3 de la\" width=\"477\" height=\"866\" \/><\/picture>Wanda Nara disfrut\u00f3 de la gastronom\u00eda de lujo en BVLGARI Il Ristorante Niko Romito durante su visita a Mil\u00e1n<\/div>\n<p class=\"paragraph\" data-mrf-recirculation=\"Links inline\">M\u00e1s all\u00e1 de las obligaciones legales, Wanda aprovech\u00f3 el viaje para disfrutar de algunos de los placeres gastron\u00f3micos que ofrece la ciudad. Entre las experiencias que comparti\u00f3 con sus seguidores se destac\u00f3\u00a0<b>un almuerzo en BVLGARI Il Ristorante Niko Romito<\/b>, uno de los restaurantes m\u00e1s exclusivos de Mil\u00e1n. En sus historias de Instagram mostr\u00f3 detalles del lugar, la ambientaci\u00f3n y parte del men\u00fa, en una escena que reflejaba el costado m\u00e1s relajado de su visita.<\/p>\n<p class=\"paragraph\" data-mrf-recirculation=\"Links inline\">Mientras tanto, la ciudad italiana tambi\u00e9n recibi\u00f3 a otros protagonistas del esc\u00e1ndalo medi\u00e1tico que sigue rodeando a la expareja.\u00a0<b>Mauro Icardi y la China Su\u00e1rez tambi\u00e9n pasaron por Mil\u00e1n durante esos d\u00edas<\/b>, lo que gener\u00f3 a\u00fan m\u00e1s especulaciones sobre posibles cruces o coincidencias entre ellos.<\/p>\n<p class=\"paragraph\" data-mrf-recirculation=\"Links inline\">La actriz lleg\u00f3 acompa\u00f1ada por sus amigos Juanma Cativa y Tom\u00e1s Garrahan, con quienes recorri\u00f3 distintos puntos tur\u00edsticos de la ciudad. Entre las im\u00e1genes que compartieron en redes tambi\u00e9n apareci\u00f3 el Duomo, en una serie de fotos que replican la cl\u00e1sica postal milanesa frente a la catedral.<\/p>\n<div class=\"visual__image\"><picture><source srcset=\"https:\/\/www.infobae.com\/resizer\/v2\/XR7VTL4E65DHPIY6RDCRDVYEQE.png?auth=0238f434aca2626946aad14f067958d4e0516f2d937d68c9466b0201f516ba01&amp;smart=true&amp;width=992&amp;height=1778&amp;quality=85\" media=\"(min-width: 1000px)\" \/><source srcset=\"https:\/\/www.infobae.com\/resizer\/v2\/XR7VTL4E65DHPIY6RDCRDVYEQE.png?auth=0238f434aca2626946aad14f067958d4e0516f2d937d68c9466b0201f516ba01&amp;smart=true&amp;width=768&amp;height=1376&amp;quality=85\" media=\"(min-width: 768px)\" \/><source srcset=\"https:\/\/www.infobae.com\/resizer\/v2\/XR7VTL4E65DHPIY6RDCRDVYEQE.png?auth=0238f434aca2626946aad14f067958d4e0516f2d937d68c9466b0201f516ba01&amp;smart=true&amp;width=577&amp;height=1034&amp;quality=85\" media=\"(min-width: 580px)\" \/><source srcset=\"https:\/\/www.infobae.com\/resizer\/v2\/XR7VTL4E65DHPIY6RDCRDVYEQE.png?auth=0238f434aca2626946aad14f067958d4e0516f2d937d68c9466b0201f516ba01&amp;smart=true&amp;width=420&amp;height=753&amp;quality=85\" media=\"(min-width: 350px)\" \/><source srcset=\"https:\/\/www.infobae.com\/resizer\/v2\/XR7VTL4E65DHPIY6RDCRDVYEQE.png?auth=0238f434aca2626946aad14f067958d4e0516f2d937d68c9466b0201f516ba01&amp;smart=true&amp;width=350&amp;height=627&amp;quality=85\" media=\"(min-width: 80px)\" \/><img loading=\"lazy\" decoding=\"async\" class=\"global-image\" src=\"https:\/\/www.infobae.com\/resizer\/v2\/XR7VTL4E65DHPIY6RDCRDVYEQE.png?auth=0238f434aca2626946aad14f067958d4e0516f2d937d68c9466b0201f516ba01&amp;smart=true&amp;width=350&amp;height=627&amp;quality=85\" alt=\"Platos t\u00edpicos italianos y la\" width=\"481\" height=\"862\" \/><\/picture>Platos t\u00edpicos italianos y la moda marcaron los recorridos de Wanda Nara por la ciudad de Mil\u00e1n<\/div>\n<p class=\"paragraph\" data-mrf-recirculation=\"Links inline\">Adem\u00e1s de los paseos tur\u00edsticos, la experiencia italiana de la China tambi\u00e9n tuvo un fuerte componente gastron\u00f3mico. En sus historias de Instagram mostr\u00f3 distintos platos que disfrutaron durante el viaje, entre ellos ensaladas con alcauciles, pastas con trufa, pizzas artesanales y burrata con tomates cherry y albahaca.<\/p>\n<p class=\"paragraph\" data-mrf-recirculation=\"Links inline\">Mientras tanto, Wanda continu\u00f3 compartiendo otras publicaciones que muchos interpretaron como gui\u00f1os o mensajes indirectos en medio de su conflicto con Icardi. Uno de los recorridos que m\u00e1s llam\u00f3 la atenci\u00f3n fue su visita al estadio San Siro, un lugar profundamente ligado a la historia del futbolista argentino en Europa. El estadio, que comparten el Milan y el Inter, fue durante a\u00f1os el escenario donde Icardi se convirti\u00f3 en una de las grandes figuras del equipo neroazzurro. En ese mismo estadio, Wanda lo acompa\u00f1\u00f3 durante su etapa como pareja y tambi\u00e9n como representante. Para esa visita, la empresaria eligi\u00f3 un look deportivo en negro y rojo, los colores caracter\u00edsticos del Milan. Ese detalle no pas\u00f3 desapercibido para los seguidores m\u00e1s atentos, que interpretaron el gesto como otro s\u00edmbolo dentro de la historia compartida con el futbolista.<\/p>\n","protected":false},"excerpt":{"rendered":"<p>Mil\u00e1n volvi\u00f3 a convertirse en el escenario donde se cruzan las historias de\u00a0Wanda Nara,\u00a0Mauro Icardi\u00a0y\u00a0la China Su\u00e1rez.\u00a0En medio del proceso judicial que enfrenta a la empresaria y al futbolista por la divisi\u00f3n de bienes, la capital lombarda volvi\u00f3 a ser el epicentro del Wandagate. Entre audiencias legales, recorridos por lugares cargados de recuerdos y publicaciones [&hellip;]<\/p>\n","protected":false},"author":2,"featured_media":31337,"comment_status":"open","ping_status":"open","sticky":false,"template":"","format":"standard","meta":{"footnotes":""},"categories":[67],"tags":[],"class_list":{"0":"post-31336","1":"post","2":"type-post","3":"status-publish","4":"format-standard","5":"has-post-thumbnail","7":"category-espectaculo"},"_links":{"self":[{"href":"https:\/\/radiobitacora.com.ar\/web\/wp-json\/wp\/v2\/posts\/31336","targetHints":{"allow":["GET"]}}],"collection":[{"href":"https:\/\/radiobitacora.com.ar\/web\/wp-json\/wp\/v2\/posts"}],"about":[{"href":"https:\/\/radiobitacora.com.ar\/web\/wp-json\/wp\/v2\/types\/post"}],"author":[{"embeddable":true,"href":"https:\/\/radiobitacora.com.ar\/web\/wp-json\/wp\/v2\/users\/2"}],"replies":[{"embeddable":true,"href":"https:\/\/radiobitacora.com.ar\/web\/wp-json\/wp\/v2\/comments?post=31336"}],"version-history":[{"count":1,"href":"https:\/\/radiobitacora.com.ar\/web\/wp-json\/wp\/v2\/posts\/31336\/revisions"}],"predecessor-version":[{"id":31338,"href":"https:\/\/radiobitacora.com.ar\/web\/wp-json\/wp\/v2\/posts\/31336\/revisions\/31338"}],"wp:featuredmedia":[{"embeddable":true,"href":"https:\/\/radiobitacora.com.ar\/web\/wp-json\/wp\/v2\/media\/31337"}],"wp:attachment":[{"href":"https:\/\/radiobitacora.com.ar\/web\/wp-json\/wp\/v2\/media?parent=31336"}],"wp:term":[{"taxonomy":"category","embeddable":true,"href":"https:\/\/radiobitacora.com.ar\/web\/wp-json\/wp\/v2\/categories?post=31336"},{"taxonomy":"post_tag","embeddable":true,"href":"https:\/\/radiobitacora.com.ar\/web\/wp-json\/wp\/v2\/tags?post=31336"}],"curies":[{"name":"wp","href":"https:\/\/api.w.org\/{rel}","templated":true}]}}