{"id":31339,"date":"2026-03-12T11:08:01","date_gmt":"2026-03-12T14:08:01","guid":{"rendered":"https:\/\/radiobitacora.com.ar\/web\/?p=31339"},"modified":"2026-03-12T11:12:12","modified_gmt":"2026-03-12T14:12:12","slug":"municipalidad-de-goya-prepara-reconocimientos-a-mujeres-destacadas","status":"publish","type":"post","link":"https:\/\/radiobitacora.com.ar\/web\/2026\/03\/12\/municipalidad-de-goya-prepara-reconocimientos-a-mujeres-destacadas\/","title":{"rendered":"MUNICIPALIDAD DE GOYA PREPARA RECONOCIMIENTOS A MUJERES DESTACADAS"},"content":{"rendered":"<div class=\"flex flex-col text-sm pb-25\">\n<article class=\"text-token-text-primary w-full focus:outline-none [--shadow-height:45px] has-data-writing-block:pointer-events-none has-data-writing-block:-mt-(--shadow-height) has-data-writing-block:pt-(--shadow-height) [&amp;:has([data-writing-block])&gt;*]:pointer-events-auto scroll-mt-[calc(var(--header-height)+min(200px,max(70px,20svh)))]\" dir=\"auto\" tabindex=\"-1\" data-turn-id=\"request-WEB:32c7519e-101b-4d15-8b26-636ab49ac660-0\" data-testid=\"conversation-turn-2\" data-scroll-anchor=\"true\" data-turn=\"assistant\">\n<div class=\"text-base my-auto mx-auto pb-10 [--thread-content-margin:var(--thread-content-margin-xs,calc(var(--spacing)*4))] @w-sm\/main:[--thread-content-margin:var(--thread-content-margin-sm,calc(var(--spacing)*6))] @w-lg\/main:[--thread-content-margin:var(--thread-content-margin-lg,calc(var(--spacing)*16))] px-(--thread-content-margin)\">\n<div class=\"[--thread-content-max-width:40rem] @w-lg\/main:[--thread-content-max-width:48rem] mx-auto max-w-(--thread-content-max-width) flex-1 group\/turn-messages focus-visible:outline-hidden relative flex w-full min-w-0 flex-col agent-turn\" tabindex=\"-1\">\n<div class=\"flex max-w-full flex-col gap-4 grow\">\n<div class=\"min-h-8 text-message relative flex w-full flex-col items-end gap-2 text-start break-words whitespace-normal [.text-message+&amp;]:mt-1\" dir=\"auto\" data-message-author-role=\"assistant\" data-message-id=\"76b3e3ea-22ac-4eee-8af8-6bf7a8891f9f\" data-message-model-slug=\"gpt-5-3\">\n<div class=\"flex w-full flex-col gap-1 empty:hidden\">\n<div class=\"markdown prose dark:prose-invert w-full wrap-break-word light markdown-new-styling\"><\/div>\n<\/div>\n<\/div>\n<\/div>\n<div class=\"z-0 flex min-h-[46px] justify-start\">El pr\u00f3ximo lunes 16 de marzo, en el patio del edificio municipal se llevar\u00e1 a cabo un acto de reconocimiento a mujeres destacadas en distintas \u00e1reas. La iniciativa, impulsada por la Municipalidad, busca homenajear a aquellas que inspiran con su trabajo y trayectoria, en un mes que tradicionalmente se dedica a la mujer. La ceremonia tendr\u00e1 lugar en el patio municipal a las 10 horas, y formar\u00e1 parte de una serie de acciones que buscan promover el protagonismo femenino en la comunidad.<\/div>\n<div class=\"mt-3 w-full empty:hidden\">\n<div class=\"text-center\">\n<p style=\"font-weight: 400;\">Este evento se enmarca en una serie de reconocimientos que la Municipalidad de Goya ha planificado para este mes, con el objetivo de visibilizar y valorar la labor de las mujeres que aportan al desarrollo social, educativo y cultural de la ciudad.<\/p>\n<p style=\"font-weight: 400;\">ESPACIO DE RECONOCIMIENTO A LAS MUJERES<\/p>\n<p style=\"font-weight: 400;\">La secretaria de Educaci\u00f3n, Sonia Espina resalt\u00f3 la importancia de estas iniciativas: \u201cCreemos que es fundamental generar un espacio de reconocimiento en el municipio para las mujeres. Siempre falta mucho por reconocer. Muchas mujeres inspiran a otras, y este tipo de reconocimientos ayuda a que crezca esa iniciativa con el tiempo\u201d, dijo.<\/p>\n<p style=\"font-weight: 400;\">Por otro lado, en el marco del D\u00eda Internacional de la Mujer, celebrado cada 8 de marzo, en la ciudad de Corrientes se realiz\u00f3 un acto de homenaje a m\u00e1s de 20 mujeres destacadas de la regi\u00f3n. Un programa que ya lleva a\u00f1os en marcha y que busca reconocer a aquellas que, con su labor y compromiso, aportan al bienestar social y al progreso de la provincia.<\/p>\n<p style=\"font-weight: 400;\">En ese evento, la Funcionaria Municipal asisti\u00f3 y fue consultada sobre los reconocimientos realizados en Corrientes. \u201cS\u00ed, estuvimos en una celebraci\u00f3n en la que se reconoci\u00f3 a mujeres que vienen trabajando en ese sentido, mujeres de la mayor\u00eda de los municipios. Es algo que se viene haciendo desde hace muchos a\u00f1os, hace m\u00e1s de doce\u201d, afirm\u00f3 la secretaria.<\/p>\n<p style=\"font-weight: 400;\">MUJERES QUE INSPIRAN<\/p>\n<p style=\"font-weight: 400;\">La secretaria de Educaci\u00f3n, destac\u00f3 la importancia de estos reconocimientos y anunci\u00f3 que, en el mes de la mujer, el municipio de Goya realizar\u00e1 su propio acto de homenaje. \u201cFuimos convocadas por el intendente Mariano Hormaechea para realizar, en el mes de la mujer, un reconocimiento a mujeres que inspiran en distintas \u00e1reas. Me toc\u00f3 convocar a alguien del \u00e1rea educativa. Trabajamos en poner el nombre, el reconocimiento que se har\u00e1 el lunes que viene en el patio municipal a las 10 horas &#8220;,explic\u00f3.<\/p>\n<p style=\"font-weight: 400;\">Sonia Espina, subray\u00f3 que estos espacios de reconocimiento no solo celebran los logros, sino que tambi\u00e9n fomentan la inspiraci\u00f3n y el compromiso de muchas mujeres que trabajan d\u00eda a d\u00eda para mejorar su comunidad. \u201cAcompa\u00f1\u00e9monos entre todas para lograrlo. Es fundamental que estas iniciativas crezcan con el tiempo, porque siempre hay mucho por reconocer,\u201d finaliz\u00f3-<\/p>\n<p style=\"font-weight: 400;\">\n<\/div>\n<\/div>\n<\/div>\n<\/div>\n<\/article>\n<\/div>\n<div class=\"pointer-events-none h-px w-px absolute bottom-0\" aria-hidden=\"true\" data-edge=\"true\"><\/div>\n","protected":false},"excerpt":{"rendered":"<p>El pr\u00f3ximo lunes 16 de marzo, en el patio del edificio municipal se llevar\u00e1 a cabo un acto de reconocimiento a mujeres destacadas en distintas \u00e1reas. La iniciativa, impulsada por la Municipalidad, busca homenajear a aquellas que inspiran con su trabajo y trayectoria, en un mes que tradicionalmente se dedica a la mujer. La ceremonia [&hellip;]<\/p>\n","protected":false},"author":2,"featured_media":31340,"comment_status":"open","ping_status":"open","sticky":false,"template":"","format":"standard","meta":{"footnotes":""},"categories":[56],"tags":[],"class_list":{"0":"post-31339","1":"post","2":"type-post","3":"status-publish","4":"format-standard","5":"has-post-thumbnail","7":"category-locales"},"_links":{"self":[{"href":"https:\/\/radiobitacora.com.ar\/web\/wp-json\/wp\/v2\/posts\/31339","targetHints":{"allow":["GET"]}}],"collection":[{"href":"https:\/\/radiobitacora.com.ar\/web\/wp-json\/wp\/v2\/posts"}],"about":[{"href":"https:\/\/radiobitacora.com.ar\/web\/wp-json\/wp\/v2\/types\/post"}],"author":[{"embeddable":true,"href":"https:\/\/radiobitacora.com.ar\/web\/wp-json\/wp\/v2\/users\/2"}],"replies":[{"embeddable":true,"href":"https:\/\/radiobitacora.com.ar\/web\/wp-json\/wp\/v2\/comments?post=31339"}],"version-history":[{"count":2,"href":"https:\/\/radiobitacora.com.ar\/web\/wp-json\/wp\/v2\/posts\/31339\/revisions"}],"predecessor-version":[{"id":31342,"href":"https:\/\/radiobitacora.com.ar\/web\/wp-json\/wp\/v2\/posts\/31339\/revisions\/31342"}],"wp:featuredmedia":[{"embeddable":true,"href":"https:\/\/radiobitacora.com.ar\/web\/wp-json\/wp\/v2\/media\/31340"}],"wp:attachment":[{"href":"https:\/\/radiobitacora.com.ar\/web\/wp-json\/wp\/v2\/media?parent=31339"}],"wp:term":[{"taxonomy":"category","embeddable":true,"href":"https:\/\/radiobitacora.com.ar\/web\/wp-json\/wp\/v2\/categories?post=31339"},{"taxonomy":"post_tag","embeddable":true,"href":"https:\/\/radiobitacora.com.ar\/web\/wp-json\/wp\/v2\/tags?post=31339"}],"curies":[{"name":"wp","href":"https:\/\/api.w.org\/{rel}","templated":true}]}}