{"id":31346,"date":"2026-03-12T23:13:09","date_gmt":"2026-03-13T02:13:09","guid":{"rendered":"https:\/\/radiobitacora.com.ar\/web\/?p=31346"},"modified":"2026-03-12T23:26:44","modified_gmt":"2026-03-13T02:26:44","slug":"gestion-municipal-consolida-obras-en-diferentes-frentes-de-la-ciudad","status":"publish","type":"post","link":"https:\/\/radiobitacora.com.ar\/web\/2026\/03\/12\/gestion-municipal-consolida-obras-en-diferentes-frentes-de-la-ciudad\/","title":{"rendered":"GESTI\u00d3N MUNICIPAL CONSOLIDA OBRAS EN DIFERENTES FRENTES DE LA CIUDAD"},"content":{"rendered":"<p style=\"font-weight: 400;\">Obras P\u00fablicas y Servicios:<\/p>\n<p style=\"font-weight: 400;\">Con recursos municipales se construyeron quince cuadras en calle Brasil, una decisi\u00f3n de la gesti\u00f3n municipal que permite mejorar condiciones de tr\u00e1nsito y las mejores condiciones de urbanizaci\u00f3n de la ciudad. Los avances del programa \u201cMita y Mita\u201d, \u00a0progresos de la mega obra de nueva costanera y incorporaci\u00f3n del muelle de prefectura a este paseo costero<\/p>\n<p style=\"font-weight: 400;\">El Secretario de Obras P\u00fablicas, MMO Guillermo Peluffo, destac\u00f3 la culminaci\u00f3n de pavimentaci\u00f3n en calle Brasil, permitiendo la conexi\u00f3n entre las avenidas Mazzantti y Neustadt, adem\u00e1s detall\u00f3 el avance de las obras comprendidas en el programa \u201cMita y Mita\u201d.<\/p>\n<p style=\"font-weight: 400;\">La gesti\u00f3n municipal complet\u00f3 con recursos propios la pavimentaci\u00f3n de calle Brasil, donde se ejecut\u00f3 desde avenida Neustadt hasta llegar a la avenida Mazzanti. Con esta obra se permitir\u00e1 consolidar una arteria estrat\u00e9gica para la transitabilidad y el ordenamiento vial de Goya. Se desarrolla \u00edntegramente con recursos propios de la Municipalidad, reafirmando el compromiso de la gesti\u00f3n con la inversi\u00f3n en infraestructura urbana.<\/p>\n<p style=\"font-weight: 400;\">\u201cEstaba previsto hacerlo por etapas y as\u00ed ocurri\u00f3. En un principio se avanz\u00f3 desde la avenida Neustadt hasta las v\u00edas, en una segunda etapa desde la v\u00eda hasta la Maestros Argentinos; desde \u00e9sta hacia Piragine y la \u00faltima etapa que se finaliz\u00f3 la semana pasada, desde Gerardo Pando hasta Mazzanti, totalizando quince cuadras por administraci\u00f3n\u201d enumer\u00f3 Peluffo.<\/p>\n<p style=\"font-weight: 400;\">MARCO LEGAL<\/p>\n<p style=\"font-weight: 400;\">\u201cDe esta manera, dimos por finalizada la obra en su etapa constructiva y ahora por Ordenanza debemos darles sentido a estas calles, refiri\u00e9ndose Peluffo al marco legal que hay que darles a estas calles para que se defina el sentido de circulaci\u00f3n. Teniendo en cuenta adem\u00e1s la pavimentaci\u00f3n en toda su extensi\u00f3n de calle Jujuy.<\/p>\n<p style=\"font-weight: 400;\">OTROS FRENTES DE OBRA<\/p>\n<p style=\"font-weight: 400;\">Otro de los nuevos frentes de obra se puede ver en el barrio Independencia, en calle Primero de Mayo, entre Evaristo L\u00f3pez y Jos\u00e9 Mar\u00eda Soto.<\/p>\n<p style=\"font-weight: 400;\">\u201cEra una de las cuadras pendientes que ten\u00edamos, y ya la concluimos. La vamos a poner en servicio en unas pocas semanas\u201d dijo.<\/p>\n<p style=\"font-weight: 400;\">Aclar\u00f3 \u2013adem\u00e1s- que este tramo ya ten\u00eda construido el cord\u00f3n cuneta gracias al aporte de los vecinos que gestionaron sus bolsas de cemento.<\/p>\n<p style=\"font-weight: 400;\">\u201cTerminamos la calle Uspallata, tres cuadras, que va desde Mazzantti hasta el l\u00edmite del Jockey Club\u201d.<\/p>\n<p style=\"font-weight: 400;\">Otra calle que se termin\u00f3 hace unos pocos d\u00edas est\u00e1 ubicada entre los barrios: Teresa de Calcuta y Santa Rosa de Lima, barrios de la zona Sur.<\/p>\n<p style=\"font-weight: 400;\">\u201cDe esta manera nos est\u00e1n quedando un par de cuadras para concluir el plan de asfaltado del programa Mita y Mita y aguardando la orden del inicio del siguiente plan Mita y Mita\u201d concluy\u00f3.<\/p>\n<p style=\"font-weight: 400;\">MEGA OBRA NUEVA COSTANERA<\/p>\n<p style=\"font-weight: 400;\">Este mi\u00e9rcoles, el intendente Mariano Hormaechea constat\u00f3 junto a funcionarios la zona de la nueva Costanera de Goya, una mega obra que ejecuta el Gobierno de la Provincia y que representa uno de los paseos costeros m\u00e1s queridos por los sentimientos de los goyanos.<\/p>\n<p style=\"font-weight: 400;\">Peluffo se\u00f1al\u00f3 que su dependencia est\u00e1 trabajando junto con PRODEGO y la Subsecretar\u00eda de Planeamiento en zona del play\u00f3n de Prefectura, colaborando con m\u00e1quinas. \u201cAll\u00ed se va a hacer una plazoleta que va a quedar muy linda y el mirador que posee Prefectura va a ser abierto al p\u00fablico\u201d.<\/p>\n<p style=\"font-weight: 400;\">Este tramo de obra vendr\u00e1 a sumar a la mega estructura edilicia de la nueva costanera, \u201ces una enorme alegr\u00eda saber que ya estamos en un 45 % de obra, as\u00ed que seguramente se va a poder inaugurar en la fecha estipulada por el municipio\u201d cerr\u00f3.<\/p>\n<p style=\"font-weight: 400;\">\n","protected":false},"excerpt":{"rendered":"<p>Obras P\u00fablicas y Servicios: Con recursos municipales se construyeron quince cuadras en calle Brasil, una decisi\u00f3n de la gesti\u00f3n municipal que permite mejorar condiciones de tr\u00e1nsito y las mejores condiciones de urbanizaci\u00f3n de la ciudad. Los avances del programa \u201cMita y Mita\u201d, \u00a0progresos de la mega obra de nueva costanera y incorporaci\u00f3n del muelle de [&hellip;]<\/p>\n","protected":false},"author":2,"featured_media":31347,"comment_status":"open","ping_status":"open","sticky":false,"template":"","format":"standard","meta":{"footnotes":""},"categories":[56],"tags":[],"class_list":{"0":"post-31346","1":"post","2":"type-post","3":"status-publish","4":"format-standard","5":"has-post-thumbnail","7":"category-locales"},"_links":{"self":[{"href":"https:\/\/radiobitacora.com.ar\/web\/wp-json\/wp\/v2\/posts\/31346","targetHints":{"allow":["GET"]}}],"collection":[{"href":"https:\/\/radiobitacora.com.ar\/web\/wp-json\/wp\/v2\/posts"}],"about":[{"href":"https:\/\/radiobitacora.com.ar\/web\/wp-json\/wp\/v2\/types\/post"}],"author":[{"embeddable":true,"href":"https:\/\/radiobitacora.com.ar\/web\/wp-json\/wp\/v2\/users\/2"}],"replies":[{"embeddable":true,"href":"https:\/\/radiobitacora.com.ar\/web\/wp-json\/wp\/v2\/comments?post=31346"}],"version-history":[{"count":2,"href":"https:\/\/radiobitacora.com.ar\/web\/wp-json\/wp\/v2\/posts\/31346\/revisions"}],"predecessor-version":[{"id":31349,"href":"https:\/\/radiobitacora.com.ar\/web\/wp-json\/wp\/v2\/posts\/31346\/revisions\/31349"}],"wp:featuredmedia":[{"embeddable":true,"href":"https:\/\/radiobitacora.com.ar\/web\/wp-json\/wp\/v2\/media\/31347"}],"wp:attachment":[{"href":"https:\/\/radiobitacora.com.ar\/web\/wp-json\/wp\/v2\/media?parent=31346"}],"wp:term":[{"taxonomy":"category","embeddable":true,"href":"https:\/\/radiobitacora.com.ar\/web\/wp-json\/wp\/v2\/categories?post=31346"},{"taxonomy":"post_tag","embeddable":true,"href":"https:\/\/radiobitacora.com.ar\/web\/wp-json\/wp\/v2\/tags?post=31346"}],"curies":[{"name":"wp","href":"https:\/\/api.w.org\/{rel}","templated":true}]}}