{"id":31355,"date":"2026-03-13T00:24:49","date_gmt":"2026-03-13T03:24:49","guid":{"rendered":"https:\/\/radiobitacora.com.ar\/web\/?p=31355"},"modified":"2026-03-13T00:24:49","modified_gmt":"2026-03-13T03:24:49","slug":"reconocimiento-a-susana-manzanares-y-agenda-cultural-en-atravesando-el-aire","status":"publish","type":"post","link":"https:\/\/radiobitacora.com.ar\/web\/2026\/03\/13\/reconocimiento-a-susana-manzanares-y-agenda-cultural-en-atravesando-el-aire\/","title":{"rendered":"RECONOCIMIENTO A SUSANA MANZANARES Y AGENDA CULTURAL EN \u201cATRAVESANDO EL AIRE\u201d"},"content":{"rendered":"<div class=\"flex flex-col text-sm pb-25\">\n<article class=\"text-token-text-primary w-full focus:outline-none [--shadow-height:45px] has-data-writing-block:pointer-events-none has-data-writing-block:-mt-(--shadow-height) has-data-writing-block:pt-(--shadow-height) [&amp;:has([data-writing-block])&gt;*]:pointer-events-auto scroll-mt-[calc(var(--header-height)+min(200px,max(70px,20svh)))]\" dir=\"auto\" tabindex=\"-1\" data-turn-id=\"request-WEB:31ec792b-41ed-4941-a8c7-c536dba9571c-3\" data-testid=\"conversation-turn-8\" data-scroll-anchor=\"true\" data-turn=\"assistant\">\n<div class=\"text-base my-auto mx-auto pb-10 [--thread-content-margin:var(--thread-content-margin-xs,calc(var(--spacing)*4))] @w-sm\/main:[--thread-content-margin:var(--thread-content-margin-sm,calc(var(--spacing)*6))] @w-lg\/main:[--thread-content-margin:var(--thread-content-margin-lg,calc(var(--spacing)*16))] px-(--thread-content-margin)\">\n<div class=\"[--thread-content-max-width:40rem] @w-lg\/main:[--thread-content-max-width:48rem] mx-auto max-w-(--thread-content-max-width) flex-1 group\/turn-messages focus-visible:outline-hidden relative flex w-full min-w-0 flex-col agent-turn\" tabindex=\"-1\">\n<div class=\"flex max-w-full flex-col gap-4 grow\">\n<div class=\"min-h-8 text-message relative flex w-full flex-col items-end gap-2 text-start break-words whitespace-normal [.text-message+&amp;]:mt-1\" dir=\"auto\" data-message-author-role=\"assistant\" data-message-id=\"7e390f5f-044e-4144-8a61-0210e081b04c\" data-message-model-slug=\"gpt-5-3\">\n<div class=\"flex w-full flex-col gap-1 empty:hidden\">\n<div class=\"markdown prose dark:prose-invert w-full wrap-break-word light markdown-new-styling\">\n<p data-start=\"83\" data-end=\"341\">El programa <strong data-start=\"95\" data-end=\"120\">\u201cAtravesando el Aire\u201d<\/strong>, conducido por Carolina Salas desde los estudios de Multiplataformas Bit\u00e1cora y emitido por Radio Bit\u00e1cora 98.9, present\u00f3 una jornada dedicada a la cultura local, el arte y el reconocimiento a referentes de la comunidad.<\/p>\n<p data-start=\"343\" data-end=\"614\">Durante la emisi\u00f3n, la conductora mantuvo una comunicaci\u00f3n telef\u00f3nica con la profesora y artista pl\u00e1stica <strong data-start=\"449\" data-end=\"470\">Susana Manzanares<\/strong>, quien recientemente fue homenajeada por la Direcci\u00f3n de Cultura de la Municipalidad de Goya en el marco del <strong data-start=\"580\" data-end=\"613\">D\u00eda Internacional de la Mujer<\/strong>.<\/p>\n<p data-start=\"343\" data-end=\"614\"><img loading=\"lazy\" decoding=\"async\" class=\"wp-image-31356 alignleft\" src=\"https:\/\/radiobitacora.com.ar\/web\/wp-content\/uploads\/2026\/03\/WhatsApp-Image-2026-03-11-at-10.17.55-AM.jpeg\" alt=\"\" width=\"295\" height=\"166\" srcset=\"https:\/\/radiobitacora.com.ar\/web\/wp-content\/uploads\/2026\/03\/WhatsApp-Image-2026-03-11-at-10.17.55-AM.jpeg 1280w, https:\/\/radiobitacora.com.ar\/web\/wp-content\/uploads\/2026\/03\/WhatsApp-Image-2026-03-11-at-10.17.55-AM-747x420.jpeg 747w, https:\/\/radiobitacora.com.ar\/web\/wp-content\/uploads\/2026\/03\/WhatsApp-Image-2026-03-11-at-10.17.55-AM-696x392.jpeg 696w, https:\/\/radiobitacora.com.ar\/web\/wp-content\/uploads\/2026\/03\/WhatsApp-Image-2026-03-11-at-10.17.55-AM-1068x601.jpeg 1068w\" sizes=\"auto, (max-width: 295px) 100vw, 295px\" \/><\/p>\n<p data-start=\"616\" data-end=\"1081\">En la entrevista, Manzanares manifest\u00f3 su profunda emoci\u00f3n por el reconocimiento recibido en la Casa de la Cultura, un lugar que defini\u00f3 como muy significativo en su vida profesional. All\u00ed desarroll\u00f3 gran parte de su trayectoria vinculada al \u00e1mbito cultural y educativo de la ciudad, especialmente a trav\u00e9s de su labor en la <strong data-start=\"941\" data-end=\"999\">Escuela Municipal de Artes Pl\u00e1sticas \u201cJusto Guti\u00e9rrez\u201d<\/strong>, instituci\u00f3n en la que se desempe\u00f1\u00f3 como docente y posteriormente como directora.<\/p>\n<p data-start=\"1083\" data-end=\"1382\">La artista record\u00f3 distintos momentos de su carrera, destacando su participaci\u00f3n en la organizaci\u00f3n de actividades culturales que marcaron la vida art\u00edstica de la ciudad, como el tradicional concurso de pintura <strong data-start=\"1294\" data-end=\"1313\">\u201cPintemos Goya\u201d<\/strong>, que convoca a artistas y promueve la participaci\u00f3n de la comunidad.<\/p>\n<p data-start=\"1083\" data-end=\"1382\"><img loading=\"lazy\" decoding=\"async\" class=\"wp-image-31357 alignleft\" src=\"https:\/\/radiobitacora.com.ar\/web\/wp-content\/uploads\/2026\/03\/650792575_1350010970480006_284886115474044069_n.jpg\" alt=\"\" width=\"300\" height=\"224\" srcset=\"https:\/\/radiobitacora.com.ar\/web\/wp-content\/uploads\/2026\/03\/650792575_1350010970480006_284886115474044069_n.jpg 720w, https:\/\/radiobitacora.com.ar\/web\/wp-content\/uploads\/2026\/03\/650792575_1350010970480006_284886115474044069_n-562x420.jpg 562w, https:\/\/radiobitacora.com.ar\/web\/wp-content\/uploads\/2026\/03\/650792575_1350010970480006_284886115474044069_n-80x60.jpg 80w, https:\/\/radiobitacora.com.ar\/web\/wp-content\/uploads\/2026\/03\/650792575_1350010970480006_284886115474044069_n-696x520.jpg 696w, https:\/\/radiobitacora.com.ar\/web\/wp-content\/uploads\/2026\/03\/650792575_1350010970480006_284886115474044069_n-265x198.jpg 265w\" sizes=\"auto, (max-width: 300px) 100vw, 300px\" \/><\/p>\n<p data-start=\"1384\" data-end=\"1730\">Asimismo, relat\u00f3 que su acercamiento al arte comenz\u00f3 desde muy peque\u00f1a, cuando ya se destacaba por su habilidad para el dibujo en la escuela. M\u00e1s tarde se form\u00f3 en el <strong data-start=\"1551\" data-end=\"1617\">Instituto Superior de Bellas Artes e Idiomas \u201cJosefina Contte\u201d<\/strong> de Corrientes, donde profundiz\u00f3 su formaci\u00f3n art\u00edstica antes de regresar a Goya para iniciar su carrera docente.<\/p>\n<p data-start=\"1732\" data-end=\"2102\">Durante la charla tambi\u00e9n evoc\u00f3 a colegas y referentes culturales con quienes comparti\u00f3 a\u00f1os de trabajo, resaltando el compromiso de los equipos que formaron parte de la Casa de la Cultura y de las escuelas municipales de arte. En ese sentido, remarc\u00f3 el valor social de estas instituciones y la importancia de sostener espacios de formaci\u00f3n art\u00edstica para la comunidad.<\/p>\n<p data-start=\"2104\" data-end=\"2296\">\u201c<strong data-start=\"2105\" data-end=\"2129\">El arte siempre cura<\/strong>\u201d, expres\u00f3 la docente, al explicar que muchas personas encuentran en el dibujo, la pintura o la cer\u00e1mica una forma de canalizar emociones y desarrollar su creatividad.<\/p>\n<p data-start=\"2104\" data-end=\"2296\"><img loading=\"lazy\" decoding=\"async\" class=\"wp-image-31358 alignleft\" src=\"https:\/\/radiobitacora.com.ar\/web\/wp-content\/uploads\/2026\/03\/649188726_1350011020480001_1205397945328378048_n.jpg\" alt=\"\" width=\"292\" height=\"218\" srcset=\"https:\/\/radiobitacora.com.ar\/web\/wp-content\/uploads\/2026\/03\/649188726_1350011020480001_1205397945328378048_n.jpg 720w, https:\/\/radiobitacora.com.ar\/web\/wp-content\/uploads\/2026\/03\/649188726_1350011020480001_1205397945328378048_n-563x420.jpg 563w, https:\/\/radiobitacora.com.ar\/web\/wp-content\/uploads\/2026\/03\/649188726_1350011020480001_1205397945328378048_n-80x60.jpg 80w, https:\/\/radiobitacora.com.ar\/web\/wp-content\/uploads\/2026\/03\/649188726_1350011020480001_1205397945328378048_n-696x519.jpg 696w, https:\/\/radiobitacora.com.ar\/web\/wp-content\/uploads\/2026\/03\/649188726_1350011020480001_1205397945328378048_n-265x198.jpg 265w\" sizes=\"auto, (max-width: 292px) 100vw, 292px\" \/><\/p>\n<p data-start=\"2298\" data-end=\"2619\">Actualmente, ya retirada de la docencia, Manzanares coment\u00f3 que dedica gran parte de su tiempo a su familia y a sus nietos, aunque contin\u00faa vinculada al arte. Entre sus actividades mencion\u00f3 la pintura de cirios para distintas iglesias de la ciudad, una tarea que realiza cada a\u00f1o como una expresi\u00f3n personal y espiritual.<\/p>\n<p data-start=\"2621\" data-end=\"2893\">Durante el programa tambi\u00e9n se record\u00f3 el texto de la distinci\u00f3n entregada por la Municipalidad de Goya, donde se destaca su trayectoria, su creatividad como artista pl\u00e1stica y su capacidad para inspirar y formar a generaciones de alumnos en la Escuela de Artes Pl\u00e1sticas.<\/p>\n<p data-start=\"2895\" data-end=\"3170\" data-is-last-node=\"\" data-is-only-node=\"\">De esta manera, <strong data-start=\"2911\" data-end=\"2936\">\u201cAtravesando el Aire\u201d<\/strong>, conducido por Carolina Salas desde los estudios de Multiplataformas Bit\u00e1cora, volvi\u00f3 a poner en valor el trabajo de referentes culturales de la ciudad, resaltando el impacto del arte y la educaci\u00f3n en la vida social de la comunidad.<\/p>\n<\/div>\n<\/div>\n<\/div>\n<\/div>\n<div class=\"z-0 flex min-h-[46px] justify-start\">Mira el programa completo :<a href=\"https:\/\/www.youtube.com\/live\/32v5O_GZX0o?si=A2yn7tZkNLroe1Su\">https:\/\/www.youtube.com\/live\/32v5O_GZX0o?si=A2yn7tZkNLroe1Su<\/a><\/p>\n<div class=\"html-div xdj266r x14z9mp xat24cr x1lziwak xexx8yu xyri2b x18d9i69 x1c1uobl\" dir=\"auto\">\n<div class=\"html-div xdj266r x14z9mp xat24cr x1lziwak xexx8yu xyri2b x18d9i69 x1c1uobl\" data-ad-rendering-role=\"story_message\">\n<div class=\"x1l90r2v x1iorvi4 x1g0dm76 xpdmqnj\" data-ad-comet-preview=\"message\" data-ad-preview=\"message\">\n<div class=\"x78zum5 xdt5ytf xz62fqu x16ldp7u\">\n<div class=\"xu06os2 x1ok221b\">\n<div class=\"html-div xdj266r x14z9mp xat24cr x1lziwak xexx8yu xyri2b x18d9i69 x1c1uobl\">\n<div class=\"x14z9mp xat24cr x1lziwak x1vvkbs xtlvy1s x126k92a\">\n<div dir=\"auto\"><\/div>\n<\/div>\n<\/div>\n<\/div>\n<\/div>\n<\/div>\n<\/div>\n<\/div>\n<div class=\"html-div xdj266r x14z9mp xat24cr x1lziwak xexx8yu xyri2b x18d9i69 x1c1uobl x1n2onr6\">\n<div class=\"html-div xdj266r x14z9mp xat24cr x1lziwak xexx8yu xyri2b x18d9i69 x1c1uobl x1n2onr6\">\n<div class=\"xmjcpbm x1n2onr6\">\n<div class=\"x78zum5 x14ju556 x6ikm8r x10wlt62 x1n2onr6\" data-ad-rendering-role=\"image\">\n<div class=\"x6s0dn4 x1jx94hy x78zum5 xdt5ytf x6ikm8r x10wlt62 x1n2onr6 xh8yej3\">\n<div>\n<div class=\"xqtp20y x6ikm8r x10wlt62 x1n2onr6\"><\/div>\n<\/div>\n<\/div>\n<\/div>\n<\/div>\n<\/div>\n<\/div>\n<\/div>\n<div class=\"mt-3 w-full empty:hidden\">\n<div class=\"text-center\">\n<div class=\"html-div xdj266r x14z9mp xat24cr x1lziwak xexx8yu xyri2b x18d9i69 x1c1uobl\" dir=\"auto\">\n<div class=\"html-div xdj266r x14z9mp xat24cr x1lziwak xexx8yu xyri2b x18d9i69 x1c1uobl\" data-ad-rendering-role=\"story_message\">\n<div class=\"x1l90r2v x1iorvi4 x1g0dm76 xpdmqnj\" data-ad-comet-preview=\"message\" data-ad-preview=\"message\">\n<div class=\"x78zum5 xdt5ytf xz62fqu x16ldp7u\">\n<div class=\"xu06os2 x1ok221b\">\n<div class=\"html-div xdj266r x14z9mp xat24cr x1lziwak xexx8yu xyri2b x18d9i69 x1c1uobl\">\n<div class=\"x14z9mp xat24cr x1lziwak x1vvkbs xtlvy1s x126k92a\">\n<div dir=\"auto\">FUENTE : Multiplataformas, Radio, Tv y Streaming de Goya<\/div>\n<\/div>\n<\/div>\n<\/div>\n<\/div>\n<\/div>\n<\/div>\n<\/div>\n<div class=\"html-div xdj266r x14z9mp xat24cr x1lziwak xexx8yu xyri2b x18d9i69 x1c1uobl x1n2onr6\">\n<div class=\"html-div xdj266r x14z9mp xat24cr x1lziwak xexx8yu xyri2b x18d9i69 x1c1uobl x1n2onr6\">\n<div class=\"xmjcpbm x1n2onr6\">\n<div class=\"x78zum5 x14ju556 x6ikm8r x10wlt62 x1n2onr6\" data-ad-rendering-role=\"image\">\n<div class=\"x6s0dn4 x1jx94hy x78zum5 xdt5ytf x6ikm8r x10wlt62 x1n2onr6 xh8yej3\">\n<div>\n<div class=\"xqtp20y x6ikm8r x10wlt62 x1n2onr6\"><\/div>\n<\/div>\n<\/div>\n<\/div>\n<\/div>\n<\/div>\n<\/div>\n<\/div>\n<\/div>\n<\/div>\n<\/div>\n<\/article>\n<\/div>\n<div class=\"pointer-events-none h-px w-px absolute bottom-0\" aria-hidden=\"true\" data-edge=\"true\"><\/div>\n","protected":false},"excerpt":{"rendered":"<p>El programa \u201cAtravesando el Aire\u201d, conducido por Carolina Salas desde los estudios de Multiplataformas Bit\u00e1cora y emitido por Radio Bit\u00e1cora 98.9, present\u00f3 una jornada dedicada a la cultura local, el arte y el reconocimiento a referentes de la comunidad. Durante la emisi\u00f3n, la conductora mantuvo una comunicaci\u00f3n telef\u00f3nica con la profesora y artista pl\u00e1stica Susana [&hellip;]<\/p>\n","protected":false},"author":2,"featured_media":31359,"comment_status":"open","ping_status":"open","sticky":false,"template":"","format":"standard","meta":{"footnotes":""},"categories":[74],"tags":[],"class_list":{"0":"post-31355","1":"post","2":"type-post","3":"status-publish","4":"format-standard","5":"has-post-thumbnail","7":"category-bitacora-tv"},"_links":{"self":[{"href":"https:\/\/radiobitacora.com.ar\/web\/wp-json\/wp\/v2\/posts\/31355","targetHints":{"allow":["GET"]}}],"collection":[{"href":"https:\/\/radiobitacora.com.ar\/web\/wp-json\/wp\/v2\/posts"}],"about":[{"href":"https:\/\/radiobitacora.com.ar\/web\/wp-json\/wp\/v2\/types\/post"}],"author":[{"embeddable":true,"href":"https:\/\/radiobitacora.com.ar\/web\/wp-json\/wp\/v2\/users\/2"}],"replies":[{"embeddable":true,"href":"https:\/\/radiobitacora.com.ar\/web\/wp-json\/wp\/v2\/comments?post=31355"}],"version-history":[{"count":1,"href":"https:\/\/radiobitacora.com.ar\/web\/wp-json\/wp\/v2\/posts\/31355\/revisions"}],"predecessor-version":[{"id":31360,"href":"https:\/\/radiobitacora.com.ar\/web\/wp-json\/wp\/v2\/posts\/31355\/revisions\/31360"}],"wp:featuredmedia":[{"embeddable":true,"href":"https:\/\/radiobitacora.com.ar\/web\/wp-json\/wp\/v2\/media\/31359"}],"wp:attachment":[{"href":"https:\/\/radiobitacora.com.ar\/web\/wp-json\/wp\/v2\/media?parent=31355"}],"wp:term":[{"taxonomy":"category","embeddable":true,"href":"https:\/\/radiobitacora.com.ar\/web\/wp-json\/wp\/v2\/categories?post=31355"},{"taxonomy":"post_tag","embeddable":true,"href":"https:\/\/radiobitacora.com.ar\/web\/wp-json\/wp\/v2\/tags?post=31355"}],"curies":[{"name":"wp","href":"https:\/\/api.w.org\/{rel}","templated":true}]}}