{"id":31362,"date":"2026-03-13T17:56:30","date_gmt":"2026-03-13T20:56:30","guid":{"rendered":"https:\/\/radiobitacora.com.ar\/web\/?p=31362"},"modified":"2026-03-13T17:56:30","modified_gmt":"2026-03-13T20:56:30","slug":"caputo-ratifico-que-la-inflacion-quebrara-el-1-mensual-en-2026-si-no-es-agosto-sera-septiembre-u-octubre","status":"publish","type":"post","link":"https:\/\/radiobitacora.com.ar\/web\/2026\/03\/13\/caputo-ratifico-que-la-inflacion-quebrara-el-1-mensual-en-2026-si-no-es-agosto-sera-septiembre-u-octubre\/","title":{"rendered":"Caputo ratific\u00f3 que la inflaci\u00f3n quebrar\u00e1 el 1% mensual en 2026: \u201cSi no es agosto, ser\u00e1 septiembre u octubre\u201d"},"content":{"rendered":"<p class=\"paragraph\" data-mrf-recirculation=\"Links inline\">De regreso del\u00a0<b>Argentina Week<\/b>, el evento promocional para captar inversiones que tuvo lugar en Estados Unidos, el ministro de Econom\u00eda,\u00a0<b>Luis Caputo<\/b>, se refiri\u00f3 al dato de\u00a0<a title=\"https:\/\/www.infobae.com\/economia\/2026\/03\/12\/la-inflacion-fue-de-29-en-febrero-y-acumulo-331-en-los-ultimos-doce-meses\/\" href=\"https:\/\/www.infobae.com\/economia\/2026\/03\/12\/la-inflacion-fue-de-29-en-febrero-y-acumulo-331-en-los-ultimos-doce-meses\/\" target=\"_blank\" rel=\"noopener noreferrer\" data-mrf-link=\"https:\/\/www.infobae.com\/economia\/2026\/03\/12\/la-inflacion-fue-de-29-en-febrero-y-acumulo-331-en-los-ultimos-doce-meses\/\"><b>inflaci\u00f3n de febrero<\/b><\/a>, que arroj\u00f3 2,9%, ratific\u00f3 la meta de menos de 1% mensual para el segundo semestre y asegur\u00f3 que la din\u00e1mica de precios converger\u00e1 al nivel internacional \u201cm\u00e1s tarde o m\u00e1s temprano\u201d. En t\u00e9rminos pol\u00edticos, asever\u00f3 que el kirchnerismo \u201cva a terminar siendo un partido minoritario\u201d.<\/p>\n<p class=\"paragraph\" data-mrf-recirculation=\"Links inline\">El Instituto Nacional de Estad\u00edstica y Censos (Indec) report\u00f3 que el \u00cdndice de Precios al Consumidor (IPC) exhibi\u00f3 la misma cifra que en enero. Durante los \u00faltimos doce meses, el incremento acumulado alcanz\u00f3 33,1%, mientras que en el primer bimestre de 2026 el aumento fue de 5,9%. El presidente Javier Milei estim\u00f3 que el indicador iniciar\u00e1 una tendencia descendente luego de marzo y plantea como meta alcanzar valores pr\u00f3ximos a cero en agosto.<\/p>\n<p class=\"paragraph\" data-mrf-recirculation=\"Links inline\">\u201cEsper\u00e1bamos el dato.\u00a0<b>Sab\u00edamos que ven\u00eda en ese entorno porque la suba de la carne y las tarifas peg\u00f3<\/b>. Nos preocupa pero sobre todo nos ocupa. La pol\u00edtica monetaria sigue apuntando a tener la inflaci\u00f3n lo m\u00e1s bajo posible\u201d, asegur\u00f3 Caputo en di\u00e1logo con la se\u00f1al de noticias TN.<\/p>\n<p class=\"paragraph\" data-mrf-recirculation=\"Links inline\">Y continu\u00f3: \u201cLa cantidad de pesos est\u00e1 muy controlada y viene creciendo por debajo de la inflaci\u00f3n. Eso al final termina en una inflaci\u00f3n m\u00e1s baja. Se siguen haciendo los deberes: no hay d\u00e9ficit fiscal, hay una pol\u00edtica monetaria acorde y\u00a0<b>la inflaci\u00f3n va a terminar convergiendo a los niveles internacionales<\/b>, m\u00e1s tarde o m\u00e1s temprano\u201d.<\/p>\n<div class=\"rawHTML raw_html \"><img decoding=\"async\" class=\"responsive\" src=\"https:\/\/cloudfront-us-east-1.images.arcpublishing.com\/infobae\/C7OKFYUOARFWJEQV4LKOQWN22E.jpg\" alt=\"infografia\" \/><\/div>\n<p class=\"paragraph\" data-mrf-recirculation=\"Links inline\">El funcionario nacional vincul\u00f3 el repunte de la inflaci\u00f3n a un \u201cataque pol\u00edtico\u201d y se\u00f1al\u00f3 que, tras las elecciones en la provincia de Buenos Aires, se instal\u00f3 una \u201cpsicosis\u201d sobre una eventual derrota del presidente en los comicios nacionales. Bajo su perspectiva, esa percepci\u00f3n impuls\u00f3 una fuerte dolarizaci\u00f3n de portafolios, lo que impact\u00f3 en el riesgo pa\u00eds, el crecimiento econ\u00f3mico y el propio \u00edndice de precios. El funcionario sostuvo que estos hechos provocaron un retroceso en el proceso de desinflaci\u00f3n que el Gobierno consideraba encaminado.<\/p>\n<p class=\"paragraph\" data-mrf-recirculation=\"Links inline\">No obstante,\u00a0<b>Caputo volvi\u00f3 a ratificar que la din\u00e1mica inflacionaria podr\u00eda perforar el 1% en agosto<\/b>, aunque dej\u00f3 la puerta abierta para que el indicador caiga por debajo de ese porcentaje en el \u00faltimo cuatrimestre del a\u00f1o. \u201cEs muy dif\u00edcil predecir el cu\u00e1ndo en los \u00edndices pero no me preocupa porque es una cuesti\u00f3n de tiempo.\u00a0<b>Si no es agosto, ser\u00e1 septiembre u octubre<\/b>\u201d, remarc\u00f3.<\/p>\n<p class=\"paragraph\" data-mrf-recirculation=\"Links inline\">A prop\u00f3sito de la actividad econ\u00f3mica, el titular del Palacio de Hacienda neg\u00f3 que haya un escenario de estanflaci\u00f3n y subray\u00f3 que el Estimador Mensual de Actividad Econ\u00f3mica (EMAE) del Indec \u201c<b>est\u00e1 en nivel r\u00e9cord<\/b>\u201d. \u201cEso quiere decir que la situaci\u00f3n est\u00e1 mejor, lo que no quiere decir que no haya gente que la est\u00e9 pasando mal. No solo es importante la trayectoria, sino la pendiente. Necesitamos que el pa\u00eds recupere lo m\u00e1s r\u00e1pido posible porque hay mucha gente que la est\u00e1 pasando mal y somos conscientes de eso\u201d, apunt\u00f3.<\/p>\n<p class=\"paragraph\" data-mrf-recirculation=\"Links inline\">En cuanto al Argentina Week, el ministro de Econom\u00eda afirm\u00f3 que m\u00e1s de 400 inversores y empresarios del exterior \u201cpudieron ver c\u00f3mo Argentina, con este cambio de pol\u00edticas, ha logrado captar la atenci\u00f3n del mundo y\u00a0<b>es una atracci\u00f3n mundial<\/b>\u201d. Adem\u00e1s, destac\u00f3 que los doce gobernadores que viajaron a Estados Unidos \u201cagradecieron el rumbo que hab\u00eda adoptado el presidente Milei y dijeron fuerte y claro que no hab\u00eda marcha atr\u00e1s y este era el rumbo\u201d. \u201cPueden tener matices, son gobernadores de la oposici\u00f3n. Pero no va a haber ninguno que vaya a ir para el otro lado\u201d, sum\u00f3.<\/p>\n<div class=\"visual__image\"><picture><source srcset=\"https:\/\/www.infobae.com\/resizer\/v2\/IUW5KVUUNFGYHI43MVYQBKVL6Y.jpg?auth=3ea81e9e0c5aac3c03bc9a11293d87fa081820205f80a86b8b68e1f33ca746f3&amp;smart=true&amp;width=992&amp;height=559&amp;quality=85\" media=\"(min-width: 1000px)\" \/><source srcset=\"https:\/\/www.infobae.com\/resizer\/v2\/IUW5KVUUNFGYHI43MVYQBKVL6Y.jpg?auth=3ea81e9e0c5aac3c03bc9a11293d87fa081820205f80a86b8b68e1f33ca746f3&amp;smart=true&amp;width=768&amp;height=432&amp;quality=85\" media=\"(min-width: 768px)\" \/><source srcset=\"https:\/\/www.infobae.com\/resizer\/v2\/IUW5KVUUNFGYHI43MVYQBKVL6Y.jpg?auth=3ea81e9e0c5aac3c03bc9a11293d87fa081820205f80a86b8b68e1f33ca746f3&amp;smart=true&amp;width=577&amp;height=325&amp;quality=85\" media=\"(min-width: 580px)\" \/><source srcset=\"https:\/\/www.infobae.com\/resizer\/v2\/IUW5KVUUNFGYHI43MVYQBKVL6Y.jpg?auth=3ea81e9e0c5aac3c03bc9a11293d87fa081820205f80a86b8b68e1f33ca746f3&amp;smart=true&amp;width=420&amp;height=236&amp;quality=85\" media=\"(min-width: 350px)\" \/><source srcset=\"https:\/\/www.infobae.com\/resizer\/v2\/IUW5KVUUNFGYHI43MVYQBKVL6Y.jpg?auth=3ea81e9e0c5aac3c03bc9a11293d87fa081820205f80a86b8b68e1f33ca746f3&amp;smart=true&amp;width=350&amp;height=197&amp;quality=85\" media=\"(min-width: 80px)\" \/><img loading=\"lazy\" decoding=\"async\" class=\"global-image\" src=\"https:\/\/www.infobae.com\/resizer\/v2\/IUW5KVUUNFGYHI43MVYQBKVL6Y.jpg?auth=3ea81e9e0c5aac3c03bc9a11293d87fa081820205f80a86b8b68e1f33ca746f3&amp;smart=true&amp;width=350&amp;height=197&amp;quality=85\" alt=\"El ministro de Econom\u00eda, Luis\" width=\"1920\" height=\"1081\" \/><\/picture>El ministro de Econom\u00eda, Luis Caputo, encabezando una charla durante el Argentina Week.<\/div>\n<p class=\"paragraph\" data-mrf-recirculation=\"Links inline\">\u201cEl clima de inversi\u00f3n que vimos esta semana fue fenomenal. Se va a traducir en inversiones. El pasado qued\u00f3 atr\u00e1s. E<b>l kirchnerismo va a terminar siendo un partido residual<\/b>; se termin\u00f3. Ni los gobernadores ni la gente quieren volver al pasado. Entonces, Argentina tiene todo para ser una potencia\u201d, opin\u00f3.<\/p>\n<p class=\"paragraph\" data-mrf-recirculation=\"Links inline\">Al referirse al\u00a0<b>nivel de morosidad de las familias<\/b>, que alcanz\u00f3 el 9,3% en diciembre de 2025 y se encuentra en el punto m\u00e1s alto en m\u00e1s de 15 a\u00f1os,<b>\u00a0Luis Caputo<\/b>\u00a0indic\u00f3 que hay que \u201c<b>seguir bajando la inflaci\u00f3n, que bajen las tasas y que los bancos den plazos para que la gente se vaya acomodando<\/b>\u201d. \u201cEsto es un coletazo del ataque del a\u00f1o pasado: las tasas subieron fuertemente y algunas personas tiene y tuvo dificultades. Eso se va a ir acomodando. No es problem\u00e1tico a futuro\u201d, consign\u00f3.<\/p>\n<p class=\"paragraph\" data-mrf-recirculation=\"Links inline\">Respecto a la controversia con\u00a0<a title=\"https:\/\/www.infobae.com\/politica\/2026\/03\/11\/manuel-adorni-hablo-sobre-las-criticas-por-el-viaje-de-su-esposa-a-eeuu-las-comitivas-de-este-gobierno-son-las-mas-chicas-de-la-historia\/\" href=\"https:\/\/www.infobae.com\/politica\/2026\/03\/11\/manuel-adorni-hablo-sobre-las-criticas-por-el-viaje-de-su-esposa-a-eeuu-las-comitivas-de-este-gobierno-son-las-mas-chicas-de-la-historia\/\" target=\"_blank\" rel=\"noopener noreferrer\" data-mrf-link=\"https:\/\/www.infobae.com\/politica\/2026\/03\/11\/manuel-adorni-hablo-sobre-las-criticas-por-el-viaje-de-su-esposa-a-eeuu-las-comitivas-de-este-gobierno-son-las-mas-chicas-de-la-historia\/\"><b>Manuel Adorni<\/b><\/a>, que viaj\u00f3 al Argentina Week acompa\u00f1ado de su esposa,\u00a0<b>Bettina Angeletti<\/b>, consider\u00f3 que es \u201cirrelevante\u201d ya que \u201cno le cost\u00f3 ni un centavo a los argentinos\u201d. \u201cComo ministro de Econom\u00eda, me hubiera preocupado si le hubiera costado plata. No le cost\u00f3 un centavo. Conozco a Manuel desde hace dos a\u00f1os. Es una persona extraordinaria, honesta, \u00edntegra, s\u00faper trabajador y excelente profesional\u201d, plante\u00f3.<\/p>\n<p class=\"paragraph\" data-mrf-recirculation=\"Links inline\">En tono pol\u00edtico, Caputo expres\u00f3 que lo que \u201cm\u00e1s juega en contra de Argentina\u201d es el\u00a0<b>kirchnerismo<\/b>\u00a0y proyect\u00f3 que \u201c<b>va a ser un partido pol\u00edtico absolutamente minoritario e intrascendente en poco tiempo, como la izquierda<\/b>\u201d.<\/p>\n","protected":false},"excerpt":{"rendered":"<p>De regreso del\u00a0Argentina Week, el evento promocional para captar inversiones que tuvo lugar en Estados Unidos, el ministro de Econom\u00eda,\u00a0Luis Caputo, se refiri\u00f3 al dato de\u00a0inflaci\u00f3n de febrero, que arroj\u00f3 2,9%, ratific\u00f3 la meta de menos de 1% mensual para el segundo semestre y asegur\u00f3 que la din\u00e1mica de precios converger\u00e1 al nivel internacional \u201cm\u00e1s [&hellip;]<\/p>\n","protected":false},"author":2,"featured_media":31363,"comment_status":"open","ping_status":"open","sticky":false,"template":"","format":"standard","meta":{"footnotes":""},"categories":[65],"tags":[],"class_list":{"0":"post-31362","1":"post","2":"type-post","3":"status-publish","4":"format-standard","5":"has-post-thumbnail","7":"category-economia"},"_links":{"self":[{"href":"https:\/\/radiobitacora.com.ar\/web\/wp-json\/wp\/v2\/posts\/31362","targetHints":{"allow":["GET"]}}],"collection":[{"href":"https:\/\/radiobitacora.com.ar\/web\/wp-json\/wp\/v2\/posts"}],"about":[{"href":"https:\/\/radiobitacora.com.ar\/web\/wp-json\/wp\/v2\/types\/post"}],"author":[{"embeddable":true,"href":"https:\/\/radiobitacora.com.ar\/web\/wp-json\/wp\/v2\/users\/2"}],"replies":[{"embeddable":true,"href":"https:\/\/radiobitacora.com.ar\/web\/wp-json\/wp\/v2\/comments?post=31362"}],"version-history":[{"count":1,"href":"https:\/\/radiobitacora.com.ar\/web\/wp-json\/wp\/v2\/posts\/31362\/revisions"}],"predecessor-version":[{"id":31364,"href":"https:\/\/radiobitacora.com.ar\/web\/wp-json\/wp\/v2\/posts\/31362\/revisions\/31364"}],"wp:featuredmedia":[{"embeddable":true,"href":"https:\/\/radiobitacora.com.ar\/web\/wp-json\/wp\/v2\/media\/31363"}],"wp:attachment":[{"href":"https:\/\/radiobitacora.com.ar\/web\/wp-json\/wp\/v2\/media?parent=31362"}],"wp:term":[{"taxonomy":"category","embeddable":true,"href":"https:\/\/radiobitacora.com.ar\/web\/wp-json\/wp\/v2\/categories?post=31362"},{"taxonomy":"post_tag","embeddable":true,"href":"https:\/\/radiobitacora.com.ar\/web\/wp-json\/wp\/v2\/tags?post=31362"}],"curies":[{"name":"wp","href":"https:\/\/api.w.org\/{rel}","templated":true}]}}