{"id":31365,"date":"2026-03-13T18:00:29","date_gmt":"2026-03-13T21:00:29","guid":{"rendered":"https:\/\/radiobitacora.com.ar\/web\/?p=31365"},"modified":"2026-03-13T18:00:29","modified_gmt":"2026-03-13T21:00:29","slug":"industria-en-apuros-cinco-sectores-empezaron-el-ano-con-mas-de-la-mitad-de-sus-maquinas-apagadas","status":"publish","type":"post","link":"https:\/\/radiobitacora.com.ar\/web\/2026\/03\/13\/industria-en-apuros-cinco-sectores-empezaron-el-ano-con-mas-de-la-mitad-de-sus-maquinas-apagadas\/","title":{"rendered":"Industria en apuros: cinco sectores empezaron el a\u00f1o con m\u00e1s de la mitad de sus m\u00e1quinas apagadas"},"content":{"rendered":"<p class=\"paragraph\" data-mrf-recirculation=\"Links inline\">La utilizaci\u00f3n de la capacidad instalada en la industria argentina registr\u00f3 en enero de 2026 un nivel general del\u00a0<b>53,6%, el porcentaje m\u00e1s bajo desde marzo de 2024<\/b>. Seg\u00fan los datos publicados por el Instituto Nacional de Estad\u00edstica y Censos (INDEC), esta cifra representa una ca\u00edda frente al mismo mes del a\u00f1o anterior, cuando el indicador se hab\u00eda ubicado en el\u00a0<b>55,0 por ciento<\/b>. De esta manera, el informe revela que el sector manufacturero inici\u00f3 el a\u00f1o operando con niveles de ociosidad significativos, acentuando la tendencia contractiva observada al cierre del 2025.<\/p>\n<p class=\"paragraph\" data-mrf-recirculation=\"Links inline\">La din\u00e1mica industrial del primer mes del a\u00f1o muestra una realidad muy diferentes para cada actividad, pero con un dato muy preocupante: cinco sectores operan hoy con m\u00e1s de la mitad de su capacidad productiva ociosa. Esto implica que, en estas actividades, m\u00e1s del\u00a0<b>50%<\/b>\u00a0de las m\u00e1quinas y equipos disponibles en las plantas se encuentran fuera de funcionamiento por falta de demanda o paradas de producci\u00f3n.<\/p>\n<h2 class=\"header headline-class-h2 headline\">Los rubros con mayor capacidad ociosa<\/h2>\n<div class=\"inline ad-wrapper\">\n<div class=\"dfpAd ad-inline\"><\/div>\n<\/div>\n<p class=\"paragraph\" data-mrf-recirculation=\"Links inline\">El bloque con el desempe\u00f1o m\u00e1s bajo en enero de 2026 es el de\u00a0<b>productos textiles<\/b>, que alcanz\u00f3 apenas un\u00a0<b>23,7%<\/b>\u00a0de utilizaci\u00f3n. Este valor es sustancialmente inferior al\u00a0<b>33,9%<\/b> registrado en enero de 2025. De acuerdo con el organismo oficial, este retroceso se explica por menores niveles de producci\u00f3n de tejidos y de hilados de algod\u00f3n.<\/p>\n<p class=\"paragraph\" data-mrf-recirculation=\"Links inline\">En este punto, es oportuno recordar que en 2025 ingresaron desde el exterior casi 400 mil toneladas de ropa y productos textiles, un 71% m\u00e1s que el a\u00f1o anterior. La \u201coleada\u201d de importaciones gener\u00f3 fuertes cr\u00edticas por parte de los fabricantes locales, quienes aseguran que no pueden competir con los precios de los productos de otros pa\u00edses. De hecho, afirman que \u201c<a title=\"https:\/\/www.infobae.com\/economia\/2026\/02\/14\/polemica-por-la-ropa-importada-mas-del-93-del-consumo-de-indumentaria-y-calzado-se-provee-de-la-industria-nacional\/\" href=\"https:\/\/www.infobae.com\/economia\/2026\/02\/14\/polemica-por-la-ropa-importada-mas-del-93-del-consumo-de-indumentaria-y-calzado-se-provee-de-la-industria-nacional\/\" target=\"_blank\" rel=\"noopener noreferrer\" data-mrf-link=\"https:\/\/www.infobae.com\/economia\/2026\/02\/14\/polemica-por-la-ropa-importada-mas-del-93-del-consumo-de-indumentaria-y-calzado-se-provee-de-la-industria-nacional\/\">los impuestos nacionales y provinciales pueden elevar los precios finales locales hasta en un 50% respecto de un producto importado similar<\/a>\u201d.<\/p>\n<div class=\"visual__image\"><picture><source srcset=\"https:\/\/www.infobae.com\/resizer\/v2\/SWHODKZIZZHTJNMMQS5TAEVSSM.jpg?auth=a2ab2c5cfe42fa5a1ce3b2f4b56797ba95b39e6a50a80e2db0d9db90d762f123&amp;smart=true&amp;width=992&amp;height=660&amp;quality=85\" media=\"(min-width: 1000px)\" \/><source srcset=\"https:\/\/www.infobae.com\/resizer\/v2\/SWHODKZIZZHTJNMMQS5TAEVSSM.jpg?auth=a2ab2c5cfe42fa5a1ce3b2f4b56797ba95b39e6a50a80e2db0d9db90d762f123&amp;smart=true&amp;width=768&amp;height=511&amp;quality=85\" media=\"(min-width: 768px)\" \/><source srcset=\"https:\/\/www.infobae.com\/resizer\/v2\/SWHODKZIZZHTJNMMQS5TAEVSSM.jpg?auth=a2ab2c5cfe42fa5a1ce3b2f4b56797ba95b39e6a50a80e2db0d9db90d762f123&amp;smart=true&amp;width=577&amp;height=384&amp;quality=85\" media=\"(min-width: 580px)\" \/><source srcset=\"https:\/\/www.infobae.com\/resizer\/v2\/SWHODKZIZZHTJNMMQS5TAEVSSM.jpg?auth=a2ab2c5cfe42fa5a1ce3b2f4b56797ba95b39e6a50a80e2db0d9db90d762f123&amp;smart=true&amp;width=420&amp;height=279&amp;quality=85\" media=\"(min-width: 350px)\" \/><source srcset=\"https:\/\/www.infobae.com\/resizer\/v2\/SWHODKZIZZHTJNMMQS5TAEVSSM.jpg?auth=a2ab2c5cfe42fa5a1ce3b2f4b56797ba95b39e6a50a80e2db0d9db90d762f123&amp;smart=true&amp;width=350&amp;height=233&amp;quality=85\" media=\"(min-width: 80px)\" \/><img loading=\"lazy\" decoding=\"async\" class=\"global-image\" src=\"https:\/\/www.infobae.com\/resizer\/v2\/SWHODKZIZZHTJNMMQS5TAEVSSM.jpg?auth=a2ab2c5cfe42fa5a1ce3b2f4b56797ba95b39e6a50a80e2db0d9db90d762f123&amp;smart=true&amp;width=350&amp;height=233&amp;quality=85\" alt=\"Con solo el 23,7% de\" width=\"6048\" height=\"4024\" \/><\/picture>Con solo el 23,7% de sus m\u00e1quinas encendidas, el bloque textil es el que presenta mayor capacidad ociosa en todo el entramado manufacturero nacional.<\/div>\n<p class=\"paragraph\" data-mrf-recirculation=\"Links inline\">En una situaci\u00f3n similar se encuentra la\u00a0<b>industria automotriz<\/b>, que en enero oper\u00f3 al\u00a0<b>24,0%<\/b>\u00a0de su capacidad instalada. La cifra muestra una ca\u00edda de casi 11 puntos porcentuales respecto al\u00a0<b>34,8%<\/b>\u00a0del mismo mes del a\u00f1o previo. El Indec vincula este comportamiento directamente con la menor cantidad de unidades fabricadas por las terminales locales. Al respecto, la producci\u00f3n de veh\u00edculos automotores reflej\u00f3 una disminuci\u00f3n del\u00a0<b>30,4%<\/b> en la comparaci\u00f3n interanual.<\/p>\n<p class=\"paragraph\" data-mrf-recirculation=\"Links inline\">El tercer sector que trabaja con m\u00e1s de la mitad de sus m\u00e1quinas apagadas es la\u00a0<b>metalmec\u00e1nica excluida la industria automotriz<\/b>, que registr\u00f3 un uso del\u00a0<b>31,4 por ciento<\/b>. En enero de 2025, este bloque operaba al\u00a0<b>38,1%<\/b>. Esta ca\u00edda es, seg\u00fan el informe, la de mayor incidencia negativa en el nivel general de la industria. El retroceso est\u00e1 ligado a la baja producci\u00f3n de maquinaria agropecuaria, que cay\u00f3\u00a0<b>32,1%<\/b>, y de aparatos de uso dom\u00e9stico, con una baja del\u00a0<b>35,8%<\/b>.<\/p>\n<p class=\"paragraph\" data-mrf-recirculation=\"Links inline\">Por su parte, el bloque de\u00a0<b>productos de caucho y pl\u00e1stico<\/b>\u00a0utiliz\u00f3 el\u00a0<b>36,1%<\/b>\u00a0de su estructura productiva en enero, frente al\u00a0<b>39,6%<\/b>\u00a0de un a\u00f1o atr\u00e1s. La menor fabricaci\u00f3n de manufacturas de pl\u00e1stico (con una ca\u00edda del\u00a0<b>6,2%<\/b>) y, especialmente, de neum\u00e1ticos (que se contrajo 29,7%), explican el menor uso de las plantas fabriles.<\/p>\n<p class=\"paragraph\" data-mrf-recirculation=\"Links inline\">Finalmente, el grupo de\u00a0<b>productos minerales no met\u00e1licos<\/b>\u00a0completa la lista de los cinco sectores por debajo del umbral del 50%, al registrar un nivel de utilizaci\u00f3n del\u00a0<b>45,5%<\/b>. Aunque el informe no detalla la ca\u00edda de este mes espec\u00edfico, los cuadros estad\u00edsticos muestran un retroceso respecto al\u00a0<b>51,1%<\/b>\u00a0con el que hab\u00eda cerrado diciembre de 2025.<\/p>\n<h2 class=\"header headline-class-h2 headline\">El desempe\u00f1o de los bloques por encima del nivel general<\/h2>\n<p class=\"paragraph\" data-mrf-recirculation=\"Links inline\">A pesar de la ca\u00edda global, otros seis sectores industriales lograron mantenerse por encima del promedio general del\u00a0<b>53,6%<\/b>. El sector de\u00a0<b>refinaci\u00f3n del petr\u00f3leo<\/b>\u00a0sigue liderando la actividad con un\u00a0<b>86,8%<\/b>\u00a0de uso de su capacidad instalada. Este nivel es superior al registrado en enero de 2025 (84,6%) y se mantiene como el principal sost\u00e9n del indicador agregado.<\/p>\n<div class=\"visual__image\"><picture><source srcset=\"https:\/\/www.infobae.com\/resizer\/v2\/AR7XT227DVAK3IN2BIJT7GB5N4.jpg?auth=a494cc6d0c3e8af1698750adc444877135a4f7e41e4b0b946172f0f137a04451&amp;smart=true&amp;width=992&amp;height=558&amp;quality=85\" media=\"(min-width: 1000px)\" \/><source srcset=\"https:\/\/www.infobae.com\/resizer\/v2\/AR7XT227DVAK3IN2BIJT7GB5N4.jpg?auth=a494cc6d0c3e8af1698750adc444877135a4f7e41e4b0b946172f0f137a04451&amp;smart=true&amp;width=768&amp;height=432&amp;quality=85\" media=\"(min-width: 768px)\" \/><source srcset=\"https:\/\/www.infobae.com\/resizer\/v2\/AR7XT227DVAK3IN2BIJT7GB5N4.jpg?auth=a494cc6d0c3e8af1698750adc444877135a4f7e41e4b0b946172f0f137a04451&amp;smart=true&amp;width=577&amp;height=325&amp;quality=85\" media=\"(min-width: 580px)\" \/><source srcset=\"https:\/\/www.infobae.com\/resizer\/v2\/AR7XT227DVAK3IN2BIJT7GB5N4.jpg?auth=a494cc6d0c3e8af1698750adc444877135a4f7e41e4b0b946172f0f137a04451&amp;smart=true&amp;width=420&amp;height=236&amp;quality=85\" media=\"(min-width: 350px)\" \/><source srcset=\"https:\/\/www.infobae.com\/resizer\/v2\/AR7XT227DVAK3IN2BIJT7GB5N4.jpg?auth=a494cc6d0c3e8af1698750adc444877135a4f7e41e4b0b946172f0f137a04451&amp;smart=true&amp;width=350&amp;height=197&amp;quality=85\" media=\"(min-width: 80px)\" \/><img loading=\"lazy\" decoding=\"async\" class=\"global-image\" src=\"https:\/\/www.infobae.com\/resizer\/v2\/AR7XT227DVAK3IN2BIJT7GB5N4.jpg?auth=a494cc6d0c3e8af1698750adc444877135a4f7e41e4b0b946172f0f137a04451&amp;smart=true&amp;width=350&amp;height=197&amp;quality=85\" alt=\"Las refiner\u00edas trabajan al 86,8%\" width=\"1920\" height=\"1080\" \/><\/picture>Las refiner\u00edas trabajan al 86,8% de su capacidad y lideran el ranking de actividad del sector industrial<\/div>\n<p class=\"paragraph\" data-mrf-recirculation=\"Links inline\">Las\u00a0<b>industrias met\u00e1licas b\u00e1sicas<\/b>\u00a0se ubicaron como el segundo bloque con mayor actividad, alcanzando el\u00a0<b>67,6%<\/b>. En este caso, se observ\u00f3 una incidencia positiva relevante, ya que super\u00f3 el 59,3% de enero del a\u00f1o pasado. Este crecimiento est\u00e1 respaldado por los datos de la C\u00e1mara Argentina del Acero, que informaron un aumento interanual del 17,2% en la producci\u00f3n de acero crudo.<\/p>\n<p class=\"paragraph\" data-mrf-recirculation=\"Links inline\">El bloque de\u00a0<b>sustancias y productos qu\u00edmicos<\/b>\u00a0oper\u00f3 al\u00a0<b>64,8%<\/b>. Si bien est\u00e1 por encima del nivel general, mostr\u00f3 un ligero retroceso frente al 66,0% registrado en enero de 2025. Cabe destacar que para este c\u00e1lculo no se considera la utilizaci\u00f3n de la industria farmac\u00e9utica.<\/p>\n<p class=\"paragraph\" data-mrf-recirculation=\"Links inline\">Por debajo se ubicaron\u00a0<b>papel y cart\u00f3n<\/b>, con un\u00a0<b>61,7%<\/b>\u00a0(frente al 67,3% previo) , y\u00a0<b>productos alimenticios y bebidas<\/b>, que registr\u00f3 un\u00a0<b>60,2%<\/b>. En este \u00faltimo caso, la utilizaci\u00f3n fue menor al<b>\u00a061,0%\u00a0<\/b>de enero de 2025. Para este segmento, el Indec aclara que no se incluye la actividad vitivin\u00edcola ni la de los ingenios azucareros.<\/p>\n<p class=\"paragraph\" data-mrf-recirculation=\"Links inline\">Por \u00faltimo, el sector de\u00a0<b>edici\u00f3n e impresi\u00f3n<\/b>\u00a0se posicion\u00f3 apenas por encima del nivel general con un\u00a0<b>54,0%<\/b>. Este resultado represent\u00f3 una mejora respecto al 52,1% de enero de 2025. El \u00fanico sector que oper\u00f3 por debajo del nivel general pero por encima del 50% fue el de\u00a0<b>productos del tabaco<\/b>, que alcanz\u00f3 el\u00a0<b>50,9%<\/b>, mejorando considerablemente el 40,8% del a\u00f1o anterior.<\/p>\n","protected":false},"excerpt":{"rendered":"<p>La utilizaci\u00f3n de la capacidad instalada en la industria argentina registr\u00f3 en enero de 2026 un nivel general del\u00a053,6%, el porcentaje m\u00e1s bajo desde marzo de 2024. Seg\u00fan los datos publicados por el Instituto Nacional de Estad\u00edstica y Censos (INDEC), esta cifra representa una ca\u00edda frente al mismo mes del a\u00f1o anterior, cuando el indicador [&hellip;]<\/p>\n","protected":false},"author":2,"featured_media":31366,"comment_status":"open","ping_status":"open","sticky":false,"template":"","format":"standard","meta":{"footnotes":""},"categories":[65],"tags":[],"class_list":{"0":"post-31365","1":"post","2":"type-post","3":"status-publish","4":"format-standard","5":"has-post-thumbnail","7":"category-economia"},"_links":{"self":[{"href":"https:\/\/radiobitacora.com.ar\/web\/wp-json\/wp\/v2\/posts\/31365","targetHints":{"allow":["GET"]}}],"collection":[{"href":"https:\/\/radiobitacora.com.ar\/web\/wp-json\/wp\/v2\/posts"}],"about":[{"href":"https:\/\/radiobitacora.com.ar\/web\/wp-json\/wp\/v2\/types\/post"}],"author":[{"embeddable":true,"href":"https:\/\/radiobitacora.com.ar\/web\/wp-json\/wp\/v2\/users\/2"}],"replies":[{"embeddable":true,"href":"https:\/\/radiobitacora.com.ar\/web\/wp-json\/wp\/v2\/comments?post=31365"}],"version-history":[{"count":1,"href":"https:\/\/radiobitacora.com.ar\/web\/wp-json\/wp\/v2\/posts\/31365\/revisions"}],"predecessor-version":[{"id":31367,"href":"https:\/\/radiobitacora.com.ar\/web\/wp-json\/wp\/v2\/posts\/31365\/revisions\/31367"}],"wp:featuredmedia":[{"embeddable":true,"href":"https:\/\/radiobitacora.com.ar\/web\/wp-json\/wp\/v2\/media\/31366"}],"wp:attachment":[{"href":"https:\/\/radiobitacora.com.ar\/web\/wp-json\/wp\/v2\/media?parent=31365"}],"wp:term":[{"taxonomy":"category","embeddable":true,"href":"https:\/\/radiobitacora.com.ar\/web\/wp-json\/wp\/v2\/categories?post=31365"},{"taxonomy":"post_tag","embeddable":true,"href":"https:\/\/radiobitacora.com.ar\/web\/wp-json\/wp\/v2\/tags?post=31365"}],"curies":[{"name":"wp","href":"https:\/\/api.w.org\/{rel}","templated":true}]}}