{"id":31371,"date":"2026-03-13T18:11:40","date_gmt":"2026-03-13T21:11:40","guid":{"rendered":"https:\/\/radiobitacora.com.ar\/web\/?p=31371"},"modified":"2026-03-13T18:11:40","modified_gmt":"2026-03-13T21:11:40","slug":"soledad-pastorutti-antes-de-debutar-en-lollapalooza-argentina-es-la-primera-vez-para-una-artista-de-folclore","status":"publish","type":"post","link":"https:\/\/radiobitacora.com.ar\/web\/2026\/03\/13\/soledad-pastorutti-antes-de-debutar-en-lollapalooza-argentina-es-la-primera-vez-para-una-artista-de-folclore\/","title":{"rendered":"Soledad Pastorutti antes de debutar en Lollapalooza Argentina: \u201cEs la primera vez para una artista de folclore\u201d"},"content":{"rendered":"<div class=\"jwplayer-ctn\"><\/div>\n<p class=\"paragraph\" data-mrf-recirculation=\"Links inline\"><a title=\"https:\/\/www.infobae.com\/tag\/soledad-pastorutti\/\" href=\"https:\/\/www.infobae.com\/tag\/soledad-pastorutti\/\" target=\"_blank\" rel=\"noopener noreferrer\" data-mrf-link=\"https:\/\/www.infobae.com\/tag\/soledad-pastorutti\/\"><b>Soledad Pastorutti<\/b><\/a><b>\u00a0<\/b>pas\u00f3 por\u00a0<i>Infobae al Mediod\u00eda<\/i> y, en di\u00e1logo con Maru Duffard y el resto del equipo, repas\u00f3 sus treinta a\u00f1os de trayectoria, el recorrido por escenarios de todo el pa\u00eds y el cambio de imagen que fue adoptando de manera natural a lo largo del tiempo.<\/p>\n<p class=\"paragraph\" data-mrf-recirculation=\"Links inline\">La Sole record\u00f3 su reciente presentaci\u00f3n en Cosqu\u00edn, donde celebr\u00f3 tres d\u00e9cadas de carrera con un show \u00e9pico bajo la lluvia: \u201cAl principio estaba muy enojada porque hab\u00edamos preparado algo muy lindo, el festejo, y cuando vi que la lluvia empez\u00f3, un ratito antes del recital, dije: \u2018No, no puede ser\u2019. Despu\u00e9s creo que la lluvia fue un complemento inesperado y especial, hizo que todo el mundo hablase del show. Nunca pens\u00e9 que iba a trascender tanto porque hace treinta a\u00f1os que voy a Cosqu\u00edn. Era un festejo, pero para m\u00ed todos los a\u00f1os visitar ese lugar es imprescindible, donde mi p\u00fablico me banca y me hace el aguante\u201d.<\/p>\n<div class=\"streaming-feed streaming-feed-powerup\">\n<p class=\"streaming-feed-title\">Nueva Programaci\u00f3n<\/p>\n<div class=\"streaming-feed-slider\">\n<div class=\"swiper swiper-initialized swiper-horizontal swiper-backface-hidden\">\n<div class=\"swiper-wrapper\">\n<div class=\"swiper-slide streaming-feed-slide\" data-swiper-slide-index=\"2\"><a class=\"streaming-feed-card\" href=\"https:\/\/www.youtube.com\/@Infobae\" target=\"_blank\" rel=\"noopener noreferrer\"><img decoding=\"async\" class=\"streaming-feed-card-image\" src=\"https:\/\/www.infobae.com\/resizer\/v2\/7OCB73OBF5CCNGT4BSPIPOSKQE.png?auth=573ea9cf95fa2e04247a1d6e62a635b74b612e11246d5b9b4e4c40cd4996e691\" alt=\"streaming-image\" \/><\/a><\/p>\n<div class=\"streaming-feed-card-content\">\n<p class=\"streaming-feed-card-title\">INFOBAE AL MEDIOD\u00cdA<\/p>\n<p class=\"streaming-feed-card-description\">La edici\u00f3n del mediod\u00eda propone una mirada amplia de la actualidad, con contenidos diversos, foco internacional y el respaldo de las redacciones de Infobae en el mundo.<\/p>\n<p class=\"streaming-feed-card-schedule\">De Lun a Vie 12 a 15 hs<\/p>\n<\/div>\n<\/div>\n<div class=\"swiper-slide streaming-feed-slide swiper-slide-prev\" data-swiper-slide-index=\"3\"><a class=\"streaming-feed-card\" href=\"https:\/\/www.youtube.com\/@Infobae\" target=\"_blank\" rel=\"noopener noreferrer\"><img decoding=\"async\" class=\"streaming-feed-card-image\" src=\"https:\/\/www.infobae.com\/resizer\/v2\/UIRLFN4CTZBJ5OK7BHQHPOAQMI.png?auth=504d631b6dbc42d9a7efdb0ed2658616679575e57b56059b777e5b2e5a838c92\" alt=\"streaming-image\" \/><\/a><\/p>\n<div class=\"streaming-feed-card-content\">\n<p class=\"streaming-feed-card-title\">INFOBAE A LA TARDE<\/p>\n<p class=\"streaming-feed-card-description\">La edici\u00f3n de la tarde propone un espacio de an\u00e1lisis y debate sobre los temas que marcan la agenda del d\u00eda, con un enfoque din\u00e1mico, elocuente y profundo.<\/p>\n<p class=\"streaming-feed-card-schedule\">De Lun a Vie 15 a 18 hs<\/p>\n<\/div>\n<\/div>\n<div class=\"swiper-slide streaming-feed-slide swiper-slide-active\" data-swiper-slide-index=\"4\"><a class=\"streaming-feed-card in-stream\" href=\"https:\/\/www.youtube.com\/@Infobae\" target=\"_blank\" rel=\"noopener noreferrer\"><img decoding=\"async\" class=\"streaming-feed-card-image\" src=\"https:\/\/www.infobae.com\/resizer\/v2\/74XNX45OL5GYXIQFH3EKCODQUI.png?auth=cf05033654359b754eed9c9742064e31ef7d5ddd15f6077e2d00af964476875e\" alt=\"streaming-image\" \/><\/a><\/p>\n<div class=\"streaming-feed-card-content\">\n<p class=\"streaming-feed-card-title\">INFOBAE AL REGRESO<\/p>\n<p class=\"streaming-feed-card-description\">La edici\u00f3n PM se centra en el an\u00e1lisis pol\u00edtico de la jornada, con contexto, debate y las claves de la agenda del d\u00eda siguiente.<\/p>\n<p class=\"streaming-feed-card-schedule\">De Lun a Vie 18 a 21 hs<\/p>\n<\/div>\n<\/div>\n<div class=\"swiper-slide streaming-feed-slide swiper-slide-next\" data-swiper-slide-index=\"5\"><a class=\"streaming-feed-card\" href=\"https:\/\/www.youtube.com\/@Infobae\" target=\"_blank\" rel=\"noopener noreferrer\"><img decoding=\"async\" class=\"streaming-feed-card-image\" src=\"https:\/\/www.infobae.com\/resizer\/v2\/SNT34ZF4PFFZRPH4D5Q5HB6DBQ.png?auth=4df6862f4cc8b56ed2002f5d05755d47ea9da2668983c75e1466d803eda6239a\" alt=\"streaming-image\" \/><\/a><\/p>\n<div class=\"streaming-feed-card-content\">\n<p class=\"streaming-feed-card-title\">INFOBAE A LA NOCHE<\/p>\n<p class=\"streaming-feed-card-description\">A partir de las 21hs y hasta las 7am, inicia Infobae de Noche, una propuesta musical que completa la grilla y acompa\u00f1a a la audiencia.<\/p>\n<p class=\"streaming-feed-card-schedule\">De Lun a Dom 21 a 7 hs<\/p>\n<\/div>\n<\/div>\n<div class=\"swiper-slide streaming-feed-slide\" data-swiper-slide-index=\"0\"><a class=\"streaming-feed-card\" href=\"https:\/\/www.youtube.com\/@Infobae\" target=\"_blank\" rel=\"noopener noreferrer\"><img decoding=\"async\" class=\"streaming-feed-card-image\" src=\"https:\/\/www.infobae.com\/resizer\/v2\/YDYIWXRF4FEVVNHPOA7LF3YDXA.png?auth=3f092edca7a56a9b6ec277bcecc898433dbaed898d5824790bccc739588cd7c8\" alt=\"streaming-image\" \/><\/a><\/p>\n<div class=\"streaming-feed-card-content\">\n<p class=\"streaming-feed-card-title\">INFOBAE AL AMANECER<\/p>\n<p class=\"streaming-feed-card-description\">Infobae En Vivo inicia su jornada con una primera edici\u00f3n informativa pensada para arrancar el d\u00eda bien informado. Un espacio \u00e1gil y plural, con las noticias clave de la ma\u00f1ana, an\u00e1lisis temprano y contexto para anticipar la agenda del d\u00eda.<\/p>\n<p class=\"streaming-feed-card-schedule\">De Lun a Vie 7 a 9 hs<\/p>\n<\/div>\n<\/div>\n<div class=\"swiper-slide streaming-feed-slide\" data-swiper-slide-index=\"1\"><a class=\"streaming-feed-card\" href=\"https:\/\/www.youtube.com\/@Infobae\" target=\"_blank\" rel=\"noopener noreferrer\"><img decoding=\"async\" class=\"streaming-feed-card-image\" src=\"https:\/\/www.infobae.com\/resizer\/v2\/J6FOZY4QKZHRRI4YGGQCG3WWPA.png?auth=a21d17528ba5cb775b32e68980de2cfc03021664949b235e2d678e2a27f192a7\" alt=\"streaming-image\" \/><\/a><\/p>\n<div class=\"streaming-feed-card-content\">\n<p class=\"streaming-feed-card-title\">INFOBAE A LAS NUEVE<\/p>\n<p class=\"streaming-feed-card-description\">La edici\u00f3n am abordar\u00e1 la informaci\u00f3n que define el d\u00eda, en un formato \u00e1gil que atrapa a la audiencia.<\/p>\n<p class=\"streaming-feed-card-schedule\">De Lun a Vie 9 a 12 hs<\/p>\n<\/div>\n<\/div>\n<\/div>\n<\/div>\n<\/div>\n<\/div>\n<div class=\"inline ad-wrapper\">\n<div class=\"dfpAd ad-inline\">\n<div id=\"infobae\/teleshow\/nota\/inline\" class=\"infobae\/teleshow\/nota\/inline arcad\" data-google-query-id=\"CNu2srnjnZMDFa1QuAQdOkgHMA\">\n<div id=\"google_ads_iframe_\/1058609\/infobae\/teleshow\/nota\/inline_0__container__\"><\/div>\n<\/div>\n<\/div>\n<\/div>\n<p class=\"paragraph\" data-mrf-recirculation=\"Links inline\">El festejo, cont\u00f3, reci\u00e9n comienza: \u201cCosqu\u00edn es el primer lugar donde lo festejo. Ma\u00f1ana, como una cosa muy extra\u00f1a y distinta, el Lollapalooza. Es la primera vez que un artista de folclore va a estar en el Lollapalooza. As\u00ed que tambi\u00e9n es un a\u00f1o muy especial para m\u00ed y probablemente haya muchas m\u00e1s novedades\u201d.<\/p>\n<p class=\"paragraph\" data-mrf-recirculation=\"Links inline\">Consultada por el cambio de imagen, Soledad fue honesta: \u201cQu\u00e9 dif\u00edcil es responder. Creo que tiene que ver con lo natural de un ser humano, sobre todo de una mujer que pasa de ser una ni\u00f1a a una mujer. Yo con catorce a\u00f1os nunca supe c\u00f3mo maquillarme, no sab\u00eda lo que era depilarme las cejas. Si ibas a la peluquer\u00eda era para cortarte el pelo, no hab\u00eda una b\u00fasqueda de look. Viv\u00ed una realidad muy diferente y me toc\u00f3 ser famosa antes que tener toda esta informaci\u00f3n. Creo que lo que m\u00e1s peg\u00f3 de esa nena de Cosqu\u00edn fue justamente esa naturalidad\u201d.<\/p>\n<div class=\"visual__image\"><picture><source srcset=\"https:\/\/www.infobae.com\/resizer\/v2\/K6LSINYR25EQPFJUQVGNAJBXEY.png?auth=01a88459481b90295ceef13f4da16d3d6cf44a1ffdecd936632e11a8969c8f16&amp;smart=true&amp;width=992&amp;height=558&amp;quality=85\" media=\"(min-width: 1000px)\" \/><source srcset=\"https:\/\/www.infobae.com\/resizer\/v2\/K6LSINYR25EQPFJUQVGNAJBXEY.png?auth=01a88459481b90295ceef13f4da16d3d6cf44a1ffdecd936632e11a8969c8f16&amp;smart=true&amp;width=768&amp;height=432&amp;quality=85\" media=\"(min-width: 768px)\" \/><source srcset=\"https:\/\/www.infobae.com\/resizer\/v2\/K6LSINYR25EQPFJUQVGNAJBXEY.png?auth=01a88459481b90295ceef13f4da16d3d6cf44a1ffdecd936632e11a8969c8f16&amp;smart=true&amp;width=577&amp;height=325&amp;quality=85\" media=\"(min-width: 580px)\" \/><source srcset=\"https:\/\/www.infobae.com\/resizer\/v2\/K6LSINYR25EQPFJUQVGNAJBXEY.png?auth=01a88459481b90295ceef13f4da16d3d6cf44a1ffdecd936632e11a8969c8f16&amp;smart=true&amp;width=420&amp;height=236&amp;quality=85\" media=\"(min-width: 350px)\" \/><source srcset=\"https:\/\/www.infobae.com\/resizer\/v2\/K6LSINYR25EQPFJUQVGNAJBXEY.png?auth=01a88459481b90295ceef13f4da16d3d6cf44a1ffdecd936632e11a8969c8f16&amp;smart=true&amp;width=350&amp;height=197&amp;quality=85\" media=\"(min-width: 80px)\" \/><img loading=\"lazy\" decoding=\"async\" class=\"global-image\" src=\"https:\/\/www.infobae.com\/resizer\/v2\/K6LSINYR25EQPFJUQVGNAJBXEY.png?auth=01a88459481b90295ceef13f4da16d3d6cf44a1ffdecd936632e11a8969c8f16&amp;smart=true&amp;width=350&amp;height=197&amp;quality=85\" alt=\"La cantante habl\u00f3 de su\" width=\"1920\" height=\"1080\" \/><\/picture>La cantante habl\u00f3 de su cambio de imagen a lo largo de la carrera<\/div>\n<p class=\"paragraph\" data-mrf-recirculation=\"Links inline\">Relat\u00f3 que, con los a\u00f1os, fue aprendiendo qu\u00e9 le quedaba mejor y c\u00f3mo sentirse c\u00f3moda, pero que el cambio fue paulatino: \u201cVengo del interior y de un pueblo muy chico, y los que venimos de lugares as\u00ed sabemos que la mirada del otro est\u00e1 mucho m\u00e1s cercana y est\u00e1 revisando todo. En aquel momento no hab\u00eda celulares y yo fui una de las primeras en tener. Lo escond\u00eda, porque si no era una cosa de qu\u00e9 agrandada\u201d.<\/p>\n<p class=\"paragraph\" data-mrf-recirculation=\"Links inline\">Maru, tambi\u00e9n de un pueblo peque\u00f1o, empatiz\u00f3 con la experiencia. Soledad record\u00f3: \u201cYo me crie en Los Molinos, el pueblo al lado del m\u00edo y tampoco llega a dos mil habitantes. Es maravilloso lo que se vive en un pueblo. No estoy haciendo negativo una caracter\u00edstica, es natural del ser humano andar mir\u00e1ndonos, y en Argentina ni te cuento\u201d.<\/p>\n<p class=\"paragraph\" data-mrf-recirculation=\"Links inline\">La artista confes\u00f3 que volver a Arequito es parte de su identidad: \u201cAl principio de mi carrera, nos tom\u00f3 tan de sorpresa a mis pap\u00e1s y a m\u00ed y a mi hermana. Nunca pensamos que esto iba a convertirse en una profesi\u00f3n. Esto nos dio la oportunidad de conocer el mundo, y tambi\u00e9n de volver todo el tiempo al pueblo, eso me da la posibilidad de ser mam\u00e1, de formar una familia. No me ve\u00eda en la ciudad con el tr\u00e1fico y los tiempos\u201d.<\/p>\n<p class=\"paragraph\" data-mrf-recirculation=\"Links inline\">Sobre si se perdi\u00f3 de algo por protegerse del ambiente art\u00edstico, fue clara: \u201cNo, hoy te digo que no. En su momento lo dud\u00e9, pero hay que hacerse cargo de lo que uno elige. Si digo \u2018me falt\u00f3 tal cosa\u2019, no. Fui yo, lo decid\u00ed yo y ac\u00e1 estoy. Soy feliz con eso\u201d.<\/p>\n<p class=\"paragraph\" data-mrf-recirculation=\"Links inline\">As\u00ed, Soledad Pastorutti celebr\u00f3 su carrera, el regreso constante a sus ra\u00edces y la evoluci\u00f3n personal y art\u00edstica que la llev\u00f3 de la Sole de Arequito a convertirse en una de las artistas m\u00e1s queridas y vigentes del pa\u00eds.<\/p>\n","protected":false},"excerpt":{"rendered":"<p>Soledad Pastorutti\u00a0pas\u00f3 por\u00a0Infobae al Mediod\u00eda y, en di\u00e1logo con Maru Duffard y el resto del equipo, repas\u00f3 sus treinta a\u00f1os de trayectoria, el recorrido por escenarios de todo el pa\u00eds y el cambio de imagen que fue adoptando de manera natural a lo largo del tiempo. La Sole record\u00f3 su reciente presentaci\u00f3n en Cosqu\u00edn, donde [&hellip;]<\/p>\n","protected":false},"author":2,"featured_media":31372,"comment_status":"open","ping_status":"open","sticky":false,"template":"","format":"standard","meta":{"footnotes":""},"categories":[67],"tags":[],"class_list":{"0":"post-31371","1":"post","2":"type-post","3":"status-publish","4":"format-standard","5":"has-post-thumbnail","7":"category-espectaculo"},"_links":{"self":[{"href":"https:\/\/radiobitacora.com.ar\/web\/wp-json\/wp\/v2\/posts\/31371","targetHints":{"allow":["GET"]}}],"collection":[{"href":"https:\/\/radiobitacora.com.ar\/web\/wp-json\/wp\/v2\/posts"}],"about":[{"href":"https:\/\/radiobitacora.com.ar\/web\/wp-json\/wp\/v2\/types\/post"}],"author":[{"embeddable":true,"href":"https:\/\/radiobitacora.com.ar\/web\/wp-json\/wp\/v2\/users\/2"}],"replies":[{"embeddable":true,"href":"https:\/\/radiobitacora.com.ar\/web\/wp-json\/wp\/v2\/comments?post=31371"}],"version-history":[{"count":1,"href":"https:\/\/radiobitacora.com.ar\/web\/wp-json\/wp\/v2\/posts\/31371\/revisions"}],"predecessor-version":[{"id":31373,"href":"https:\/\/radiobitacora.com.ar\/web\/wp-json\/wp\/v2\/posts\/31371\/revisions\/31373"}],"wp:featuredmedia":[{"embeddable":true,"href":"https:\/\/radiobitacora.com.ar\/web\/wp-json\/wp\/v2\/media\/31372"}],"wp:attachment":[{"href":"https:\/\/radiobitacora.com.ar\/web\/wp-json\/wp\/v2\/media?parent=31371"}],"wp:term":[{"taxonomy":"category","embeddable":true,"href":"https:\/\/radiobitacora.com.ar\/web\/wp-json\/wp\/v2\/categories?post=31371"},{"taxonomy":"post_tag","embeddable":true,"href":"https:\/\/radiobitacora.com.ar\/web\/wp-json\/wp\/v2\/tags?post=31371"}],"curies":[{"name":"wp","href":"https:\/\/api.w.org\/{rel}","templated":true}]}}