{"id":31374,"date":"2026-03-13T18:27:00","date_gmt":"2026-03-13T21:27:00","guid":{"rendered":"https:\/\/radiobitacora.com.ar\/web\/?p=31374"},"modified":"2026-03-13T18:27:00","modified_gmt":"2026-03-13T21:27:00","slug":"que-dijo-juan-pablo-valdes-tras-su-viaje-a-eeuu-en-busca-de-inversiones","status":"publish","type":"post","link":"https:\/\/radiobitacora.com.ar\/web\/2026\/03\/13\/que-dijo-juan-pablo-valdes-tras-su-viaje-a-eeuu-en-busca-de-inversiones\/","title":{"rendered":"Qu\u00e9 dijo Juan Pablo Vald\u00e9s tras su viaje a EEUU en busca de inversiones"},"content":{"rendered":"<p>El Gobernador de Corrientes, <strong>Juan Pablo Vald\u00e9s<\/strong>, puso el acento en las oportunidades de inversi\u00f3n energ\u00e9tica que ofrece la\u00a0<strong>Corrientes<\/strong>, al expresar una serie de conceptos con los que cerr\u00f3 su participaci\u00f3n en &#8220;Argentina Week&#8221; en\u00a0<strong>Estados Unidos<\/strong>.<\/p>\n<div class=\"link-nota-propia\">\n<div class=\"link-nota-propia__cuerpo\">\n<div class=\"nota-propia--desktop\">\n<article class=\"nota--linea\">\n<div class=\"nota__media\"><img decoding=\"async\" class=\"i-amphtml-fill-content i-amphtml-replaced-content\" title=\"Juan Pablo Vald\u00e9s cerr\u00f3 su agenda en Nueva York destacando el impacto del gasoducto para Corrientes\" src=\"https:\/\/pxcdn.ellitoral.com.ar\/litoral\/032026\/1773352789021.webp?cw=250&amp;ch=141&amp;extw=jpg\" alt=\"Juan Pablo Vald\u00e9s cerr\u00f3 su agenda en Nueva York destacando el impacto del gasoducto para Corrientes\" data-amp-auto-lightbox-disable=\"\" \/><\/div>\n<\/article>\n<\/div>\n<\/div>\n<\/div>\n<div class=\"container-spot\" data-tipo=\"tipo_todo\" data-pos=\"NEW_P1_cuerpo\">\n<div id=\"pppSlot8\" class=\" lazyloaded\" data-gpt=\"\/22675780113\/nota\/new_p1_cuerpo\" data-size=\"[[728, 90]]\" data-gpt-mobile=\"\/22675780113\/nota\/new_p1_cuerpo\" data-size-mobile=\"[[320, 100],[300, 250],[300, 100],[300, 50]]\" data-expand=\"300\" data-google-query-id=\"CNK4oMjnnZMDFfOqYQYdlRwdSg\">\n<div id=\"google_ads_iframe_\/22675780113\/nota\/new_p1_cuerpo_0__container__\">\n<div id=\"aries_div_6065158918\" class=\"aries_div\">\n<div id=\"adSlot_8351_13028_177343697769b48031cb480\">\n<div class=\"aries_stage aries_horizontalAxis aries_safeZone\">\n<div class=\"aries_proscenium aries_hcenter aries_vcenter aries_rollAnimation\">\n<div class=\"aries_videoWrapper\">\n<div class=\"vidverto vidverto__playlist-wrapper vidverto-hide-controls vidverto-type_video vidverto-provider_html5 vidverto__playlist_type_playlist vidverto-ui_enabled vidverto__ratio__16_9 mw-script mw_size_750 vidverto-playing\" tabindex=\"0\">\n<div class=\"vidverto-player-container\" tabindex=\"1\">\n<div class=\"vidverto__keyboard-hint-container\"><\/div>\n<\/div>\n<\/div>\n<\/div>\n<div class=\"aries_uiElements\">\n<div class=\"aries_caption aries_hcenter aries_hidden\"><\/div>\n<\/div>\n<\/div>\n<\/div>\n<\/div>\n<\/div>\n<\/div>\n<\/div>\n<\/div>\n<p>Desde Nueva York, el mandatario correntino ofreci\u00f3 su perspectiva a trav\u00e9s de sus cuentas en redes sociales, donde manifest\u00f3 que concluy\u00f3 el foro de\u00a0<strong>inversiones\u00a0<\/strong>internacionales &#8220;mostrando el enorme potencial de\u00a0<strong>Corrientes<\/strong>&#8220;.<\/p>\n<p>&nbsp;<\/p>\n<p><iframe class=\"i-amphtml-fill-content\" title=\"Instagram: null\" src=\"https:\/\/www.instagram.com\/p\/DVzNjzAjZfd\/embed\/?cr=1&amp;v=12\" frameborder=\"0\" scrolling=\"no\" data-mce-fragment=\"1\"><\/iframe><\/p>\n<p>&nbsp;<\/p>\n<p>&#8220;En un panel de gobernadores, expuse las oportunidades que se abren para nuestra producci\u00f3n e industria con el\u00a0<strong>desarrollo energ\u00e9tico\u00a0<\/strong>en la regi\u00f3n&#8221;, indic\u00f3 el gobernador.<\/p>\n<p>Y lo consider\u00f3 &#8220;clave para mejorar la competitividad, atraer\u00a0<strong>inversiones\u00a0<\/strong>y potenciar el crecimiento&#8221;.<\/p>\n<p>&nbsp;<\/p>\n<div class=\"fixed-container direction-center\"><img decoding=\"async\" class=\"i-amphtml-fill-content i-amphtml-replaced-content\" title=\"Qu\u00e9 dijo Juan Pablo Vald\u00e9s tras su viaje a EEUU en busca de inversiones-\" src=\"https:\/\/pxcdn.ellitoral.com.ar\/litoral\/032026\/1773428628851.jpg?cw=807\" alt=\"Qu\u00e9 dijo Juan Pablo Vald\u00e9s tras su viaje a EEUU en busca de inversiones\" \/><\/div>\n<p>&nbsp;<\/p>\n<p>Se trata, dijo, de &#8220;un\u00a0<strong>paso enorme\u00a0<\/strong>para seguir generando m\u00e1s desarrollo y empleo para los correntinos&#8221;.<\/p>\n<p>Sus declaraciones se suman a una serie de consideraciones volcadas a los canales oficiales de difusi\u00f3n, donde manifest\u00f3 que una de las prioridades ser\u00e1 atraer capitales para la construcci\u00f3n de un gasoducto que unir\u00e1 a Corrientes con la provincia de Misiones, con lo que alcanzar\u00e1 a una poblaci\u00f3n superior a los\u00a0<strong>dos millones\u00a0<\/strong>de personas.<\/p>\n","protected":false},"excerpt":{"rendered":"<p>El Gobernador de Corrientes, Juan Pablo Vald\u00e9s, puso el acento en las oportunidades de inversi\u00f3n energ\u00e9tica que ofrece la\u00a0Corrientes, al expresar una serie de conceptos con los que cerr\u00f3 su participaci\u00f3n en &#8220;Argentina Week&#8221; en\u00a0Estados Unidos. Desde Nueva York, el mandatario correntino ofreci\u00f3 su perspectiva a trav\u00e9s de sus cuentas en redes sociales, donde manifest\u00f3 [&hellip;]<\/p>\n","protected":false},"author":2,"featured_media":31376,"comment_status":"open","ping_status":"open","sticky":false,"template":"","format":"standard","meta":{"footnotes":""},"categories":[72],"tags":[],"class_list":{"0":"post-31374","1":"post","2":"type-post","3":"status-publish","4":"format-standard","5":"has-post-thumbnail","7":"category-provinciales"},"_links":{"self":[{"href":"https:\/\/radiobitacora.com.ar\/web\/wp-json\/wp\/v2\/posts\/31374","targetHints":{"allow":["GET"]}}],"collection":[{"href":"https:\/\/radiobitacora.com.ar\/web\/wp-json\/wp\/v2\/posts"}],"about":[{"href":"https:\/\/radiobitacora.com.ar\/web\/wp-json\/wp\/v2\/types\/post"}],"author":[{"embeddable":true,"href":"https:\/\/radiobitacora.com.ar\/web\/wp-json\/wp\/v2\/users\/2"}],"replies":[{"embeddable":true,"href":"https:\/\/radiobitacora.com.ar\/web\/wp-json\/wp\/v2\/comments?post=31374"}],"version-history":[{"count":1,"href":"https:\/\/radiobitacora.com.ar\/web\/wp-json\/wp\/v2\/posts\/31374\/revisions"}],"predecessor-version":[{"id":31377,"href":"https:\/\/radiobitacora.com.ar\/web\/wp-json\/wp\/v2\/posts\/31374\/revisions\/31377"}],"wp:featuredmedia":[{"embeddable":true,"href":"https:\/\/radiobitacora.com.ar\/web\/wp-json\/wp\/v2\/media\/31376"}],"wp:attachment":[{"href":"https:\/\/radiobitacora.com.ar\/web\/wp-json\/wp\/v2\/media?parent=31374"}],"wp:term":[{"taxonomy":"category","embeddable":true,"href":"https:\/\/radiobitacora.com.ar\/web\/wp-json\/wp\/v2\/categories?post=31374"},{"taxonomy":"post_tag","embeddable":true,"href":"https:\/\/radiobitacora.com.ar\/web\/wp-json\/wp\/v2\/tags?post=31374"}],"curies":[{"name":"wp","href":"https:\/\/api.w.org\/{rel}","templated":true}]}}