{"id":31378,"date":"2026-03-14T02:08:46","date_gmt":"2026-03-14T05:08:46","guid":{"rendered":"https:\/\/radiobitacora.com.ar\/web\/?p=31378"},"modified":"2026-03-14T02:09:19","modified_gmt":"2026-03-14T05:09:19","slug":"piden-donaciones-para-reponer-herramientas-robadas-en-la-huerta-escolar","status":"publish","type":"post","link":"https:\/\/radiobitacora.com.ar\/web\/2026\/03\/14\/piden-donaciones-para-reponer-herramientas-robadas-en-la-huerta-escolar\/","title":{"rendered":"PIDEN DONACIONES PARA REPONER HERRAMIENTAS ROBADAS EN LA HUERTA ESCOLAR"},"content":{"rendered":"<p style=\"font-weight: 400;\">Colegio Sagrado Coraz\u00f3n de Jes\u00fas<\/p>\n<p style=\"font-weight: 400;\">En las \u00faltimas horas se conoci\u00f3 el robo de los elementos de trabajo utilizados en el colegio Sagrado Coraz\u00f3n de Jes\u00fas, un hecho que afecta directamente las actividades del espacio de huerta escolar que sirve al Bachillerato con orientaci\u00f3n en Agro y Ambiente.<\/p>\n<p style=\"font-weight: 400;\">El profesor Leandro Mover, encargado de la ense\u00f1anza en esa \u00e1rea, explic\u00f3 lo sucedido en declaraciones radiales y solicit\u00f3 la colaboraci\u00f3n de la comunidad.<\/p>\n<p style=\"font-weight: 400;\">El docente detall\u00f3 que en el colegio se trabaja con la orientaci\u00f3n agro y ambiente, junto con otras dos materias relacionadas al mantenimiento de la huerta. \u201cContamos con una peque\u00f1a huerta y materiales con los que llevamos adelante la pr\u00e1ctica de los chicos para que tengan conocimiento de sembrado, trasplante, cuidado de la huerta, cosecha y comercializaci\u00f3n\u201d, explic\u00f3. Adem\u00e1s, resalt\u00f3 que disponen de un espacio que la escuela les brinda para guardar las herramientas, aunque reconoci\u00f3 que \u201ces precario, porque le falta seguridad para que est\u00e9 totalmente resguardado\u201d.<\/p>\n<p style=\"font-weight: 400;\">El profesor relat\u00f3 que, durante las vacaciones, \u201cchicos de la zona, algunos amigos de lo ajeno\u201d, ingresaron al colegio causando da\u00f1os en las verduras y hortalizas. En esta oportunidad, \u201centraron al galp\u00f3n por la parte de cornisa del techo y nos robaron todas las herramientas b\u00e1sicas\u201d, precis\u00f3. Entre los objetos sustra\u00eddos mencion\u00f3 palas de diferentes tama\u00f1os, pulverizadoras manuales, serruchos y tijeras de podar, herramientas que, aunque no son nuevas, tienen a\u00f1os de uso y eran fundamentales para mantener el jard\u00edn escolar.<\/p>\n<p style=\"font-weight: 400;\">Mover expres\u00f3 que esta situaci\u00f3n golpea especialmente a los alumnos, quienes aprenden a manejar la huerta, experiencia que valoran mucho. \u201cEs una experiencia nueva, se copan mucho, y hoy nos encontramos con esta sorpresa de mal gusto. Nos pone muy mal, sobre todo a los chicos, que pierden esa oportunidad de aprender y de tener esa experiencia\u201d, indic\u00f3.<\/p>\n<p style=\"font-weight: 400;\">&#8220;Hoy nos encontramos con esta situaci\u00f3n: no hab\u00eda ninguna herramienta y estamos demorados en empezar las pr\u00e1cticas. Para esta altura ten\u00edamos nuestros canteros de siembra y trasplante preparados, y hoy tenemos que esperar para ver qu\u00e9 soluci\u00f3n le podemos encontrar&#8221;, coment\u00f3.<\/p>\n<p style=\"font-weight: 400;\">En el contacto radial, hizo un llamado a la solidaridad de la comunidad de Goya: \u201cSe necesita desde una pala a toda herramienta que nos puedan colaborar, ser\u00e1n bien recibidas. Estamos demorados en empezar las pr\u00e1cticas y queremos retomar las actividades cuanto antes\u201d, mencion\u00f3.<\/p>\n<p style=\"font-weight: 400;\">El docente invit\u00f3 a quienes deseen colaborar a dejar sus donaciones en el colegio, en Corrientes 3229, en manos de los directivos. \u201cLo necesitamos mucho y lo agradecemos de antemano\u201d, concluy\u00f3.<\/p>\n","protected":false},"excerpt":{"rendered":"<p>Colegio Sagrado Coraz\u00f3n de Jes\u00fas En las \u00faltimas horas se conoci\u00f3 el robo de los elementos de trabajo utilizados en el colegio Sagrado Coraz\u00f3n de Jes\u00fas, un hecho que afecta directamente las actividades del espacio de huerta escolar que sirve al Bachillerato con orientaci\u00f3n en Agro y Ambiente. El profesor Leandro Mover, encargado de la [&hellip;]<\/p>\n","protected":false},"author":2,"featured_media":31379,"comment_status":"open","ping_status":"open","sticky":false,"template":"","format":"standard","meta":{"footnotes":""},"categories":[56],"tags":[],"class_list":{"0":"post-31378","1":"post","2":"type-post","3":"status-publish","4":"format-standard","5":"has-post-thumbnail","7":"category-locales"},"_links":{"self":[{"href":"https:\/\/radiobitacora.com.ar\/web\/wp-json\/wp\/v2\/posts\/31378","targetHints":{"allow":["GET"]}}],"collection":[{"href":"https:\/\/radiobitacora.com.ar\/web\/wp-json\/wp\/v2\/posts"}],"about":[{"href":"https:\/\/radiobitacora.com.ar\/web\/wp-json\/wp\/v2\/types\/post"}],"author":[{"embeddable":true,"href":"https:\/\/radiobitacora.com.ar\/web\/wp-json\/wp\/v2\/users\/2"}],"replies":[{"embeddable":true,"href":"https:\/\/radiobitacora.com.ar\/web\/wp-json\/wp\/v2\/comments?post=31378"}],"version-history":[{"count":2,"href":"https:\/\/radiobitacora.com.ar\/web\/wp-json\/wp\/v2\/posts\/31378\/revisions"}],"predecessor-version":[{"id":31381,"href":"https:\/\/radiobitacora.com.ar\/web\/wp-json\/wp\/v2\/posts\/31378\/revisions\/31381"}],"wp:featuredmedia":[{"embeddable":true,"href":"https:\/\/radiobitacora.com.ar\/web\/wp-json\/wp\/v2\/media\/31379"}],"wp:attachment":[{"href":"https:\/\/radiobitacora.com.ar\/web\/wp-json\/wp\/v2\/media?parent=31378"}],"wp:term":[{"taxonomy":"category","embeddable":true,"href":"https:\/\/radiobitacora.com.ar\/web\/wp-json\/wp\/v2\/categories?post=31378"},{"taxonomy":"post_tag","embeddable":true,"href":"https:\/\/radiobitacora.com.ar\/web\/wp-json\/wp\/v2\/tags?post=31378"}],"curies":[{"name":"wp","href":"https:\/\/api.w.org\/{rel}","templated":true}]}}