{"id":31382,"date":"2026-03-14T02:10:17","date_gmt":"2026-03-14T05:10:17","guid":{"rendered":"https:\/\/radiobitacora.com.ar\/web\/?p=31382"},"modified":"2026-03-14T02:11:07","modified_gmt":"2026-03-14T05:11:07","slug":"escuela-municipal-de-teatro","status":"publish","type":"post","link":"https:\/\/radiobitacora.com.ar\/web\/2026\/03\/14\/escuela-municipal-de-teatro\/","title":{"rendered":"ESCUELA MUNICIPAL DE TEATRO"},"content":{"rendered":"<p>La gesti\u00f3n municipal, por medio de la Direcci\u00f3n de Cultura dio inicio a una nueva temporada de la Escuela Municipal de Teatro. En las instalaciones del Teatro Municipal, en la noche del jueves se present\u00f3 el plan del nuevo ciclo lectivo. Durante la presentaci\u00f3n, a la cual asistieron m\u00e1s de un centenar de personas, los cursantes del presente a\u00f1o, ni\u00f1os, j\u00f3venes y adultos, junto a los padres y tutores de los menores, escucharon con atenci\u00f3n los lineamientos de la actividad diagramada para este a\u00f1o. Junto al coordinador de la Escuela de Teatro, Javier Camino, acompa\u00f1\u00f3 y dio la bienvenida a una nueva temporada el coordinador de Asuntos Culturales de la Municipalidad Manuel Zampar, asimismo los responsables de las clases destinadas a ni\u00f1os, adolescentes, j\u00f3venes y adultos. MANUEL ZAMPAR El coordinador de Asuntos Culturales, Manuel Zampar, tras dar la bienvenida, reconoci\u00f3 el valor de la confianza a esta propuesta cultural: \u201cEstamos agradecidos por la confianza depositada en la Escuela de Teatro, en los profesores Javier Camino, Andrea Urrutia y el resto del equipo, nuevamente superados en las expectativas. Esta es una decisi\u00f3n de nuestro intendente: apoyar, acompa\u00f1ar para sostener este espacio cultural. Es un gran desaf\u00edo, as\u00ed como el teatro las otras escuelas art\u00edsticas de la Direcci\u00f3n de Cultura\u201d, mencion\u00f3 Zampar; tras lo cual anim\u00f3 e inst\u00f3 a los cursantes a \u201caprovechar este espacio de formaci\u00f3n actoral, teatral\u201d. JAVIER CAMINO El responsable de la coordinaci\u00f3n de la Escuela Municipal de Teatro Javier Camino, se\u00f1al\u00f3: \u201cNos pone muy contentos los logros, los resultados de la escuela en este camino de 5 a\u00f1os, que viene creciendo con la posibilidad junto a este gran equipo de ofrecer ense\u00f1anza y brindar el espacio a ni\u00f1os, j\u00f3venes y adultos\u201d. Camino sostuvo que los aprendizajes est\u00e1n reflejados \u201cen nuestra muestra de teatro Tomas Mazzanti, que fue visitada por m\u00e1s de 4.000 estudiantes; y nos atrevemos a so\u00f1ar para esta edici\u00f3n, viendo el n\u00famero de inscriptos con ganas de actuar, por lo que nos pondremos a trabajar por este sue\u00f1o\u201d. Seguidamente se explic\u00f3 los horarios fijados de acuerdo a las edades en que se impartir\u00e1n las respectivas clases, quedando inaugurado el ciclo 2026 de la escuela Municipal de Teatro.<\/p>\n","protected":false},"excerpt":{"rendered":"<p>La gesti\u00f3n municipal, por medio de la Direcci\u00f3n de Cultura dio inicio a una nueva temporada de la Escuela Municipal de Teatro. En las instalaciones del Teatro Municipal, en la noche del jueves se present\u00f3 el plan del nuevo ciclo lectivo. Durante la presentaci\u00f3n, a la cual asistieron m\u00e1s de un centenar de personas, los [&hellip;]<\/p>\n","protected":false},"author":2,"featured_media":31383,"comment_status":"open","ping_status":"open","sticky":false,"template":"","format":"standard","meta":{"footnotes":""},"categories":[56],"tags":[],"class_list":{"0":"post-31382","1":"post","2":"type-post","3":"status-publish","4":"format-standard","5":"has-post-thumbnail","7":"category-locales"},"_links":{"self":[{"href":"https:\/\/radiobitacora.com.ar\/web\/wp-json\/wp\/v2\/posts\/31382","targetHints":{"allow":["GET"]}}],"collection":[{"href":"https:\/\/radiobitacora.com.ar\/web\/wp-json\/wp\/v2\/posts"}],"about":[{"href":"https:\/\/radiobitacora.com.ar\/web\/wp-json\/wp\/v2\/types\/post"}],"author":[{"embeddable":true,"href":"https:\/\/radiobitacora.com.ar\/web\/wp-json\/wp\/v2\/users\/2"}],"replies":[{"embeddable":true,"href":"https:\/\/radiobitacora.com.ar\/web\/wp-json\/wp\/v2\/comments?post=31382"}],"version-history":[{"count":1,"href":"https:\/\/radiobitacora.com.ar\/web\/wp-json\/wp\/v2\/posts\/31382\/revisions"}],"predecessor-version":[{"id":31384,"href":"https:\/\/radiobitacora.com.ar\/web\/wp-json\/wp\/v2\/posts\/31382\/revisions\/31384"}],"wp:featuredmedia":[{"embeddable":true,"href":"https:\/\/radiobitacora.com.ar\/web\/wp-json\/wp\/v2\/media\/31383"}],"wp:attachment":[{"href":"https:\/\/radiobitacora.com.ar\/web\/wp-json\/wp\/v2\/media?parent=31382"}],"wp:term":[{"taxonomy":"category","embeddable":true,"href":"https:\/\/radiobitacora.com.ar\/web\/wp-json\/wp\/v2\/categories?post=31382"},{"taxonomy":"post_tag","embeddable":true,"href":"https:\/\/radiobitacora.com.ar\/web\/wp-json\/wp\/v2\/tags?post=31382"}],"curies":[{"name":"wp","href":"https:\/\/api.w.org\/{rel}","templated":true}]}}