{"id":31395,"date":"2026-03-15T18:21:28","date_gmt":"2026-03-15T21:21:28","guid":{"rendered":"https:\/\/radiobitacora.com.ar\/web\/?p=31395"},"modified":"2026-03-15T18:21:28","modified_gmt":"2026-03-15T21:21:28","slug":"lo-llevo-en-la-sangre-la-mujer-detras-de-uno-de-los-oficios-mas-relevantes-en-la-agricultura-argentina","status":"publish","type":"post","link":"https:\/\/radiobitacora.com.ar\/web\/2026\/03\/15\/lo-llevo-en-la-sangre-la-mujer-detras-de-uno-de-los-oficios-mas-relevantes-en-la-agricultura-argentina\/","title":{"rendered":"\u201cLo llevo en la sangre\u201d: la mujer detr\u00e1s de uno de los oficios m\u00e1s relevantes en la agricultura argentina"},"content":{"rendered":"<p class=\"com-paragraph  --capital --s\">SAN NICOL\u00c1S.\u2013 El sol ca\u00eda sobre los lotes que\u00a0<strong>rodeaban<\/strong>\u00a0el predio ferial y, entre el movimiento de m\u00e1quinas y productores,\u00a0<strong>Viviana Galli caminaba<\/strong>\u00a0tomada del brazo de su familia en\u00a0<strong>Expoagro. Observaba<\/strong>\u00a0cada equipo con atenci\u00f3n y emoci\u00f3n. \u201cSoy de Juan Nepomuceno Fern\u00e1ndez, una localidad en el interior de la provincia de Buenos Aires, en el partido de\u00a0<strong>Necochea.\u00a0<\/strong>Mi infancia fue siempre en el campo, nac\u00ed en el campo y me crie en el campo\u201d, cuenta a\u00a0<strong>LA NACION.<\/strong><\/p>\n<p class=\"com-paragraph   --s\">A punto de cumplir\u00a0<strong>54 a\u00f1os,<\/strong> la contratista repasa su historia con la serenidad de quien aprendi\u00f3 a construir su vida sobre la tierra. \u201cMis padres son peque\u00f1os productores, tienen una chacra donde tienen animales, algunos terneros, algunas vacas y estoy acostumbrada a esa vida rural desde mi ni\u00f1ez\u201d, relata.<\/p>\n<p class=\"com-paragraph   --s\">Su<strong>\u00a0v\u00ednculo con el campo es profundo\u00a0<\/strong>y est\u00e1 marcado por valores que, dice, la acompa\u00f1an desde siempre. \u201cToda la vida rodeada de ellos y toda la vida rodeada de esos valores del campo,\u00a0<strong>son ra\u00edces muy profundas las que nos enlazan y llevan a estar tan arraigados con el suelo\u201d,\u00a0<\/strong>afirma.<\/p>\n<div class=\"content-media\">\n<section class=\"mod-media --zoom  \" role=\"button\">\n<figure class=\"mod-figure \" tabindex=\"0\" role=\"button\">\n<div class=\"placeholder \">\n<div class=\"com-image\"><picture><source srcset=\"https:\/\/resizer.glanacion.com\/resizer\/v2\/galli-encontro-su-identidad-en-el-trabajo-ZRPLYSWMMBD5ZCEMPL46UD3T6Y.jpeg?auth=0caaac51a59ca575c1f0a0c003fbd8acbf6fc9a1360424a5284505b7bdb0c134&amp;width=780&amp;height=585&amp;quality=70&amp;smart=true\" media=\"(min-width: 768px)\" \/><img loading=\"lazy\" decoding=\"async\" class=\"image com-image flex --cover\" src=\"https:\/\/resizer.glanacion.com\/resizer\/v2\/galli-encontro-su-identidad-en-el-trabajo-ZRPLYSWMMBD5ZCEMPL46UD3T6Y.jpeg?auth=0caaac51a59ca575c1f0a0c003fbd8acbf6fc9a1360424a5284505b7bdb0c134&amp;width=420&amp;height=315&amp;quality=70&amp;smart=true\" alt=\"Galli encontr\u00f3 su identidad en el trabajo rural\" width=\"1280\" height=\"960\" \/><\/picture><\/div>\n<\/div><figcaption class=\"mod-figcaption\"><span class=\"com-text --caption --twoxs\">Galli encontr\u00f3 su identidad en el trabajo rural<\/span><span class=\"com-text --credit --twoxs\">Gza.<\/span><\/figcaption><\/figure>\n<\/section>\n<\/div>\n<p class=\"com-paragraph   --s\">Para Galli, la identidad rural no es solo un trabajo sino una forma de vivir. \u201cSiempre digo que,\u00a0<strong>entre el cielo y la tierra, mi lugar ideal es el campo.<\/strong>\u00a0Por eso lo defiendo y trato de mostrar lo que hago, de lo que hacemos en realidad, porque\u00a0<strong>es algo maravilloso\u201d,<\/strong> agrega.<\/p>\n<p class=\"com-paragraph   --s\">Hoy vive en el pueblo donde naci\u00f3, a unos 15 kil\u00f3metros del establecimiento familiar. Sin embargo, su rutina sigue ligada al campo. Los recuerdos de la infancia aparecen ligados a la escuela y a los sacrificios familiares. \u201cLa infancia fue en el campo. Recuerdo cuando todos los d\u00edas me llevaban a la escuela en la rastrojera que ten\u00edamos en aquel momento\u201d, rememora. M\u00e1s tarde, debi\u00f3 mudarse con sus abuelos para continuar sus estudios secundarios.<\/p>\n<p class=\"com-paragraph   --s\">Tambi\u00e9n recuerda la ausencia de su padre, que recorr\u00eda largas distancias como contratista.\u00a0<strong>\u201cA mi padre lo ech\u00e9 de menos muchas veces porque viajaba mucho al norte de la provincia a cosechar. Meses sin verlo\u201d,\u00a0<\/strong>dice.<\/p>\n<p class=\"com-paragraph   --s\">Tras finalizar el secundario, su vida tom\u00f3 otro rumbo. \u201cLa idea era estudiar, pero qued\u00e9 embarazada de mi hijo mayor, de Jonathan, que es el encargado hoy de la cosecha\u201d, cuenta. A partir de entonces comenz\u00f3 a construir su camino entre la familia y el trabajo.<\/p>\n<p class=\"com-paragraph   --s\">Con el tiempo logr\u00f3 continuar su formaci\u00f3n. \u201cSegu\u00ed trabajando, estudi\u00e9 y soy profesora de computaci\u00f3n e ingl\u00e9s, as\u00ed que me dediqu\u00e9 un tiempo a la docencia\u201d, explica. Sin embargo, reconoce que su\u00a0<strong>destino estaba marcado por la actividad rural.<\/strong><\/p>\n<div class=\"content-media\">\n<section class=\"mod-media --zoom  \" role=\"button\">\n<figure class=\"mod-figure \" tabindex=\"0\" role=\"button\">\n<div class=\"placeholder \">\n<div class=\"com-image\"><picture><source srcset=\"https:\/\/resizer.glanacion.com\/resizer\/v2\/desde-su-infancia-en-una-chacra-familiar-hasta-la-2MGYOOSRQBA5XLBL6CJASZNDDM.jpeg?auth=dc85f4f15875dcbb2928c24c90fdecaa09fb67c350d6802702eb3024a2da0f8f&amp;width=780&amp;height=585&amp;quality=70&amp;smart=true\" media=\"(min-width: 768px)\" \/><img loading=\"lazy\" decoding=\"async\" class=\"image com-image flex --cover\" src=\"https:\/\/resizer.glanacion.com\/resizer\/v2\/desde-su-infancia-en-una-chacra-familiar-hasta-la-2MGYOOSRQBA5XLBL6CJASZNDDM.jpeg?auth=dc85f4f15875dcbb2928c24c90fdecaa09fb67c350d6802702eb3024a2da0f8f&amp;width=420&amp;height=315&amp;quality=70&amp;smart=true\" alt=\"Desde su infancia en una chacra familiar hasta la actualidad, marcada por el trabajo y la pasi\u00f3n por el sector agropecuario\" width=\"1600\" height=\"1200\" \/><\/picture><\/div>\n<\/div><figcaption class=\"mod-figcaption\"><span class=\"com-text --caption --twoxs\">Desde su infancia en una chacra familiar hasta la actualidad, marcada por el trabajo y la pasi\u00f3n por el sector agropecuario<\/span><\/figcaption><\/figure>\n<\/section>\n<\/div>\n<p class=\"com-paragraph   --s\">El regreso definitivo al campo lleg\u00f3 a\u00f1os despu\u00e9s, cuando decidi\u00f3 asumir responsabilidades junto a su hermano. \u201cCuando mi pap\u00e1 ya estaba grande decidimos con mi hermano quedarnos con las maquinarias de mi padre y se las compramos: mi hermano con la parte de cosecha y yo con la parte de siembra\u201d, relata.<\/p>\n<div class=\"content-media\">\n<section class=\"mod-media   \" role=\"button\">\n<figure class=\"mod-figure \" tabindex=\"0\" role=\"button\">\n<div class=\"placeholder \">\n<div class=\"com-image\"><picture><source srcset=\"https:\/\/resizer.glanacion.com\/resizer\/v2\/criada-entre-terneros-y-tractores-hoy-siembra-y-PWHVF336QJAAHA3644LG7RA7RI.jpeg?auth=cb0fcb6374d80a5eef8558257c6172d947da907bfbb8f3aa95821019d1da79da&amp;width=780&amp;height=520&amp;quality=70&amp;smart=true\" media=\"(min-width: 768px)\" \/><img loading=\"lazy\" decoding=\"async\" class=\"image com-image flex --cover\" src=\"https:\/\/resizer.glanacion.com\/resizer\/v2\/criada-entre-terneros-y-tractores-hoy-siembra-y-PWHVF336QJAAHA3644LG7RA7RI.jpeg?auth=cb0fcb6374d80a5eef8558257c6172d947da907bfbb8f3aa95821019d1da79da&amp;width=420&amp;height=280&amp;quality=70&amp;smart=true\" alt=\"Criada entre terneros y tractores, hoy siembra y cosecha junto a su familia\" width=\"360\" height=\"240\" \/><\/picture><\/div>\n<\/div><figcaption class=\"mod-figcaption\"><span class=\"com-text --caption --twoxs\">Criada entre terneros y tractores, hoy siembra y cosecha junto a su familia<\/span><span class=\"com-text --credit --twoxs\">Gza.<\/span><\/figcaption><\/figure>\n<\/section>\n<\/div>\n<p class=\"com-paragraph   --s\">Ese proceso se consolid\u00f3 en 2016, cuando comenz\u00f3 a involucrarse plenamente en la actividad. Dos a\u00f1os m\u00e1s tarde, dej\u00f3 su trabajo docente. \u201cEn 2018 renunci\u00e9 a los cargos que ten\u00eda como docente y\u00a0<strong>me dediqu\u00e9 a full, 100% a andar arriba del tractor junto con mi marido\u201d,\u00a0<\/strong>recuerda.<\/p>\n<p class=\"com-paragraph   --s\">La empresa familiar se fue fortaleciendo con el paso del tiempo y hoy involucra a toda la familia. \u201cHoy hacemos siembra, disco, rolo, cosecha. La parte de cosecha la hace mi hijo Jonathan\u201d, detalla. Su hija Nicole tambi\u00e9n participa del proyecto mientras avanza en su formaci\u00f3n universitaria.<\/p>\n<p class=\"com-paragraph   --s\">\u201cEst\u00e1 a poco de recibirse de ingeniera agr\u00f3noma, si Dios quiere. Est\u00e1 estudiando en la facultad de Balcarce\u201d, cuenta con orgullo. Para la contratista,\u00a0<strong>el trabajo rural es una construcci\u00f3n colectiva que se transmite de generaci\u00f3n en generaci\u00f3n.<\/strong><\/p>\n<p class=\"com-paragraph   --s\">La rutina diaria exige organizaci\u00f3n y esfuerzo constante. \u201cSi estoy en el campo, en la casilla Cristian sale primero en el tractor. Yo me levanto, pienso qu\u00e9 voy a hacer de comer, preparo el mate y me voy al tractor con \u00e9l\u201d, describe.<\/p>\n<div class=\"content-media\">\n<section class=\"mod-media   \" role=\"button\">\n<figure class=\"mod-figure \" tabindex=\"0\" role=\"button\">\n<div class=\"placeholder \">\n<div class=\"com-image\"><picture><source srcset=\"https:\/\/resizer.glanacion.com\/resizer\/v2\/galli-junto-a-sus-padres-en-el-campo-VXFX36JTAVA5HA3BVEDJS33ZQU.png?auth=196fe492523b3a837086369cd38e0a7232f54708485e3a73f195e88968883256&amp;width=780&amp;height=675&amp;quality=70&amp;smart=true\" media=\"(min-width: 768px)\" \/><img loading=\"lazy\" decoding=\"async\" class=\"image com-image flex --cover\" src=\"https:\/\/resizer.glanacion.com\/resizer\/v2\/galli-junto-a-sus-padres-en-el-campo-VXFX36JTAVA5HA3BVEDJS33ZQU.png?auth=196fe492523b3a837086369cd38e0a7232f54708485e3a73f195e88968883256&amp;width=420&amp;height=364&amp;quality=70&amp;smart=true\" alt=\"Galli junto a sus padres en el campo familiar \" width=\"596\" height=\"516\" \/><\/picture><\/div>\n<\/div><figcaption class=\"mod-figcaption\"><span class=\"com-text --caption --twoxs\">Galli junto a sus padres en el campo familiar<\/span><span class=\"com-text --credit --twoxs\">Gza<\/span><\/figcaption><\/figure>\n<\/section>\n<\/div>\n<p class=\"com-paragraph   --s\">Cuando no est\u00e1 trabajando en los lotes, dedica tiempo a acompa\u00f1ar a sus padres. \u201cAhora que vivo en el pueblo, salgo muy temprano al campo de mis padres para soltar las ovejas, abrir el molino para que cargue el tanque\u201d, explica.<\/p>\n<p class=\"com-paragraph   --s\">Su compromiso tambi\u00e9n se extiende a la<strong>\u00a0vida comunitaria.<\/strong>\u00a0Participa activamente en instituciones locales y en organizaciones vinculadas al \u00e1mbito rural. Forma parte de la cooperadora del hospital local, integra el Centro Cultural y Biblioteca Jos\u00e9 Hern\u00e1ndez y el Club Atl\u00e9tico y Social Defensores de su pueblo. En paralelo, forma parte de espacios que buscan visibilizar el rol de las mujeres en el campo en la Red de Mujeres Rurales.<\/p>\n<div class=\"content-media\">\n<section class=\"mod-media   \" role=\"button\">\n<figure class=\"mod-figure \" tabindex=\"0\" role=\"button\">\n<div class=\"placeholder \">\n<div class=\"com-image\"><picture><source srcset=\"https:\/\/resizer.glanacion.com\/resizer\/v2\/para-galli-ser-mujer-rural-es-todo-es-apasionarte-MNMNH3CLRJEAJG4G3QPJULPKF4.png?auth=5b0f5c55b5d7f152ccf5a7a2e286c3f5207294b714e96c8896746075d30dfca5&amp;width=780&amp;height=599&amp;quality=70&amp;smart=true\" media=\"(min-width: 768px)\" \/><img loading=\"lazy\" decoding=\"async\" class=\"image com-image flex --cover\" src=\"https:\/\/resizer.glanacion.com\/resizer\/v2\/para-galli-ser-mujer-rural-es-todo-es-apasionarte-MNMNH3CLRJEAJG4G3QPJULPKF4.png?auth=5b0f5c55b5d7f152ccf5a7a2e286c3f5207294b714e96c8896746075d30dfca5&amp;width=420&amp;height=323&amp;quality=70&amp;smart=true\" alt=\"Para Galli, &quot;ser mujer rural es todo, es apasionarte, cuidar el suelo, tener animales, proyectar a futuro&quot;\" width=\"698\" height=\"536\" \/><\/picture><\/div>\n<\/div><figcaption class=\"mod-figcaption\"><span class=\"com-text --caption --twoxs\">Para Galli, &#8220;ser mujer rural es todo, es apasionarte, cuidar el suelo, tener animales, proyectar a futuro&#8221;<\/span><span class=\"com-text --credit --twoxs\">Gza<\/span><\/figcaption><\/figure>\n<\/section>\n<\/div>\n<p class=\"com-paragraph   --s\">Para Galli, ser mujer rural y ser contratista no son exactamente lo mismo, aunque ambas identidades se entrelazan.\u00a0<strong>\u201cSer una mujer rural es todo:<\/strong>\u00a0es apasionarte, cuidar el suelo, tener animales, proyectar a futuro. Y contratista es\u00a0<strong>salir en tractor como andar en bicicleta en el campo\u201d,<\/strong>\u00a0reflexiona.<\/p>\n<p class=\"com-paragraph   --s\">Esa relaci\u00f3n con las m\u00e1quinas comenz\u00f3 desde muy chica. \u201cDesde muy peque\u00f1a, en el Deutz 55 de mi padre, llevaba el sinf\u00edn, ya con mi pap\u00e1 contratista rural.\u00a0<strong>Lo tengo incorporad\u00edsimo, lo llevo en la sangre\u201d,<\/strong>\u00a0asegura.<\/p>\n<p class=\"com-paragraph   --s\">En Expoagro particip\u00f3 de la Cumbre de Contratistas, donde plante\u00f3 la necesidad de mayor integraci\u00f3n del sector. \u201c<strong>Todos sabemos que somos un eslab\u00f3n fundamental, pero nos estaba faltando la unidad, el saber que existimos\u201d,\u00a0<\/strong>sostiene.<\/p>\n<p class=\"com-paragraph   --s\">El acceso al financiamiento es uno de los principales desaf\u00edos que enfrenta la actividad.\u00a0<strong>\u201cLo digo con orgullo para que nos tengan en cuenta a la hora de dar cr\u00e9ditos, porque cuando sos contratista sin campo, acceder es mucho m\u00e1s dif\u00edcil\u201d,\u00a0<\/strong>advierte.<\/p>\n<p class=\"com-paragraph   --s\">Aun as\u00ed, destaca la capacidad de trabajo del sector. \u201cLa f\u00e1brica nuestra es a cielo abierto y depende del de arriba si trabajamos o no.\u00a0<strong>Pero si me dej\u00e1s hago 900, 1000, 1500 hect\u00e1reas, no tengo problema\u201d,<\/strong>\u00a0afirma.<\/p>\n<p class=\"com-paragraph   --s\">Antes de finalizar, deja un mensaje dirigido a quienes se cruzan con maquinaria agr\u00edcola en las rutas.\u00a0<strong>\u201cCuando la gente vea un contratista en la ruta que no se enoje con nosotros, que nos cuide, que nos cuesta mucho transitar en las rutas,<\/strong>\u00a0porque las maquinarias son cada vez m\u00e1s anchas y las rutas son las mismas de hace 70 a\u00f1os. Que nos tengan un poquito de paciencia, que nosotros no vamos a la oficina en la ciudad,\u00a0<strong>nuestra oficina es el campo\u201d,<\/strong>\u00a0concluye.<\/p>\n","protected":false},"excerpt":{"rendered":"<p>SAN NICOL\u00c1S.\u2013 El sol ca\u00eda sobre los lotes que\u00a0rodeaban\u00a0el predio ferial y, entre el movimiento de m\u00e1quinas y productores,\u00a0Viviana Galli caminaba\u00a0tomada del brazo de su familia en\u00a0Expoagro. Observaba\u00a0cada equipo con atenci\u00f3n y emoci\u00f3n. \u201cSoy de Juan Nepomuceno Fern\u00e1ndez, una localidad en el interior de la provincia de Buenos Aires, en el partido de\u00a0Necochea.\u00a0Mi infancia fue [&hellip;]<\/p>\n","protected":false},"author":2,"featured_media":31396,"comment_status":"open","ping_status":"open","sticky":false,"template":"","format":"standard","meta":{"footnotes":""},"categories":[77],"tags":[],"class_list":{"0":"post-31395","1":"post","2":"type-post","3":"status-publish","4":"format-standard","5":"has-post-thumbnail","7":"category-nacionales"},"_links":{"self":[{"href":"https:\/\/radiobitacora.com.ar\/web\/wp-json\/wp\/v2\/posts\/31395","targetHints":{"allow":["GET"]}}],"collection":[{"href":"https:\/\/radiobitacora.com.ar\/web\/wp-json\/wp\/v2\/posts"}],"about":[{"href":"https:\/\/radiobitacora.com.ar\/web\/wp-json\/wp\/v2\/types\/post"}],"author":[{"embeddable":true,"href":"https:\/\/radiobitacora.com.ar\/web\/wp-json\/wp\/v2\/users\/2"}],"replies":[{"embeddable":true,"href":"https:\/\/radiobitacora.com.ar\/web\/wp-json\/wp\/v2\/comments?post=31395"}],"version-history":[{"count":1,"href":"https:\/\/radiobitacora.com.ar\/web\/wp-json\/wp\/v2\/posts\/31395\/revisions"}],"predecessor-version":[{"id":31397,"href":"https:\/\/radiobitacora.com.ar\/web\/wp-json\/wp\/v2\/posts\/31395\/revisions\/31397"}],"wp:featuredmedia":[{"embeddable":true,"href":"https:\/\/radiobitacora.com.ar\/web\/wp-json\/wp\/v2\/media\/31396"}],"wp:attachment":[{"href":"https:\/\/radiobitacora.com.ar\/web\/wp-json\/wp\/v2\/media?parent=31395"}],"wp:term":[{"taxonomy":"category","embeddable":true,"href":"https:\/\/radiobitacora.com.ar\/web\/wp-json\/wp\/v2\/categories?post=31395"},{"taxonomy":"post_tag","embeddable":true,"href":"https:\/\/radiobitacora.com.ar\/web\/wp-json\/wp\/v2\/tags?post=31395"}],"curies":[{"name":"wp","href":"https:\/\/api.w.org\/{rel}","templated":true}]}}