{"id":31401,"date":"2026-03-15T18:47:09","date_gmt":"2026-03-15T21:47:09","guid":{"rendered":"https:\/\/radiobitacora.com.ar\/web\/?p=31401"},"modified":"2026-03-15T18:47:09","modified_gmt":"2026-03-15T21:47:09","slug":"50-ingenieros-y-un-solo-jefe-el-arriesgado-plan-de-meta-para-dominar-la-ia","status":"publish","type":"post","link":"https:\/\/radiobitacora.com.ar\/web\/2026\/03\/15\/50-ingenieros-y-un-solo-jefe-el-arriesgado-plan-de-meta-para-dominar-la-ia\/","title":{"rendered":"50 ingenieros y un solo jefe: el arriesgado plan de Meta para dominar la IA"},"content":{"rendered":"<p class=\"paragraph\" data-mrf-recirculation=\"Links inline\">El equipo de inteligencia artificial aplicada de Meta, la empresa de Mark Zuckerberg, implement\u00f3 una estructura organizativa poco com\u00fan:\u00a0<a title=\"https:\/\/www.infobae.com\/tecno\/2025\/09\/09\/meta-reorganiza-su-division-de-inteligencia-artificial-para-acelerar-la-carrera-hacia-la-superinteligencia\/\" href=\"https:\/\/www.infobae.com\/tecno\/2025\/09\/09\/meta-reorganiza-su-division-de-inteligencia-artificial-para-acelerar-la-carrera-hacia-la-superinteligencia\/\" target=\"_blank\" rel=\"noopener noreferrer\" data-mrf-link=\"https:\/\/www.infobae.com\/tecno\/2025\/09\/09\/meta-reorganiza-su-division-de-inteligencia-artificial-para-acelerar-la-carrera-hacia-la-superinteligencia\/\">cada uno de sus gerentes estar\u00e1 a cargo de 50 ingenieros<\/a>, una proporci\u00f3n que duplica el umbral superior tradicionalmente aceptado para la coordinaci\u00f3n efectiva de equipos.<\/p>\n<p class=\"paragraph\" data-mrf-recirculation=\"Links inline\">Esta decisi\u00f3n, orientada a agilizar las operaciones y reducir costos a corto plazo, se enmarca en un contexto\u00a0<a title=\"https:\/\/www.infobae.com\/tecno\/2026\/03\/12\/meta-acelera-su-apuesta-por-la-inteligencia-artificial-presenta-cuatro-chips-propios-para-sus-data-centers\/\" href=\"https:\/\/www.infobae.com\/tecno\/2026\/03\/12\/meta-acelera-su-apuesta-por-la-inteligencia-artificial-presenta-cuatro-chips-propios-para-sus-data-centers\/\" target=\"_blank\" rel=\"noopener noreferrer\" data-mrf-link=\"https:\/\/www.infobae.com\/tecno\/2026\/03\/12\/meta-acelera-su-apuesta-por-la-inteligencia-artificial-presenta-cuatro-chips-propios-para-sus-data-centers\/\">donde la empresa matriz de Facebook busca acelerar sus avances en superinteligencia<\/a> y mantenerse competitiva en la vanguardia tecnol\u00f3gica, de acuerdo con The Wall Street Journal.<\/p>\n<p class=\"paragraph\" data-mrf-recirculation=\"Links inline\">El dato sobre la cifra de 50 empleados por gerente no solo multiplica por dos el l\u00edmite convencional de 25, sino que adem\u00e1s,\u00a0<b>contrasta con la media nacional en Estados Unidos<\/b>, donde el promedio de personas que reportan a un superior creci\u00f3 de 10,9 en 2024 a 12,1 en 2025, seg\u00fan un informe de Gallup.<\/p>\n<div class=\"visual__image\"><picture><source srcset=\"https:\/\/www.infobae.com\/resizer\/v2\/WJDKJTJVANDVFJK3LTHIPEC67A.JPG?auth=f8fb1cb39f423a1f074a50a1c2b126ed38fd6fb7129e7a41ca643514487b8d64&amp;smart=true&amp;width=992&amp;height=662&amp;quality=85\" media=\"(min-width: 1000px)\" \/><source srcset=\"https:\/\/www.infobae.com\/resizer\/v2\/WJDKJTJVANDVFJK3LTHIPEC67A.JPG?auth=f8fb1cb39f423a1f074a50a1c2b126ed38fd6fb7129e7a41ca643514487b8d64&amp;smart=true&amp;width=768&amp;height=512&amp;quality=85\" media=\"(min-width: 768px)\" \/><source srcset=\"https:\/\/www.infobae.com\/resizer\/v2\/WJDKJTJVANDVFJK3LTHIPEC67A.JPG?auth=f8fb1cb39f423a1f074a50a1c2b126ed38fd6fb7129e7a41ca643514487b8d64&amp;smart=true&amp;width=577&amp;height=385&amp;quality=85\" media=\"(min-width: 580px)\" \/><source srcset=\"https:\/\/www.infobae.com\/resizer\/v2\/WJDKJTJVANDVFJK3LTHIPEC67A.JPG?auth=f8fb1cb39f423a1f074a50a1c2b126ed38fd6fb7129e7a41ca643514487b8d64&amp;smart=true&amp;width=420&amp;height=280&amp;quality=85\" media=\"(min-width: 350px)\" \/><source srcset=\"https:\/\/www.infobae.com\/resizer\/v2\/WJDKJTJVANDVFJK3LTHIPEC67A.JPG?auth=f8fb1cb39f423a1f074a50a1c2b126ed38fd6fb7129e7a41ca643514487b8d64&amp;smart=true&amp;width=350&amp;height=233&amp;quality=85\" media=\"(min-width: 80px)\" \/><img loading=\"lazy\" decoding=\"async\" class=\"global-image\" src=\"https:\/\/www.infobae.com\/resizer\/v2\/WJDKJTJVANDVFJK3LTHIPEC67A.JPG?auth=f8fb1cb39f423a1f074a50a1c2b126ed38fd6fb7129e7a41ca643514487b8d64&amp;smart=true&amp;width=350&amp;height=233&amp;quality=85\" alt=\"La estructura organizativa de Meta\" width=\"3000\" height=\"2001\" \/><\/picture>La estructura organizativa de Meta desaf\u00eda el promedio nacional estadounidense, donde el n\u00famero de reportes por supervisor solo lleg\u00f3 a 12,1 en 2025. (Foto: REUTERS\/Dado Ruvic\/Ilustraci\u00f3n\/Archivo)<\/div>\n<p class=\"paragraph\" data-mrf-recirculation=\"Links inline\"><b>Este crecimiento destaca el auge de las denominadas \u201corganizaciones ultraplanas\u201d<\/b>, que incrementaron su presencia sobre todo a trav\u00e9s de equipos de 25 integrantes o m\u00e1s: el segmento de este tama\u00f1o aument\u00f3 dos puntos porcentuales en apenas un a\u00f1o.<\/p>\n<h2 class=\"header headline-class-h2 headline\">Cu\u00e1les son las ventajas y retos de reducir las jerarqu\u00edas empresariales<\/h2>\n<div class=\"inline_2_DSK ad-wrapper ad-desktop\">\n<div class=\"dfpAd ad-inline\"><\/div>\n<\/div>\n<p class=\"paragraph\" data-mrf-recirculation=\"Links inline\"><b>El principio detr\u00e1s de estos modelos asegura que reducir la jerarqu\u00eda permite mayor agilidad en la toma de decisiones y acerca a los directivos a la experiencia directa de los usuarios y clientes.<\/b> Bajo esta l\u00f3gica, las estructuras horizontales favorecen la colaboraci\u00f3n interfuncional y potencian la innovaci\u00f3n al eliminar intermediaciones burocr\u00e1ticas.<\/p>\n<p class=\"paragraph\" data-mrf-recirculation=\"Links inline\">No obstante, los riesgos de sobrepasar ciertos l\u00edmites de escala resultan evidentes para algunos expertos. Andr\u00e9 Spicer, decano ejecutivo de la Bayes Business School de Londres y profesor de comportamiento organizacional, subraya seg\u00fan Fortune que: \u201cEn definitiva, esto va a acabar en tragedia\u201d.<\/p>\n<div class=\"visual__image\"><picture><source srcset=\"https:\/\/www.infobae.com\/resizer\/v2\/4WW6HJAYZJFBRBIUV62G3XAWIA.png?auth=8839c8e94921cd1907f21d6ed1ad98eac56d779cb1e8bedd19a1dea002cea527&amp;smart=true&amp;width=992&amp;height=541&amp;quality=85\" media=\"(min-width: 1000px)\" \/><source srcset=\"https:\/\/www.infobae.com\/resizer\/v2\/4WW6HJAYZJFBRBIUV62G3XAWIA.png?auth=8839c8e94921cd1907f21d6ed1ad98eac56d779cb1e8bedd19a1dea002cea527&amp;smart=true&amp;width=768&amp;height=419&amp;quality=85\" media=\"(min-width: 768px)\" \/><source srcset=\"https:\/\/www.infobae.com\/resizer\/v2\/4WW6HJAYZJFBRBIUV62G3XAWIA.png?auth=8839c8e94921cd1907f21d6ed1ad98eac56d779cb1e8bedd19a1dea002cea527&amp;smart=true&amp;width=577&amp;height=315&amp;quality=85\" media=\"(min-width: 580px)\" \/><source srcset=\"https:\/\/www.infobae.com\/resizer\/v2\/4WW6HJAYZJFBRBIUV62G3XAWIA.png?auth=8839c8e94921cd1907f21d6ed1ad98eac56d779cb1e8bedd19a1dea002cea527&amp;smart=true&amp;width=420&amp;height=229&amp;quality=85\" media=\"(min-width: 350px)\" \/><source srcset=\"https:\/\/www.infobae.com\/resizer\/v2\/4WW6HJAYZJFBRBIUV62G3XAWIA.png?auth=8839c8e94921cd1907f21d6ed1ad98eac56d779cb1e8bedd19a1dea002cea527&amp;smart=true&amp;width=350&amp;height=191&amp;quality=85\" media=\"(min-width: 80px)\" \/><img loading=\"lazy\" decoding=\"async\" class=\"global-image\" src=\"https:\/\/www.infobae.com\/resizer\/v2\/4WW6HJAYZJFBRBIUV62G3XAWIA.png?auth=8839c8e94921cd1907f21d6ed1ad98eac56d779cb1e8bedd19a1dea002cea527&amp;smart=true&amp;width=350&amp;height=191&amp;quality=85\" alt=\"Las organizaciones ultraplanas ganan terreno\" width=\"1408\" height=\"768\" \/><\/picture>Las organizaciones ultraplanas ganan terreno en Estados Unidos, favoreciendo la horizontalidad y la colaboraci\u00f3n interfuncional en ingenier\u00eda de software. (Imagen Ilustrativa Infobae)<\/div>\n<p class=\"paragraph\" data-mrf-recirculation=\"Links inline\">Spicer sostiene que los movimientos hacia una estructura horizontal tienden a coincidir con per\u00edodos de bonanza econ\u00f3mica,\u00a0<b>cuando las compa\u00f1\u00edas buscan reportar costes m\u00e1s bajos y balances positivos en los trimestres inmediatos.<\/b>\u00a0Advierte, sin embargo, que: \u201cEso generar\u00e1 problemas a medio plazo\u201d.<\/p>\n<h2 class=\"header headline-class-h2 headline\">En qu\u00e9 momento es una buena idea este tipo de organizaci\u00f3n<\/h2>\n<p class=\"paragraph\" data-mrf-recirculation=\"Links inline\">El mismo acad\u00e9mico explica que estas formas de organizaci\u00f3n funcionan mejor en \u00e1mbitos intensivos en conocimiento experto, como la ingenier\u00eda de software,\u00a0<b>donde la colaboraci\u00f3n entre pares y el predominio de est\u00e1ndares profesionales simplifican el funcionamiento.<\/b>\u00a0Spicer sit\u00faa a la propia academia en esta categor\u00eda.<\/p>\n<p class=\"paragraph\" data-mrf-recirculation=\"Links inline\">Sin embargo, incluso en espacios propicios, los desaf\u00edos emergen r\u00e1pidamente: los empleados j\u00f3venes y con menor experiencia pueden quedar al margen, los gerentes corren el riesgo de estar sobrecargados y los trabajadores de nivel intermedio podr\u00edan terminar desorientados o no recibir la orientaci\u00f3n necesaria.<\/p>\n<div class=\"visual__image\"><picture><source srcset=\"https:\/\/www.infobae.com\/resizer\/v2\/MPC3OMESYZEMZNWVREHOKXFKRE.png?auth=b7c64a21acc73d2001d07d47b7e38ffa8b0e3d7b4d0e653cf13d0fa117043265&amp;smart=true&amp;width=992&amp;height=554&amp;quality=85\" media=\"(min-width: 1000px)\" \/><source srcset=\"https:\/\/www.infobae.com\/resizer\/v2\/MPC3OMESYZEMZNWVREHOKXFKRE.png?auth=b7c64a21acc73d2001d07d47b7e38ffa8b0e3d7b4d0e653cf13d0fa117043265&amp;smart=true&amp;width=768&amp;height=429&amp;quality=85\" media=\"(min-width: 768px)\" \/><source srcset=\"https:\/\/www.infobae.com\/resizer\/v2\/MPC3OMESYZEMZNWVREHOKXFKRE.png?auth=b7c64a21acc73d2001d07d47b7e38ffa8b0e3d7b4d0e653cf13d0fa117043265&amp;smart=true&amp;width=577&amp;height=322&amp;quality=85\" media=\"(min-width: 580px)\" \/><source srcset=\"https:\/\/www.infobae.com\/resizer\/v2\/MPC3OMESYZEMZNWVREHOKXFKRE.png?auth=b7c64a21acc73d2001d07d47b7e38ffa8b0e3d7b4d0e653cf13d0fa117043265&amp;smart=true&amp;width=420&amp;height=234&amp;quality=85\" media=\"(min-width: 350px)\" \/><source srcset=\"https:\/\/www.infobae.com\/resizer\/v2\/MPC3OMESYZEMZNWVREHOKXFKRE.png?auth=b7c64a21acc73d2001d07d47b7e38ffa8b0e3d7b4d0e653cf13d0fa117043265&amp;smart=true&amp;width=350&amp;height=195&amp;quality=85\" media=\"(min-width: 80px)\" \/><img loading=\"lazy\" decoding=\"async\" class=\"global-image\" src=\"https:\/\/www.infobae.com\/resizer\/v2\/MPC3OMESYZEMZNWVREHOKXFKRE.png?auth=b7c64a21acc73d2001d07d47b7e38ffa8b0e3d7b4d0e653cf13d0fa117043265&amp;smart=true&amp;width=350&amp;height=195&amp;quality=85\" alt=\"Expertos advierten que equipos de\" width=\"2752\" height=\"1536\" \/><\/picture>Expertos advierten que equipos de gran tama\u00f1o pueden provocar desorientaci\u00f3n y sobrecarga entre empleados y gerentes en el sector tecnol\u00f3gico. (Imagen Ilustrativa Infobae)<\/div>\n<p class=\"paragraph\" data-mrf-recirculation=\"Links inline\">Tal distribuci\u00f3n radical de responsabilidades puede llevar a que los empleados conflictivos concentren la atenci\u00f3n limitada de los jefes.<\/p>\n<p class=\"paragraph\" data-mrf-recirculation=\"Links inline\">Asimismo, Spicer alerta: \u201cLas investigaciones han determinado que el tama\u00f1o ideal de un equipo es de siete personas por gerente, aproximadamente\u201d. En grandes equipos, la tendencia natural es organizarse informalmente en grupos menores y recrear jerarqu\u00edas,\u00a0<b>aunque no existan formalmente en el organigrama original.<\/b><\/p>\n<h2 class=\"header headline-class-h2 headline\">Qu\u00e9 precedentes recientes hay de esta organizaci\u00f3n implementada por Meta<\/h2>\n<p class=\"paragraph\" data-mrf-recirculation=\"Links inline\">Uno de los experimentos m\u00e1s notables en estructuras radicalmente horizontales fue Zappos, la cadena de venta de calzado online \u2014hoy propiedad de Amazon\u2014,\u00a0<b>que en 2015 elimin\u00f3 cargos, t\u00edtulos y toda jerarqu\u00eda a partir del modelo denominado \u201cholocracia\u201d.<\/b><\/p>\n<div class=\"visual__image\"><picture><source srcset=\"https:\/\/www.infobae.com\/resizer\/v2\/GEAWZXR6VBHRDASMRQIA65IWTE.png?auth=94264dbc8add2f4da1dbed630c4e9325c08c7287791d5bd0f7a503390ce02526&amp;smart=true&amp;width=992&amp;height=567&amp;quality=85\" media=\"(min-width: 1000px)\" \/><source srcset=\"https:\/\/www.infobae.com\/resizer\/v2\/GEAWZXR6VBHRDASMRQIA65IWTE.png?auth=94264dbc8add2f4da1dbed630c4e9325c08c7287791d5bd0f7a503390ce02526&amp;smart=true&amp;width=768&amp;height=439&amp;quality=85\" media=\"(min-width: 768px)\" \/><source srcset=\"https:\/\/www.infobae.com\/resizer\/v2\/GEAWZXR6VBHRDASMRQIA65IWTE.png?auth=94264dbc8add2f4da1dbed630c4e9325c08c7287791d5bd0f7a503390ce02526&amp;smart=true&amp;width=577&amp;height=330&amp;quality=85\" media=\"(min-width: 580px)\" \/><source srcset=\"https:\/\/www.infobae.com\/resizer\/v2\/GEAWZXR6VBHRDASMRQIA65IWTE.png?auth=94264dbc8add2f4da1dbed630c4e9325c08c7287791d5bd0f7a503390ce02526&amp;smart=true&amp;width=420&amp;height=240&amp;quality=85\" media=\"(min-width: 350px)\" \/><source srcset=\"https:\/\/www.infobae.com\/resizer\/v2\/GEAWZXR6VBHRDASMRQIA65IWTE.png?auth=94264dbc8add2f4da1dbed630c4e9325c08c7287791d5bd0f7a503390ce02526&amp;smart=true&amp;width=350&amp;height=200&amp;quality=85\" media=\"(min-width: 80px)\" \/><img loading=\"lazy\" decoding=\"async\" class=\"global-image\" src=\"https:\/\/www.infobae.com\/resizer\/v2\/GEAWZXR6VBHRDASMRQIA65IWTE.png?auth=94264dbc8add2f4da1dbed630c4e9325c08c7287791d5bd0f7a503390ce02526&amp;smart=true&amp;width=350&amp;height=200&amp;quality=85\" alt=\"El fracaso de la holocracia\" width=\"1344\" height=\"768\" \/><\/picture>El fracaso de la holocracia en empresas como Zappos alert\u00f3 sobre los l\u00edmites de eliminar la jerarqu\u00eda en empresas tecnol\u00f3gicas y su impacto en los resultados. (Imagen Ilustrativa Infobae)<\/div>\n<p class=\"paragraph\" data-mrf-recirculation=\"Links inline\">El entonces director ejecutivo Tony Hsieh ofreci\u00f3 indemnizaciones a quienes no compartieran el nuevo esquema.\u00a0<b>La falta de resultados positivos oblig\u00f3 m\u00e1s tarde a la compa\u00f1\u00eda a restablecer figuras de jefatura y simplificar la experiencia tanto para empleados como para clientes.<\/b><\/p>\n<p class=\"paragraph\" data-mrf-recirculation=\"Links inline\">El fen\u00f3meno de la horizontalidad extrema no es del todo nuevo. Spicer recuerda que la informatizaci\u00f3n en las d\u00e9cadas de 1980 y 1990 ya hab\u00eda permitido reducir dr\u00e1sticamente los mandos intermedios,\u00a0<b>pero el incremento de la complejidad empresarial llev\u00f3 a una restauraci\u00f3n de estos roles en etapas posteriores.<\/b><\/p>\n<p class=\"paragraph\" data-mrf-recirculation=\"Links inline\">\u201cSi observamos la situaci\u00f3n actual, desde la d\u00e9cada de 1980 hasta hoy, se ha producido un auge considerable de la gerencia intermedia\u201d, sostuvo Spicer.<\/p>\n","protected":false},"excerpt":{"rendered":"<p>El equipo de inteligencia artificial aplicada de Meta, la empresa de Mark Zuckerberg, implement\u00f3 una estructura organizativa poco com\u00fan:\u00a0cada uno de sus gerentes estar\u00e1 a cargo de 50 ingenieros, una proporci\u00f3n que duplica el umbral superior tradicionalmente aceptado para la coordinaci\u00f3n efectiva de equipos. Esta decisi\u00f3n, orientada a agilizar las operaciones y reducir costos a [&hellip;]<\/p>\n","protected":false},"author":2,"featured_media":31402,"comment_status":"open","ping_status":"open","sticky":false,"template":"","format":"standard","meta":{"footnotes":""},"categories":[80],"tags":[],"class_list":{"0":"post-31401","1":"post","2":"type-post","3":"status-publish","4":"format-standard","5":"has-post-thumbnail","7":"category-internacionales"},"_links":{"self":[{"href":"https:\/\/radiobitacora.com.ar\/web\/wp-json\/wp\/v2\/posts\/31401","targetHints":{"allow":["GET"]}}],"collection":[{"href":"https:\/\/radiobitacora.com.ar\/web\/wp-json\/wp\/v2\/posts"}],"about":[{"href":"https:\/\/radiobitacora.com.ar\/web\/wp-json\/wp\/v2\/types\/post"}],"author":[{"embeddable":true,"href":"https:\/\/radiobitacora.com.ar\/web\/wp-json\/wp\/v2\/users\/2"}],"replies":[{"embeddable":true,"href":"https:\/\/radiobitacora.com.ar\/web\/wp-json\/wp\/v2\/comments?post=31401"}],"version-history":[{"count":1,"href":"https:\/\/radiobitacora.com.ar\/web\/wp-json\/wp\/v2\/posts\/31401\/revisions"}],"predecessor-version":[{"id":31403,"href":"https:\/\/radiobitacora.com.ar\/web\/wp-json\/wp\/v2\/posts\/31401\/revisions\/31403"}],"wp:featuredmedia":[{"embeddable":true,"href":"https:\/\/radiobitacora.com.ar\/web\/wp-json\/wp\/v2\/media\/31402"}],"wp:attachment":[{"href":"https:\/\/radiobitacora.com.ar\/web\/wp-json\/wp\/v2\/media?parent=31401"}],"wp:term":[{"taxonomy":"category","embeddable":true,"href":"https:\/\/radiobitacora.com.ar\/web\/wp-json\/wp\/v2\/categories?post=31401"},{"taxonomy":"post_tag","embeddable":true,"href":"https:\/\/radiobitacora.com.ar\/web\/wp-json\/wp\/v2\/tags?post=31401"}],"curies":[{"name":"wp","href":"https:\/\/api.w.org\/{rel}","templated":true}]}}