{"id":31426,"date":"2026-03-15T22:07:53","date_gmt":"2026-03-16T01:07:53","guid":{"rendered":"https:\/\/radiobitacora.com.ar\/web\/?p=31426"},"modified":"2026-03-15T22:07:53","modified_gmt":"2026-03-16T01:07:53","slug":"diez-anos-de-gestion-transformando-la-salud-publica-del-sur-correntino","status":"publish","type":"post","link":"https:\/\/radiobitacora.com.ar\/web\/2026\/03\/15\/diez-anos-de-gestion-transformando-la-salud-publica-del-sur-correntino\/","title":{"rendered":"DIEZ A\u00d1OS DE GESTI\u00d3N: TRANSFORMANDO LA SALUD P\u00daBLICA DEL SUR CORRENTINO"},"content":{"rendered":"<p style=\"font-weight: 400;\">Hospital Regional Goya \u201cDr. Profesor Camilo Muniagurria\u201d<\/p>\n<p style=\"font-weight: 400;\">\u201cGestionar la salud p\u00fablica es, ante todo, un acto de servicio, y un compromiso con la comunidad\u201d Asegur\u00f3 el Director Ejecutivo del Hospital Regional Goya<\/p>\n<p style=\"font-weight: 400;\"><img loading=\"lazy\" decoding=\"async\" class=\"aligncenter size-full wp-image-31427\" src=\"https:\/\/radiobitacora.com.ar\/web\/wp-content\/uploads\/2026\/03\/10-anos-gestion-salud-publica-HRG-ilustracion-1.jpg\" alt=\"\" width=\"2048\" height=\"1370\" srcset=\"https:\/\/radiobitacora.com.ar\/web\/wp-content\/uploads\/2026\/03\/10-anos-gestion-salud-publica-HRG-ilustracion-1.jpg 2048w, https:\/\/radiobitacora.com.ar\/web\/wp-content\/uploads\/2026\/03\/10-anos-gestion-salud-publica-HRG-ilustracion-1-628x420.jpg 628w, https:\/\/radiobitacora.com.ar\/web\/wp-content\/uploads\/2026\/03\/10-anos-gestion-salud-publica-HRG-ilustracion-1-696x466.jpg 696w, https:\/\/radiobitacora.com.ar\/web\/wp-content\/uploads\/2026\/03\/10-anos-gestion-salud-publica-HRG-ilustracion-1-1068x714.jpg 1068w\" sizes=\"auto, (max-width: 2048px) 100vw, 2048px\" \/><\/p>\n<p style=\"font-weight: 400;\">\n<p style=\"font-weight: 400;\">Se cumplen 10 a\u00f1os desde que los doctores Ra\u00fal Mart\u00ednez, en su rol de Director Ejecutivo, y Sergio Sosa, como Director Asociado, asumieron el desaf\u00edo de conducir el Hospital Regional Goya. Una d\u00e9cada no es solo el paso del tiempo; en el \u00e1mbito sanitario, se mide en vidas transformadas, infraestructura consolidada y una evoluci\u00f3n constante hacia la alta complejidad.<\/p>\n<p style=\"font-weight: 400;\">\n<p style=\"font-weight: 400;\">ESTADISTICAS DEL COMPROMISO CON LA SALUD P\u00daBLICA<\/p>\n<p style=\"font-weight: 400;\">Cifras que Hablan de Compromiso Detr\u00e1s de cada n\u00famero hay una historia de sanaci\u00f3n. Durante esta gesti\u00f3n, el hospital ha demostrado una capacidad operativa sin precedentes:<\/p>\n<p style=\"font-weight: 400;\">25.356 Cirug\u00edas: Un despliegue t\u00e9cnico quir\u00fargico que abarc\u00f3 especialidades cr\u00edticas como Cirug\u00eda General, Traumatolog\u00eda, Urolog\u00eda y Tocoginecolog\u00eda, devolviendo la calidad de vida a miles de pacientes de toda la regi\u00f3n.<\/p>\n<p style=\"font-weight: 400;\">\n<p style=\"font-weight: 400;\">1.460.039 Atenciones: Casi un mill\u00f3n y medio de pacientes pasaron por los servicios de Laboratorio, Atenci\u00f3n Primaria de la Salud (APS) y la Guardia Central. Esta cifra r\u00e9cord refleja un hospital de puertas abiertas y un sistema de respuesta s\u00f3lida ante la demanda social.<\/p>\n<p style=\"font-weight: 400;\">\n<p style=\"font-weight: 400;\">EL DESAF\u00cdO DEL SIGLO: LA PANDEMIA DE COVID-19<\/p>\n<p style=\"font-weight: 400;\">\n<p style=\"font-weight: 400;\">Menci\u00f3n aparte merece la labor desarrollada durante la crisis sanitaria global. Bajo el liderazgo de los Dres. Mart\u00ednez y Sosa, el Hospital Regional Goya se convirti\u00f3 en un baluarte de contenci\u00f3n. La gesti\u00f3n no solo garantiz\u00f3 la atenci\u00f3n en los momentos de mayor incertidumbre, sino que coordin\u00f3 la log\u00edstica, el cuidado del personal y el acompa\u00f1amiento a las familias, demostrando que el liderazgo se templa en la adversidad.<\/p>\n<p style=\"font-weight: 400;\">\n<p style=\"font-weight: 400;\">INFRAESTRUCTURA PARA EL FUTURO<\/p>\n<p style=\"font-weight: 400;\">\n<p style=\"font-weight: 400;\">La transformaci\u00f3n f\u00edsica del nosocomio ha sido uno de los pilares de estos diez a\u00f1os. No se trat\u00f3 solo de mantener, sino de construir para el futuro:<\/p>\n<p style=\"font-weight: 400;\">Modernizaci\u00f3n de Quir\u00f3fanos y Terapias: Mejoras sustanciales en la Terapia de Adultos y Neonatal, elevando los est\u00e1ndares de seguridad para los pacientes m\u00e1s cr\u00edticos.<\/p>\n<p style=\"font-weight: 400;\">HOSPITAL ESCUELA<\/p>\n<p style=\"font-weight: 400;\">La incorporaci\u00f3n de formaci\u00f3n en pregrado con el trabajo en conjunto con la Universidad de la cuenca del Plata, Universidad nacional del Nordeste, universidad Barcel\u00f3, Universidad de C\u00f3rdoba, Del Litoral.<\/p>\n<p style=\"font-weight: 400;\">La incorporaci\u00f3n de nuevas Especialidades en la formaci\u00f3n de Posgrado tanto M\u00e9dicos y en Enfermer\u00eda.<\/p>\n<p style=\"font-weight: 400;\">Enfoque Humano: La creaci\u00f3n de la Casa de Padres, un espacio vital que humaniza la medicina al permitir que las familias permanezcan cerca de sus seres queridos durante la internaci\u00f3n.<\/p>\n<p style=\"font-weight: 400;\">\n<p style=\"font-weight: 400;\">Hito Hist\u00f3rico: La construcci\u00f3n del Hospital Pedi\u00e1trico, una obra que redefine la atenci\u00f3n infantil en la provincia y garantiza un espacio especializado para los m\u00e1s peque\u00f1os.<\/p>\n<p style=\"font-weight: 400;\">\n<p style=\"font-weight: 400;\">UN HOSPITAL M\u00c1S COMPLEJO Y HUMANO<\/p>\n<p style=\"font-weight: 400;\">\n<p style=\"font-weight: 400;\">M\u00e1s all\u00e1 de los ladrillos, el crecimiento se dio en el capital humano. La incorporaci\u00f3n de nuevos profesionales en diversas especialidades permiti\u00f3 &#8220;complejizar&#8221; el hospital, reduciendo la necesidad de traslados a la capital y fortaleciendo el sentido de pertenencia de la comunidad goyana hacia su hospital.<\/p>\n<p style=\"font-weight: 400;\">&#8220;Gestionar la salud p\u00fablica es, ante todo, un acto de servicio, y un compromiso con la comunidad. En estos 10 a\u00f1os dejamos un hospital m\u00e1s moderno, m\u00e1s equipado y, sobre todo, m\u00e1s preparado para los desaf\u00edos que vendr\u00e1n.&#8221; Consider\u00f3 el Director Ejecutivo Dr. Ra\u00fal Mart\u00ednez<\/p>\n<p style=\"font-weight: 400;\">\n<p style=\"font-weight: 400;\">Direcci\u00f3n de Prensa-Municipalidad de Goya<\/p>\n","protected":false},"excerpt":{"rendered":"<p>Hospital Regional Goya \u201cDr. Profesor Camilo Muniagurria\u201d \u201cGestionar la salud p\u00fablica es, ante todo, un acto de servicio, y un compromiso con la comunidad\u201d Asegur\u00f3 el Director Ejecutivo del Hospital Regional Goya Se cumplen 10 a\u00f1os desde que los doctores Ra\u00fal Mart\u00ednez, en su rol de Director Ejecutivo, y Sergio Sosa, como Director Asociado, asumieron [&hellip;]<\/p>\n","protected":false},"author":2,"featured_media":31428,"comment_status":"open","ping_status":"open","sticky":false,"template":"","format":"standard","meta":{"footnotes":""},"categories":[56],"tags":[],"class_list":{"0":"post-31426","1":"post","2":"type-post","3":"status-publish","4":"format-standard","5":"has-post-thumbnail","7":"category-locales"},"_links":{"self":[{"href":"https:\/\/radiobitacora.com.ar\/web\/wp-json\/wp\/v2\/posts\/31426","targetHints":{"allow":["GET"]}}],"collection":[{"href":"https:\/\/radiobitacora.com.ar\/web\/wp-json\/wp\/v2\/posts"}],"about":[{"href":"https:\/\/radiobitacora.com.ar\/web\/wp-json\/wp\/v2\/types\/post"}],"author":[{"embeddable":true,"href":"https:\/\/radiobitacora.com.ar\/web\/wp-json\/wp\/v2\/users\/2"}],"replies":[{"embeddable":true,"href":"https:\/\/radiobitacora.com.ar\/web\/wp-json\/wp\/v2\/comments?post=31426"}],"version-history":[{"count":1,"href":"https:\/\/radiobitacora.com.ar\/web\/wp-json\/wp\/v2\/posts\/31426\/revisions"}],"predecessor-version":[{"id":31429,"href":"https:\/\/radiobitacora.com.ar\/web\/wp-json\/wp\/v2\/posts\/31426\/revisions\/31429"}],"wp:featuredmedia":[{"embeddable":true,"href":"https:\/\/radiobitacora.com.ar\/web\/wp-json\/wp\/v2\/media\/31428"}],"wp:attachment":[{"href":"https:\/\/radiobitacora.com.ar\/web\/wp-json\/wp\/v2\/media?parent=31426"}],"wp:term":[{"taxonomy":"category","embeddable":true,"href":"https:\/\/radiobitacora.com.ar\/web\/wp-json\/wp\/v2\/categories?post=31426"},{"taxonomy":"post_tag","embeddable":true,"href":"https:\/\/radiobitacora.com.ar\/web\/wp-json\/wp\/v2\/tags?post=31426"}],"curies":[{"name":"wp","href":"https:\/\/api.w.org\/{rel}","templated":true}]}}