{"id":31430,"date":"2026-03-16T10:07:58","date_gmt":"2026-03-16T13:07:58","guid":{"rendered":"https:\/\/radiobitacora.com.ar\/web\/?p=31430"},"modified":"2026-03-16T10:07:58","modified_gmt":"2026-03-16T13:07:58","slug":"caso-libra-el-diputado-que-presidio-la-comision-investigadora-aseguro-que-milei-debera-dar-explicaciones-en-el-congreso","status":"publish","type":"post","link":"https:\/\/radiobitacora.com.ar\/web\/2026\/03\/16\/caso-libra-el-diputado-que-presidio-la-comision-investigadora-aseguro-que-milei-debera-dar-explicaciones-en-el-congreso\/","title":{"rendered":"Caso Libra: el diputado que presidi\u00f3 la comisi\u00f3n investigadora asegur\u00f3 que Milei deber\u00e1 dar explicaciones en el Congreso"},"content":{"rendered":"<p class=\"paragraph\" data-mrf-recirculation=\"Links inline\">En las \u00faltimas horas,\u00a0<b>nuevas pruebas<\/b> surgieron en la investigaci\u00f3n judicial por el caso Libra, la criptomoneda promovida por el presidente Javier Milei con un posteo en X, hace m\u00e1s de un a\u00f1o, el 14 de febrero del 2025.<\/p>\n<p class=\"paragraph\" data-mrf-recirculation=\"Links inline\">El diputado nacional\u00a0<b>Maximiliano Ferraro<\/b>, presidente de la Comisi\u00f3n Investigadora en Diputados -un tr\u00e1mite paralelo a la pesquisa judicial-, detall\u00f3 en\u00a0<i>radio Mitre<\/i>\u00a0<b>las sospechas de presuntas conexiones entre el jefe de Estado, su entorno y empresarios<\/b>, que ahora ser\u00e1n eje de una conferencia de prensa que se realizar\u00e1 esta tarde en el Congreso.<\/p>\n<p class=\"paragraph\" data-mrf-recirculation=\"Links inline\"><b>Ferraro se\u00f1al\u00f3 que el presidente y varios funcionarios deber\u00e1n responder ante la justicia y el Congreso<\/b>. Sostuvo que persisten preguntas sobre la adjudicaci\u00f3n del contrato vinculado al token Libra y afirm\u00f3 que las pruebas muestran que \u201c<b>el presidente minti\u00f3<\/b>\u201d.<\/p>\n<p class=\"paragraph\" data-mrf-recirculation=\"Links inline\">La frase alude a la primera reacci\u00f3n que hab\u00eda tenido Milei en febrero de 2025 luego del esc\u00e1ndalo, cuando en una entrevista televisiva dijo que no estaba muy al tanto de los detalles del proyecto ni de sus creadores.<\/p>\n<p class=\"paragraph\" data-mrf-recirculation=\"Links inline\">El diputado remarc\u00f3 que la investigaci\u00f3n permiti\u00f3 rastrear\u00a0<b>16 ingresos<\/b>\u00a0a la Casa Rosada y a la Quinta de Olivos de intermediarios relacionados con el lanzamiento de la criptomoneda.\u00a0<b>Adem\u00e1s, se identificaron transferencias que coinciden con un memo hallado por peritos inform\u00e1ticos en el marco de la investigaci\u00f3n judicial.<\/b><\/p>\n<p class=\"paragraph\" data-mrf-recirculation=\"Links inline\">En ese documento, figura el nombre de\u00a0<b>Mauricio Novelli<\/b>, se\u00f1alado como intermediario de pagos por\u00a0<b>cinco millones de d\u00f3lares<\/b>\u00a0provenientes de\u00a0<b>Hayden Davis<\/b>, el empresario estadounidense creador de la criptomoneda.<\/p>\n<p class=\"paragraph\" data-mrf-recirculation=\"Links inline\">Ferraro describi\u00f3 c\u00f3mo Davis transfiri\u00f3 fondos a distintas cuentas, que luego se derivaron a una \u201ccueva cripto\u201d, y que en la operaci\u00f3n particip\u00f3 un jubilado de 75 a\u00f1os como intermediario.<\/p>\n<p class=\"paragraph\" data-mrf-recirculation=\"Links inline\">Seg\u00fan el legislador, la ruta del dinero coincide con los registros de un memo que hallaron los peritos convocados por la Justicia en el tel\u00e9fono de Novelli y fue posible reconstruirla gracias a pericias inform\u00e1ticas.<\/p>\n<h2 class=\"header headline-class-h2 headline\">Las pruebas que comprometen al entorno presidencial<\/h2>\n<p class=\"paragraph\" data-mrf-recirculation=\"Links inline\">El diputado explic\u00f3 que la Comisi\u00f3n no pudo vincular de forma directa a\u00a0<b>Javier Milei<\/b>\u00a0ni a\u00a0<b>Karina Milei<\/b>\u00a0con el destino final del dinero, pero s\u00ed logr\u00f3 establecer el rol de Novelli y Davis en las transferencias.<\/p>\n<p class=\"paragraph\" data-mrf-recirculation=\"Links inline\">Sobre el presunto pacto para el pago de 5 millones de d\u00f3lares tras la promoci\u00f3n de la criptomoneda, Ferraro afirm\u00f3: \u201c<b>Estos montos coinciden en tres pagos anotados en el memo de Novelli, uno de un mill\u00f3n y dos de dos millones de d\u00f3lares, tanto en cripto como en efectivo<\/b>\u201d.<\/p>\n<p class=\"paragraph\" data-mrf-recirculation=\"Links inline\">El informe tambi\u00e9n da cuenta de\u00a0<b>comunicaciones<\/b>\u00a0entre el presidente Milei y Novelli el 14 de febrero, d\u00eda en que Milei public\u00f3 en redes sociales el mensaje promocionando el token Libra. Ferraro detall\u00f3 que hubo \u201ccientos de llamados\u201d, de los cuales ocho se registraron entre el presidente y Novelli entre las 19 y la medianoche de ese d\u00eda.<\/p>\n<p class=\"paragraph\" data-mrf-recirculation=\"Links inline\">La sospecha es que las conversaciones previas al tuit fueron para coordinar la promoci\u00f3n del contrato y del token. Tras la publicaci\u00f3n, se intensificaron los llamados, incluyendo contactos entre Novelli y\u00a0<b>Karina Milei<\/b>, as\u00ed como con\u00a0<b>Santiago Caputo<\/b>\u00a0y\u00a0<b>Dami\u00e1n Reidel<\/b>, entonces jefe de asesores del Presidente.<\/p>\n<div class=\"visual__image\"><picture><source srcset=\"https:\/\/www.infobae.com\/resizer\/v2\/CUMDZWJ7MZA5FL6BWCMJZCWE4I.jpg?auth=11d73b71d9a94bd13d4c48151478813c99a1ea42d60388bc7bffd02fb24de661&amp;smart=true&amp;width=992&amp;height=558&amp;quality=85\" media=\"(min-width: 1000px)\" \/><source srcset=\"https:\/\/www.infobae.com\/resizer\/v2\/CUMDZWJ7MZA5FL6BWCMJZCWE4I.jpg?auth=11d73b71d9a94bd13d4c48151478813c99a1ea42d60388bc7bffd02fb24de661&amp;smart=true&amp;width=768&amp;height=432&amp;quality=85\" media=\"(min-width: 768px)\" \/><source srcset=\"https:\/\/www.infobae.com\/resizer\/v2\/CUMDZWJ7MZA5FL6BWCMJZCWE4I.jpg?auth=11d73b71d9a94bd13d4c48151478813c99a1ea42d60388bc7bffd02fb24de661&amp;smart=true&amp;width=577&amp;height=325&amp;quality=85\" media=\"(min-width: 580px)\" \/><source srcset=\"https:\/\/www.infobae.com\/resizer\/v2\/CUMDZWJ7MZA5FL6BWCMJZCWE4I.jpg?auth=11d73b71d9a94bd13d4c48151478813c99a1ea42d60388bc7bffd02fb24de661&amp;smart=true&amp;width=420&amp;height=236&amp;quality=85\" media=\"(min-width: 350px)\" \/><source srcset=\"https:\/\/www.infobae.com\/resizer\/v2\/CUMDZWJ7MZA5FL6BWCMJZCWE4I.jpg?auth=11d73b71d9a94bd13d4c48151478813c99a1ea42d60388bc7bffd02fb24de661&amp;smart=true&amp;width=350&amp;height=197&amp;quality=85\" media=\"(min-width: 80px)\" \/><img loading=\"lazy\" decoding=\"async\" class=\"global-image\" src=\"https:\/\/www.infobae.com\/resizer\/v2\/CUMDZWJ7MZA5FL6BWCMJZCWE4I.jpg?auth=11d73b71d9a94bd13d4c48151478813c99a1ea42d60388bc7bffd02fb24de661&amp;smart=true&amp;width=350&amp;height=197&amp;quality=85\" alt=\"Maximiliano Ferraro, presidente de la\" width=\"1920\" height=\"1080\" \/><\/picture>Maximiliano Ferraro, presidente de la Comisi\u00f3n $Libra<\/div>\n<h2 class=\"header headline-class-h2 headline\">El circuito de pagos y la operatoria<\/h2>\n<p class=\"paragraph\" data-mrf-recirculation=\"Links inline\">Seg\u00fan la investigaci\u00f3n parlamentaria,\u00a0<b>Hayden Davis<\/b>\u00a0viaj\u00f3 de urgencia a la Argentina el 30 de enero para firmar un pacto de confidencialidad. El viaje, de treinta y ocho horas, coincidi\u00f3 con los chats de Novelli y fue corroborado mediante pericias a dispositivos electr\u00f3nicos. Ferraro subray\u00f3 que el circuito de pagos se organiz\u00f3 a trav\u00e9s de cuentas y criptomonedas, y que intervinieron terceros para mover fondos hacia billeteras digitales.<\/p>\n<p class=\"paragraph\" data-mrf-recirculation=\"Links inline\">La operatoria incluy\u00f3 la utilizaci\u00f3n de informaci\u00f3n privilegiada. Ferraro mencion\u00f3 que \u201ctreinta y seis personas accedieron a datos que les permitieron alzarse con m\u00e1s de un mill\u00f3n de d\u00f3lares cada una\u201d mediante billeteras cripto.<\/p>\n<h2 class=\"header headline-class-h2 headline\">Cr\u00edticas a la fiscal\u00eda y pr\u00f3ximos pasos en el Congreso<\/h2>\n<p class=\"paragraph\" data-mrf-recirculation=\"Links inline\">Ferraro cuestion\u00f3 la actuaci\u00f3n del fiscal\u00a0<b>Jorge Taiano<\/b>, a cargo del expediente, por la lentitud en la investigaci\u00f3n. Indic\u00f3 que, tras m\u00e1s de un a\u00f1o, \u201cno se cit\u00f3 a declarar a ning\u00fan testigo, ni siquiera en calidad testimonial\u201d.<\/p>\n<p class=\"paragraph\" data-mrf-recirculation=\"Links inline\">El diputado adelant\u00f3 que la C\u00e1mara de Diputados evaluar\u00e1 los pr\u00f3ximos pasos institucionales. Esta tarde, a las 16, se realizar\u00e1 una conferencia de prensa para presentar el cierre de la Comisi\u00f3n Investigadora y poner a disposici\u00f3n de la justicia federal la documentaci\u00f3n reunida sobre los pagos, las transferencias y las comunicaciones entre los involucrados.<\/p>\n<p class=\"paragraph\" data-mrf-recirculation=\"Links inline\">Ferraro enfatiz\u00f3 que el caso involucra a la investidura presidencial y requiere respuestas tanto en el plano judicial como en el institucional.<\/p>\n<h2 class=\"header headline-class-h2 headline\">Los \u00faltimos avances en el caso<\/h2>\n<p class=\"paragraph\" data-mrf-recirculation=\"Links inline\">Luego de varios meses sin demasiadas novedades, en las \u00faltimas horas se conocieron nuevos elementos en los que trabaja la Justicia respecto a la causa que investiga la ca\u00edda de la criptomoneda $LIBRA, que fue difundida por el presidente Javier Milei.<\/p>\n<p class=\"paragraph\" data-mrf-recirculation=\"Links inline\">El caso comenz\u00f3 en la noche del 14 de febrero de 2025 cuando Milei public\u00f3 un mensaje en su cuenta de la red social X -que fij\u00f3- en el que difundi\u00f3 el lanzamiento del token. Pero horas despu\u00e9s lo borr\u00f3 y public\u00f3 otro en el que dijo que no estaba interiorizado en la criptomoneda. Luego se supo que por su primer tuit el precio de la cripto pas\u00f3 de un valor de 0,01 d\u00f3lares a 5 en pocas horas y que unos pocos lograron retirar 100 millones de d\u00f3lares mientras que otros perdieron miles.<\/p>\n<p class=\"paragraph\" data-mrf-recirculation=\"Links inline\">Un peritaje realizado por expertos de la Direcci\u00f3n de Apoyo Tecnol\u00f3gico a la Investigaci\u00f3n Penal del Ministerio P\u00fablico Fiscal revel\u00f3 una extensa trama de\u00a0<b>llamadas<\/b>\u00a0y\u00a0<b>mensajes<\/b>\u00a0entre la c\u00fapula del Gobierno y el lobista argentino\u00a0<b>Mauricio Novelli<\/b>\u00a0en las horas cr\u00edticas alrededor del lanzamiento y derrumbe del criptoactivo,<\/p>\n<p class=\"paragraph\" data-mrf-recirculation=\"Links inline\">Durante la noche del 14 de febrero,\u00a0<b>Mauricio Novelli<\/b>, quien se encontraba en Texas junto al creador de $LIBRA, el estadounidense Hayden Mark Davis, habr\u00eda entablado un\u00a0<b>intercambio de siete llamadas<\/b>\u00a0con el presidente Javier Milei, totalizando 13 minutos y 10 segundos de di\u00e1logo.<\/p>\n<p class=\"paragraph\" data-mrf-recirculation=\"Links inline\">La documentaci\u00f3n analizada por la fiscal\u00eda, que incluye peritajes t\u00e9cnicos realizados sobre dispositivos electr\u00f3nicos secuestrados a Novelli y otros implicados, muestra que los contactos incluyeron llamadas, mensajes y el uso de plataformas digitales como WhatsApp. Una parte significativa de los intercambios se habr\u00edan producido entre\u00a0<b>Karina Milei<\/b>\u00a0y Novelli.<\/p>\n<p class=\"paragraph\" data-mrf-recirculation=\"Links inline\">A la par, los peritos encontraron un memo en el bloc de notas del tel\u00e9fono de Novelli. El archivo, redactado en ingl\u00e9s y fechado el 11 de febrero de 2025 a las 20:05 horas, estipula el pago de 5 millones de d\u00f3lares a cambio de que Javier Milei emitiera un respaldo p\u00fablico al activo digital. Esta suma estar\u00eda dividida en tres pagos diferenciados: un adelanto de 1,5 millones de d\u00f3lares, otro pago id\u00e9ntico destinado espec\u00edficamente a la promoci\u00f3n de la criptomoneda en redes sociales, y un pago final de 2 millones de d\u00f3lares, condicionado a la firma de un contrato posterior.<\/p>\n<p class=\"paragraph\" data-mrf-recirculation=\"Links inline\">El Presidente no habl\u00f3 de la cuesti\u00f3n luego de que se conocieran las nuevas pruebas.<\/p>\n","protected":false},"excerpt":{"rendered":"<p>En las \u00faltimas horas,\u00a0nuevas pruebas surgieron en la investigaci\u00f3n judicial por el caso Libra, la criptomoneda promovida por el presidente Javier Milei con un posteo en X, hace m\u00e1s de un a\u00f1o, el 14 de febrero del 2025. El diputado nacional\u00a0Maximiliano Ferraro, presidente de la Comisi\u00f3n Investigadora en Diputados -un tr\u00e1mite paralelo a la pesquisa [&hellip;]<\/p>\n","protected":false},"author":2,"featured_media":31431,"comment_status":"open","ping_status":"open","sticky":false,"template":"","format":"standard","meta":{"footnotes":""},"categories":[79],"tags":[],"class_list":{"0":"post-31430","1":"post","2":"type-post","3":"status-publish","4":"format-standard","5":"has-post-thumbnail","7":"category-politica"},"_links":{"self":[{"href":"https:\/\/radiobitacora.com.ar\/web\/wp-json\/wp\/v2\/posts\/31430","targetHints":{"allow":["GET"]}}],"collection":[{"href":"https:\/\/radiobitacora.com.ar\/web\/wp-json\/wp\/v2\/posts"}],"about":[{"href":"https:\/\/radiobitacora.com.ar\/web\/wp-json\/wp\/v2\/types\/post"}],"author":[{"embeddable":true,"href":"https:\/\/radiobitacora.com.ar\/web\/wp-json\/wp\/v2\/users\/2"}],"replies":[{"embeddable":true,"href":"https:\/\/radiobitacora.com.ar\/web\/wp-json\/wp\/v2\/comments?post=31430"}],"version-history":[{"count":1,"href":"https:\/\/radiobitacora.com.ar\/web\/wp-json\/wp\/v2\/posts\/31430\/revisions"}],"predecessor-version":[{"id":31432,"href":"https:\/\/radiobitacora.com.ar\/web\/wp-json\/wp\/v2\/posts\/31430\/revisions\/31432"}],"wp:featuredmedia":[{"embeddable":true,"href":"https:\/\/radiobitacora.com.ar\/web\/wp-json\/wp\/v2\/media\/31431"}],"wp:attachment":[{"href":"https:\/\/radiobitacora.com.ar\/web\/wp-json\/wp\/v2\/media?parent=31430"}],"wp:term":[{"taxonomy":"category","embeddable":true,"href":"https:\/\/radiobitacora.com.ar\/web\/wp-json\/wp\/v2\/categories?post=31430"},{"taxonomy":"post_tag","embeddable":true,"href":"https:\/\/radiobitacora.com.ar\/web\/wp-json\/wp\/v2\/tags?post=31430"}],"curies":[{"name":"wp","href":"https:\/\/api.w.org\/{rel}","templated":true}]}}