{"id":31433,"date":"2026-03-16T10:28:39","date_gmt":"2026-03-16T13:28:39","guid":{"rendered":"https:\/\/radiobitacora.com.ar\/web\/?p=31433"},"modified":"2026-03-16T10:28:39","modified_gmt":"2026-03-16T13:28:39","slug":"quienes-pueden-pedir-en-anses-la-ayuda-economica-para-personas-sin-trabajo-y-como-se-hace-el-tramite","status":"publish","type":"post","link":"https:\/\/radiobitacora.com.ar\/web\/2026\/03\/16\/quienes-pueden-pedir-en-anses-la-ayuda-economica-para-personas-sin-trabajo-y-como-se-hace-el-tramite\/","title":{"rendered":"Qui\u00e9nes pueden pedir en ANSES la ayuda econ\u00f3mica para personas sin trabajo y c\u00f3mo se hace el tr\u00e1mite"},"content":{"rendered":"<p class=\"paragraph\" data-mrf-recirculation=\"Links inline\">La\u00a0<b>Administraci\u00f3n Nacional de la Seguridad Social (ANSES)\u00a0<\/b>asiste a los trabajadores en relaci\u00f3n de dependencia que pierden su<a title=\"https:\/\/www.infobae.com\/tag\/empleo\/\" href=\"https:\/\/www.infobae.com\/tag\/empleo\/\" target=\"_blank\" rel=\"noopener noreferrer\" data-mrf-link=\"https:\/\/www.infobae.com\/tag\/empleo\/\">\u00a0empleo\u00a0<\/a>sin justa causa. El beneficio incluye a quienes son despedidos por finalizaci\u00f3n de contrato o por motivos externos, siempre que est\u00e9n contemplados dentro de la Ley de Contrato de Trabajo.<\/p>\n<p class=\"paragraph\" data-mrf-recirculation=\"Links inline\">La\u00a0<b>Prestaci\u00f3n por Desempleo para Trabajadores en Relaci\u00f3n de Dependencia<\/b>\u00a0de la Anses busca brindar respaldo econ\u00f3mico a quienes atraviesan una situaci\u00f3n de desocupaci\u00f3n, durante el per\u00edodo en que procuran reinsertarse en el mercado laboral, y mitigar el impacto en los ingresos tras la p\u00e9rdida del puesto de trabajo.<\/p>\n<h2 class=\"header headline-class-h2 headline\">Qui\u00e9nes pueden pedir la prestaci\u00f3n por desempleo<\/h2>\n<p class=\"paragraph\" data-mrf-recirculation=\"Links inline\">Para obtener la prestaci\u00f3n por desempleo, la ANSES requiere que los solicitantes cumplan ciertos requisitos antes de iniciar el tr\u00e1mite. Los empleados permanentes deben haber trabajado\u00a0<b>al menos 6 meses con aportes en los \u00faltimos 3 a\u00f1os previos<\/b> al despido o a la finalizaci\u00f3n del contrato.<\/p>\n<div class=\"visual__image\"><picture><source srcset=\"https:\/\/www.infobae.com\/resizer\/v2\/CA4FVILEFZERVERTDXT4ZL53NI.jpg?auth=18f564e068b5b373df6928611cdd7367d939a9709dfa8b7944f5a59280823825&amp;smart=true&amp;width=992&amp;height=558&amp;quality=85\" media=\"(min-width: 1000px)\" \/><source srcset=\"https:\/\/www.infobae.com\/resizer\/v2\/CA4FVILEFZERVERTDXT4ZL53NI.jpg?auth=18f564e068b5b373df6928611cdd7367d939a9709dfa8b7944f5a59280823825&amp;smart=true&amp;width=768&amp;height=432&amp;quality=85\" media=\"(min-width: 768px)\" \/><source srcset=\"https:\/\/www.infobae.com\/resizer\/v2\/CA4FVILEFZERVERTDXT4ZL53NI.jpg?auth=18f564e068b5b373df6928611cdd7367d939a9709dfa8b7944f5a59280823825&amp;smart=true&amp;width=577&amp;height=325&amp;quality=85\" media=\"(min-width: 580px)\" \/><source srcset=\"https:\/\/www.infobae.com\/resizer\/v2\/CA4FVILEFZERVERTDXT4ZL53NI.jpg?auth=18f564e068b5b373df6928611cdd7367d939a9709dfa8b7944f5a59280823825&amp;smart=true&amp;width=420&amp;height=236&amp;quality=85\" media=\"(min-width: 350px)\" \/><source srcset=\"https:\/\/www.infobae.com\/resizer\/v2\/CA4FVILEFZERVERTDXT4ZL53NI.jpg?auth=18f564e068b5b373df6928611cdd7367d939a9709dfa8b7944f5a59280823825&amp;smart=true&amp;width=350&amp;height=197&amp;quality=85\" media=\"(min-width: 80px)\" \/><img loading=\"lazy\" decoding=\"async\" class=\"global-image\" src=\"https:\/\/www.infobae.com\/resizer\/v2\/CA4FVILEFZERVERTDXT4ZL53NI.jpg?auth=18f564e068b5b373df6928611cdd7367d939a9709dfa8b7944f5a59280823825&amp;smart=true&amp;width=350&amp;height=197&amp;quality=85\" alt=\"Los empleados permanentes deben haber\" width=\"3680\" height=\"2070\" \/><\/picture>Los empleados permanentes deben haber trabajado al menos 6 meses con aportes en los \u00faltimos 3 a\u00f1os previos al despido o a la finalizaci\u00f3n del contrato<\/div>\n<p class=\"paragraph\" data-mrf-recirculation=\"Links inline\">En el caso de los<b>\u00a0trabajadores eventuales\u00a0<\/b>y de temporada, se exige haber trabajado menos de 12 meses en los \u00faltimos tres a\u00f1os y m\u00e1s de 90 d\u00edas en el \u00faltimo a\u00f1o anterior a la desvinculaci\u00f3n.<\/p>\n<p class=\"paragraph\" data-mrf-recirculation=\"Links inline\">El monto de la ayuda y la cantidad de cuotas, que puede variar entre 2 y 12, dependen de los ingresos percibidos y la cantidad de meses aportados durante los 3 a\u00f1os previos a la solicitud. Para las personas mayores de 45 a\u00f1os, el per\u00edodo de cobro se extiende por 6 meses adicionales.<\/p>\n<p class=\"paragraph\" data-mrf-recirculation=\"Links inline\">Por otra parte, ANSES se encarga de la apertura de una Caja de Ahorro de la Seguridad Social en una entidad bancaria para que el beneficiario reciba la prestaci\u00f3n. El dinero puede retirarse por ventanilla en la sucursal designada, donde luego se entrega la tarjeta de d\u00e9bito correspondiente. Esta tarjeta permite operar en cajeros autom\u00e1ticos una vez que el tr\u00e1mite queda formalizado en el banco.<\/p>\n<p class=\"paragraph\" data-mrf-recirculation=\"Links inline\">Si el solicitante ya cobra alguna otra prestaci\u00f3n de ANSES a trav\u00e9s de una cuenta bancaria, esa misma cuenta ser\u00e1 utilizada. Quienes tengan una cuenta particular pueden pedir que el banco la modifique para ser utilizada como Cuenta de la Seguridad Social.<\/p>\n<div class=\"visual__image\"><picture><source srcset=\"https:\/\/www.infobae.com\/resizer\/v2\/KZL3WHSWTJF7PMFJ2WEHPFGKMA.png?auth=d453e950c68e462dfede713407612f055f54ca7ef4041892aa2daa1c81f2ee1d&amp;smart=true&amp;width=992&amp;height=541&amp;quality=85\" media=\"(min-width: 1000px)\" \/><source srcset=\"https:\/\/www.infobae.com\/resizer\/v2\/KZL3WHSWTJF7PMFJ2WEHPFGKMA.png?auth=d453e950c68e462dfede713407612f055f54ca7ef4041892aa2daa1c81f2ee1d&amp;smart=true&amp;width=768&amp;height=419&amp;quality=85\" media=\"(min-width: 768px)\" \/><source srcset=\"https:\/\/www.infobae.com\/resizer\/v2\/KZL3WHSWTJF7PMFJ2WEHPFGKMA.png?auth=d453e950c68e462dfede713407612f055f54ca7ef4041892aa2daa1c81f2ee1d&amp;smart=true&amp;width=577&amp;height=315&amp;quality=85\" media=\"(min-width: 580px)\" \/><source srcset=\"https:\/\/www.infobae.com\/resizer\/v2\/KZL3WHSWTJF7PMFJ2WEHPFGKMA.png?auth=d453e950c68e462dfede713407612f055f54ca7ef4041892aa2daa1c81f2ee1d&amp;smart=true&amp;width=420&amp;height=229&amp;quality=85\" media=\"(min-width: 350px)\" \/><source srcset=\"https:\/\/www.infobae.com\/resizer\/v2\/KZL3WHSWTJF7PMFJ2WEHPFGKMA.png?auth=d453e950c68e462dfede713407612f055f54ca7ef4041892aa2daa1c81f2ee1d&amp;smart=true&amp;width=350&amp;height=191&amp;quality=85\" media=\"(min-width: 80px)\" \/><img loading=\"lazy\" decoding=\"async\" class=\"global-image\" src=\"https:\/\/www.infobae.com\/resizer\/v2\/KZL3WHSWTJF7PMFJ2WEHPFGKMA.png?auth=d453e950c68e462dfede713407612f055f54ca7ef4041892aa2daa1c81f2ee1d&amp;smart=true&amp;width=350&amp;height=191&amp;quality=85\" alt=\"ANSES se encarga de la\" width=\"1408\" height=\"768\" \/><\/picture>ANSES se encarga de la apertura de una Caja de Ahorro de la Seguridad Social en una entidad bancaria\u00a0para que el beneficiario reciba la prestaci\u00f3n (Imagen Ilustrativa Infobae)<\/div>\n<p class=\"paragraph\" data-mrf-recirculation=\"Links inline\">Vale mencionar que el beneficiario puede cobrar al mismo tiempo otras asignaciones familiares, como la\u00a0<b>asignaci\u00f3n por prenatal, la Asignaci\u00f3n Universal por Hijo (AUH), la asignaci\u00f3n por nacimiento o adopci\u00f3n<\/b>, la ayuda escolar anual y la asignaci\u00f3n por matrimonio.<\/p>\n<p class=\"paragraph\" data-mrf-recirculation=\"Links inline\">El tr\u00e1mite constituye una herramienta de apoyo econ\u00f3mico para quienes atraviesan la p\u00e9rdida involuntaria de su empleo bajo relaci\u00f3n de dependencia, siempre que cumplan los requisitos establecidos en la normativa vigente.<\/p>\n<h2 class=\"header headline-class-h2 headline\">C\u00f3mo se hace el tr\u00e1mite<\/h2>\n<p class=\"paragraph\" data-mrf-recirculation=\"Links inline\">La documentaci\u00f3n necesaria para realizar el tr\u00e1mite incluye el\u00a0<b>DNI<\/b>\u00a0(original y copia) y una comprobaci\u00f3n de desempleo (original y copia), que var\u00eda seg\u00fan el caso:<b><\/b><\/p>\n<ul class=\"list\" data-icon=\"\u2b24\">\n<li data-icon=\"\u2b24\"><b>Despido sin justa causa<\/b>: telegrama de despido, carta documento o nota de despido con firma certificada del empleador.<b><\/b><\/li>\n<li data-icon=\"\u2b24\"><b>Despido por quiebra o concurso preventivo del\u00a0empleador<\/b>: nota del s\u00edndico certificando la disoluci\u00f3n del contrato laboral, sentencia de quiebra autenticada por juzgado, telegrama del empleador notificando el cese por quiebra o el ejemplar del Bolet\u00edn Oficial donde se public\u00f3 la quiebra.<\/li>\n<li data-icon=\"\u2b24\"><b>Resoluci\u00f3n del contrato de trabajo por denuncia del trabajador fundada en justa causa:<\/b>\u00a0telegrama de intimaci\u00f3n y telegrama de desvinculaci\u00f3n laboral enviados por el trabajador.<b><\/b><\/li>\n<li data-icon=\"\u2b24\"><b>No renovaci\u00f3n de un contrato a plazo fijo:<\/b>\u00a0copia del contrato de trabajo vencido.<b><\/b><\/li>\n<li data-icon=\"\u2b24\"><b>Fallecimiento de un empleador unipersonal:<\/b>\u00a0copia certificada del acta de defunci\u00f3n.<b><\/b><\/li>\n<li data-icon=\"\u2b24\"><b>En caso de haber padecido una enfermedad\/accidente no laboral o enfermedad\/accidente laboral al momento de producirse el cese en su \u00faltimo empleo:<\/b>\u00a0certificado m\u00e9dico de aptitud laboral para ocupar un puesto de trabajo acorde a su situaci\u00f3n de salud<\/li>\n<\/ul>\n<p class=\"paragraph\" data-mrf-recirculation=\"Links inline\">Una vez reunida la documentaci\u00f3n, se debe ingresar al sitio web oficial de ANSES, clickear en \u201cAtenci\u00f3n Virtual\u201d e ingresar con CUIL y Clave de la Seguridad Social. En caso de no tener esta \u00faltima, se puede obtener en el momento.<\/p>\n<p class=\"paragraph\" data-mrf-recirculation=\"Links inline\">Asimismo, el tr\u00e1mite puede realizarse presencialmente en una oficina de ANSES, solicitando un turno con anticipaci\u00f3n.<\/p>\n","protected":false},"excerpt":{"rendered":"<p>La\u00a0Administraci\u00f3n Nacional de la Seguridad Social (ANSES)\u00a0asiste a los trabajadores en relaci\u00f3n de dependencia que pierden su\u00a0empleo\u00a0sin justa causa. El beneficio incluye a quienes son despedidos por finalizaci\u00f3n de contrato o por motivos externos, siempre que est\u00e9n contemplados dentro de la Ley de Contrato de Trabajo. La\u00a0Prestaci\u00f3n por Desempleo para Trabajadores en Relaci\u00f3n de Dependencia\u00a0de [&hellip;]<\/p>\n","protected":false},"author":2,"featured_media":31434,"comment_status":"open","ping_status":"open","sticky":false,"template":"","format":"standard","meta":{"footnotes":""},"categories":[77],"tags":[],"class_list":{"0":"post-31433","1":"post","2":"type-post","3":"status-publish","4":"format-standard","5":"has-post-thumbnail","7":"category-nacionales"},"_links":{"self":[{"href":"https:\/\/radiobitacora.com.ar\/web\/wp-json\/wp\/v2\/posts\/31433","targetHints":{"allow":["GET"]}}],"collection":[{"href":"https:\/\/radiobitacora.com.ar\/web\/wp-json\/wp\/v2\/posts"}],"about":[{"href":"https:\/\/radiobitacora.com.ar\/web\/wp-json\/wp\/v2\/types\/post"}],"author":[{"embeddable":true,"href":"https:\/\/radiobitacora.com.ar\/web\/wp-json\/wp\/v2\/users\/2"}],"replies":[{"embeddable":true,"href":"https:\/\/radiobitacora.com.ar\/web\/wp-json\/wp\/v2\/comments?post=31433"}],"version-history":[{"count":1,"href":"https:\/\/radiobitacora.com.ar\/web\/wp-json\/wp\/v2\/posts\/31433\/revisions"}],"predecessor-version":[{"id":31435,"href":"https:\/\/radiobitacora.com.ar\/web\/wp-json\/wp\/v2\/posts\/31433\/revisions\/31435"}],"wp:featuredmedia":[{"embeddable":true,"href":"https:\/\/radiobitacora.com.ar\/web\/wp-json\/wp\/v2\/media\/31434"}],"wp:attachment":[{"href":"https:\/\/radiobitacora.com.ar\/web\/wp-json\/wp\/v2\/media?parent=31433"}],"wp:term":[{"taxonomy":"category","embeddable":true,"href":"https:\/\/radiobitacora.com.ar\/web\/wp-json\/wp\/v2\/categories?post=31433"},{"taxonomy":"post_tag","embeddable":true,"href":"https:\/\/radiobitacora.com.ar\/web\/wp-json\/wp\/v2\/tags?post=31433"}],"curies":[{"name":"wp","href":"https:\/\/api.w.org\/{rel}","templated":true}]}}