{"id":31451,"date":"2026-03-16T11:24:45","date_gmt":"2026-03-16T14:24:45","guid":{"rendered":"https:\/\/radiobitacora.com.ar\/web\/?p=31451"},"modified":"2026-03-16T11:24:45","modified_gmt":"2026-03-16T14:24:45","slug":"las-universidades-publicas-comienzan-una-semana-de-protestas-que-complica-el-inicio-de-clases-por-la-cuestion-salarial","status":"publish","type":"post","link":"https:\/\/radiobitacora.com.ar\/web\/2026\/03\/16\/las-universidades-publicas-comienzan-una-semana-de-protestas-que-complica-el-inicio-de-clases-por-la-cuestion-salarial\/","title":{"rendered":"Las universidades p\u00fablicas comienzan una semana de protestas que complica el inicio de clases por la cuesti\u00f3n salarial"},"content":{"rendered":"<p class=\"paragraph\" data-mrf-recirculation=\"Links inline\">A partir de este\u00a0<b>lunes 16 de marzo<\/b>, la vuelta a clase en\u00a0<b>universidades p\u00fablicas<\/b>\u00a0de todo el pa\u00eds se ver\u00e1 truncada por coincidir con el inicio de una\u00a0<b>semana de protestas<\/b>\u00a0del Frente Sindical, que nuclea a las federaciones de\u00a0<b>docentes y no docentes<\/b>. En algunas casas de estudio y\u00a0<b>colegios preuniversitarios<\/b>\u00a0habr\u00e1\u00a0<b>paro<\/b> toda la semana, mientras que en otras habr\u00e1 movilizaciones, acciones de visibilizaci\u00f3n y otras medidas de fuerza.<\/p>\n<p class=\"paragraph\" data-mrf-recirculation=\"Links inline\">Se trata de un nuevo cap\u00edtulo del\u00a0<a title=\"https:\/\/www.infobae.com\/tag\/conflicto-universitario\/\" href=\"https:\/\/www.infobae.com\/tag\/conflicto-universitario\/\" target=\"_blank\" rel=\"noopener noreferrer\" data-mrf-link=\"https:\/\/www.infobae.com\/tag\/conflicto-universitario\/\"><i>conflicto universitario<\/i><\/a>\u00a0que comenz\u00f3 en\u00a0<b>2024<\/b>\u00a0y que afecta a m\u00e1s de\u00a0<b>2 millones de estudiantes<\/b>\u00a0de las universidades estatales. Los gremios denuncian una\u00a0<b>p\u00e9rdida salarial del 40%<\/b>\u00a0en los dos a\u00f1os del gobierno del presidente\u00a0<b>Javier Milei<\/b>, cuestionan que el Poder Ejecutivo siga sin aplicar la\u00a0<b>Ley de Financiamiento Universitario<\/b>\u00a0y reclaman la convocatoria a\u00a0<b>paritarias<\/b>.<\/p>\n<p class=\"paragraph\" data-mrf-recirculation=\"Links inline\">Entre diciembre de 2023 y diciembre de 2025, el\u00a0<b>presupuesto<\/b>\u00a0<b>nacional<\/b>\u00a0para la educaci\u00f3n superior\u00a0<b>cay\u00f3 28,9% en t\u00e9rminos reales<\/b>, seg\u00fan datos del Presupuesto Abierto del Ministerio de Econom\u00eda. Los salarios representan alrededor del\u00a0<b>90%<\/b> del presupuesto del sector.<\/p>\n<p class=\"paragraph\" data-mrf-recirculation=\"Links inline\">La\u00a0<a title=\"https:\/\/www.infobae.com\/tag\/ley-de-financiamiento-universitario\/\" href=\"https:\/\/www.infobae.com\/tag\/ley-de-financiamiento-universitario\/\" target=\"_blank\" rel=\"noopener noreferrer\" data-mrf-link=\"https:\/\/www.infobae.com\/tag\/ley-de-financiamiento-universitario\/\"><i>Ley de Financiamiento Universitario<\/i><\/a>\u00a0(<b>N\u00b0 27.795<\/b>) obliga al Estado a recomponer\u00a0<b>salarios<\/b>\u00a0de docentes y no docentes y las\u00a0<b>becas estudiantiles<\/b>\u00a0en funci\u00f3n de la inflaci\u00f3n registrada desde diciembre de 2023, exige actualizaciones en\u00a0<b>gastos de funcionamiento<\/b>\u00a0y partidas para\u00a0<b>hospitales, ciencia y t\u00e9cnica<\/b>, y ordena la convocatoria peri\u00f3dica de\u00a0<b>paritarias<\/b>\u00a0con mecanismos de\u00a0<b>ajuste autom\u00e1tico<\/b>. Su impacto fiscal equivale al\u00a0<b>0,23% del PBI<\/b>, seg\u00fan un estudio de la Oficina de Presupuesto del Congreso.<\/p>\n<p class=\"paragraph\" data-mrf-recirculation=\"Links inline\">Aquella ley se aprob\u00f3 en\u00a0<b>octubre de 2025<\/b>\u00a0luego de seis\u00a0<b>votaciones<\/b>\u00a0legislativas, tres\u00a0<b>marchas<\/b>\u00a0federales y dos\u00a0<b>vetos<\/b>\u00a0presidenciales \u2013el primero exitoso, el segundo no\u2013. El Gobierno suspendi\u00f3 su aplicaci\u00f3n en el mismo\u00a0<b>decreto<\/b>\u00a0con que la promulg\u00f3, pero el\u00a0<b>Consejo Interuniversitario Nacional<\/b>\u00a0(CIN) present\u00f3 una\u00a0<b>cautelar<\/b>. En diciembre, la\u00a0<b>Justicia<\/b> aval\u00f3 el planteo y exigi\u00f3 la aplicaci\u00f3n \u201cinmediata\u201d de la ley.<\/p>\n<p class=\"paragraph\" data-mrf-recirculation=\"Links inline\">En\u00a0<b>febrero<\/b>\u00a0el Gobierno apel\u00f3 e intent\u00f3 recusar al juez\u00a0<b>Mart\u00edn Cormick<\/b>, que interviene en la causa, pero ese intento fue rechazado la semana pasada por la\u00a0<b>Sala III<\/b>\u00a0de la C\u00e1mara Contencioso Administrativo Federal. En diciembre el Gobierno tambi\u00e9n\u00a0<b>hab\u00eda intentado derogar la ley\u00a0<\/b>por medio de un art\u00edculo del\u00a0<b>Presupuesto 2026<\/b>, pero no tuvo los votos suficientes en el Congreso.<\/p>\n<p class=\"paragraph\" data-mrf-recirculation=\"Links inline\">\u201cLa acci\u00f3n judicial que present\u00f3 el CIN sigue su curso y tiene\u00a0<b>un primer fallo favorable<\/b>\u00a0en relaci\u00f3n con los salarios de docentes y no docentes y las becas estudiantiles. Hoy necesitamos que el Gobierno se siente en\u00a0<b>paritarias<\/b>\u00a0para empezar a actualizar estos valores\u201d, dijo\u00a0<b>Oscar Alpa<\/b>, presidente del\u00a0<b>CIN<\/b>\u00a0y rector de la\u00a0<b>Universidad Nacional de La Pampa<\/b>\u00a0(UNLPam), a\u00a0<b>Infobae<\/b>.<\/p>\n<div class=\"visual__image\"><picture><source srcset=\"https:\/\/www.infobae.com\/resizer\/v2\/QT5PAY6V5JEC5JILVZZZZKGOUQ.jpg?auth=9981b743def56c46e4d19e580efb4a2a811dd0510cb63c16a8313b2ff9b27d22&amp;smart=true&amp;width=992&amp;height=661&amp;quality=85\" media=\"(min-width: 1000px)\" \/><source srcset=\"https:\/\/www.infobae.com\/resizer\/v2\/QT5PAY6V5JEC5JILVZZZZKGOUQ.jpg?auth=9981b743def56c46e4d19e580efb4a2a811dd0510cb63c16a8313b2ff9b27d22&amp;smart=true&amp;width=768&amp;height=512&amp;quality=85\" media=\"(min-width: 768px)\" \/><source srcset=\"https:\/\/www.infobae.com\/resizer\/v2\/QT5PAY6V5JEC5JILVZZZZKGOUQ.jpg?auth=9981b743def56c46e4d19e580efb4a2a811dd0510cb63c16a8313b2ff9b27d22&amp;smart=true&amp;width=577&amp;height=385&amp;quality=85\" media=\"(min-width: 580px)\" \/><source srcset=\"https:\/\/www.infobae.com\/resizer\/v2\/QT5PAY6V5JEC5JILVZZZZKGOUQ.jpg?auth=9981b743def56c46e4d19e580efb4a2a811dd0510cb63c16a8313b2ff9b27d22&amp;smart=true&amp;width=420&amp;height=280&amp;quality=85\" media=\"(min-width: 350px)\" \/><source srcset=\"https:\/\/www.infobae.com\/resizer\/v2\/QT5PAY6V5JEC5JILVZZZZKGOUQ.jpg?auth=9981b743def56c46e4d19e580efb4a2a811dd0510cb63c16a8313b2ff9b27d22&amp;smart=true&amp;width=350&amp;height=233&amp;quality=85\" media=\"(min-width: 80px)\" \/><img loading=\"lazy\" decoding=\"async\" class=\"global-image\" src=\"https:\/\/www.infobae.com\/resizer\/v2\/QT5PAY6V5JEC5JILVZZZZKGOUQ.jpg?auth=9981b743def56c46e4d19e580efb4a2a811dd0510cb63c16a8313b2ff9b27d22&amp;smart=true&amp;width=350&amp;height=233&amp;quality=85\" alt=\"Los sindicatos y los rectores\" width=\"594\" height=\"396\" \/><\/picture>Los sindicatos y los rectores denuncian que tanto docentes como no docentes tuvieron una p\u00e9rdida salarial incluso mayor que la del resto de los trabajadores estatales entre 2023 y 2025. Fuente: CIEN<\/div>\n<p class=\"paragraph\" data-mrf-recirculation=\"Links inline\">En paralelo a los intentos por neutralizar su aplicaci\u00f3n, a fines de\u00a0<b>febrero,<\/b>\u00a0el Gobierno nacional anunci\u00f3 un\u00a0<b>proyecto alternativo<\/b>\u00a0que no deroga la ley aprobada, pero s\u00ed\u00a0<b>modifica<\/b>\u00a0varios de sus puntos centrales. El anuncio ocurri\u00f3 luego de una reuni\u00f3n entre las autoridades del CIN y la\u00a0<b>Secretar\u00eda de Educaci\u00f3n<\/b>\u00a0\u2013el secretario\u00a0<b>Carlos Torrendell<\/b>\u00a0y el subsecretario de Pol\u00edticas Universitarias,\u00a0<b>Alejandro \u00c1lvarez<\/b>\u2013.<\/p>\n<p class=\"paragraph\" data-mrf-recirculation=\"Links inline\">Las mayores diferencias entre la ley aprobada y la reforma que impulsa el Ejecutivo se refieren a la\u00a0<b>cuesti\u00f3n salarial<\/b>: mientras el proyecto vigente implica un aumento del\u00a0<b>51%<\/b>\u00a0para docentes y no docentes \u2013para recuperar lo perdido desde diciembre de 2023\u2013, la iniciativa oficialista ofrece un\u00a0<b>12,3%<\/b>\u00a0en tres cuotas en marzo, julio y septiembre. La \u00faltima actualizaci\u00f3n del Relevamiento de Expectativas de Mercado (<b>REM<\/b>) del BCRA estim\u00f3 una\u00a0<b>inflaci\u00f3n del 26,1%<\/b>\u00a0para este a\u00f1o.<\/p>\n<p class=\"paragraph\" data-mrf-recirculation=\"Links inline\">El proyecto del Gobierno mantiene la\u00a0<b>convocatoria peri\u00f3dica de paritarias<\/b>\u00a0\u2013con un plazo m\u00e1ximo de tres meses\u2013, pero elimina la cl\u00e1usula que garantiza la\u00a0<b>actualizaci\u00f3n mensual<\/b>\u00a0por inflaci\u00f3n. Desde 2024, todas las actualizaciones para el sector fueron unilaterales y\u00a0<b>rechazadas por \u201cinsuficientes\u201d<\/b>.<\/p>\n<p class=\"paragraph\" data-mrf-recirculation=\"Links inline\">La iniciativa del Ejecutivo contempla la actualizaci\u00f3n de los\u00a0<b>gastos de funcionamiento<\/b>\u00a0si la inflaci\u00f3n supera el\u00a0<b>14,5%<\/b>\u00a0\u2013seg\u00fan la cifra prevista en el Presupuesto 2026\u2013, pero\u00a0<b>no reconoce la p\u00e9rdida de 2024<\/b>. Tambi\u00e9n prev\u00e9 una partida de\u00a0<b>$80.000 millones para los hospitales universitarios<\/b>, pero desestima los aumentos de partidas para becas, ciencia y extensi\u00f3n. Aunque en febrero se especul\u00f3 con que la ley se tratara en las sesiones extraordinarias,\u00a0<b>a\u00fan no hay fecha\u00a0<\/b>para el debate.<\/p>\n<div class=\"visual__image\"><picture><source srcset=\"https:\/\/www.infobae.com\/resizer\/v2\/RBGGHDG2KNAAPF2BL3ZIPQPDE4.jpg?auth=fbd0d29d7a36ff81552343dea79786b639ef3d03c2650924cecbfb6e6f4af471&amp;smart=true&amp;width=992&amp;height=558&amp;quality=85\" media=\"(min-width: 1000px)\" \/><source srcset=\"https:\/\/www.infobae.com\/resizer\/v2\/RBGGHDG2KNAAPF2BL3ZIPQPDE4.jpg?auth=fbd0d29d7a36ff81552343dea79786b639ef3d03c2650924cecbfb6e6f4af471&amp;smart=true&amp;width=768&amp;height=432&amp;quality=85\" media=\"(min-width: 768px)\" \/><source srcset=\"https:\/\/www.infobae.com\/resizer\/v2\/RBGGHDG2KNAAPF2BL3ZIPQPDE4.jpg?auth=fbd0d29d7a36ff81552343dea79786b639ef3d03c2650924cecbfb6e6f4af471&amp;smart=true&amp;width=577&amp;height=325&amp;quality=85\" media=\"(min-width: 580px)\" \/><source srcset=\"https:\/\/www.infobae.com\/resizer\/v2\/RBGGHDG2KNAAPF2BL3ZIPQPDE4.jpg?auth=fbd0d29d7a36ff81552343dea79786b639ef3d03c2650924cecbfb6e6f4af471&amp;smart=true&amp;width=420&amp;height=236&amp;quality=85\" media=\"(min-width: 350px)\" \/><source srcset=\"https:\/\/www.infobae.com\/resizer\/v2\/RBGGHDG2KNAAPF2BL3ZIPQPDE4.jpg?auth=fbd0d29d7a36ff81552343dea79786b639ef3d03c2650924cecbfb6e6f4af471&amp;smart=true&amp;width=350&amp;height=197&amp;quality=85\" media=\"(min-width: 80px)\" \/><img loading=\"lazy\" decoding=\"async\" class=\"global-image\" src=\"https:\/\/www.infobae.com\/resizer\/v2\/RBGGHDG2KNAAPF2BL3ZIPQPDE4.jpg?auth=fbd0d29d7a36ff81552343dea79786b639ef3d03c2650924cecbfb6e6f4af471&amp;smart=true&amp;width=350&amp;height=197&amp;quality=85\" alt=\"En estos dos a\u00f1os hubo\" width=\"1920\" height=\"1080\" \/><\/picture>En estos dos a\u00f1os hubo tres marchas federales para reclamar por el presupuesto universitario. Desde el sector no descartan convocar una nueva movilizaci\u00f3n en todo el pa\u00eds. REUTERS\/Agustin Marcarian<\/div>\n<h2 class=\"header headline-class-h2 headline\">Un reclamo que persiste<\/h2>\n<p class=\"paragraph\" data-mrf-recirculation=\"Links inline\">Las federaciones de docentes y no docentes que integran el\u00a0<b>Frente Sindical de las Universidades Nacionales<\/b>\u00a0expresaron un rechazo rotundo al proyecto del Gobierno: reclaman el cumplimiento de la\u00a0<b>Ley N\u00b0 27.795<\/b>. En ese marco, anunciaron las medidas de fuerza para esta semana y advirtieron que \u201ccomienza un ciclo lectivo que\u00a0<b>no va a poder desarrollarse con normalidad<\/b>\u201d.<\/p>\n<p class=\"paragraph\" data-mrf-recirculation=\"Links inline\"><b>Conadu\u00a0<\/b>y<b>\u00a0Fagdut<\/b>\u00a0anunciaron\u00a0<b>paros durante toda la semana\u00a0<\/b>del 16 al 22 de marzo; Conadu tambi\u00e9n har\u00e1\u00a0<b>huelgas de cinco d\u00edas<\/b>\u00a0las \u00faltimas semanas de marzo y abril.\u00a0<b>Fatun<\/b>, la federaci\u00f3n que nuclea a los no docentes de 55 universidades p\u00fablicas, ya confirm\u00f3\u00a0<b>un paro nacional por semana<\/b>, empezando el lunes 16 de marzo y terminando el jueves 23 de abril.\u00a0<b>Fedun<\/b>\u00a0adhiri\u00f3 al paro el lunes 16 y luego impulsar\u00e1 otras medidas de protesta.<\/p>\n<p class=\"paragraph\" data-mrf-recirculation=\"Links inline\">Entre los rectores hay malestar con el proyecto oficialista de reforma, pero algunos reconocen \u2013en off\u2013 que puede ser un \u201c<b>mal menor<\/b>\u201d frente a la posibilidad de que el Gobierno impulse de nuevo la derogaci\u00f3n de la Ley de Financiamiento Universitario, en un escenario en que la\u00a0<b>composici\u00f3n del Congreso<\/b>\u00a0es favorable a las necesidades del Ejecutivo.<\/p>\n<p class=\"paragraph\" data-mrf-recirculation=\"Links inline\">\u201cTodos queremos que el Gobierno cumpla la Ley de Financiamiento Universitario. Pero ya no podemos recurrir al Congreso;\u00a0<b>el Ejecutivo ahora tiene los n\u00fameros para sostener un veto<\/b>. Entonces algunos preferimos que se apruebe la modificaci\u00f3n que propone el oficialismo, para poder al menos recuperar lo perdido en 2025, abrir paritarias y asegurar la actualizaci\u00f3n de los gastos de funcionamiento y las partidas para los hospitales\u201d, dijo a\u00a0<b>Infobae<\/b>\u00a0una alta autoridad universitaria.<\/p>\n<p class=\"paragraph\" data-mrf-recirculation=\"Links inline\">\u201cTenemos que elegir entre la nada y una opci\u00f3n que es injusta, pero que al menos da\u00a0<b>algo de certidumbre<\/b>\u00a0hacia adelante. Si no podemos\u00a0<b>garantizar el comienzo de clases<\/b>, muchos estudiantes van a empezar a buscar otras opciones. Y muchos profesores tambi\u00e9n\u201d, agreg\u00f3.<\/p>\n<p class=\"paragraph\" data-mrf-recirculation=\"Links inline\">Esta lectura no es compartida por los sindicatos. \u201cFrente al aumento del 51% que deber\u00eda darnos el Gobierno, un 12,3% en tres cuotas no es un mal menor:\u00a0<b>es una cifra que volver\u00e1 a perder<\/b>\u00a0con la inflaci\u00f3n de este a\u00f1o. No representa ning\u00fan atenuante para el\u00a0<b>enorme malestar\u00a0<\/b>que tienen los trabajadores de las universidades y que surge en todas las asambleas\u201d, asegur\u00f3\u00a0<b>Clara Chevalier<\/b>, secretaria general de\u00a0<b>Conadu<\/b>, a<b>\u00a0Infobae.<\/b><\/p>\n<div class=\"visual__image\"><picture><source srcset=\"https:\/\/www.infobae.com\/resizer\/v2\/BXGNCKRMPVFWZB63AQ7BVDHLVU.jpg?auth=eec96dee10ec4b101b8c636347b1ee67ae6ef944c0fda122975b0bb4c7fcb56c&amp;smart=true&amp;width=992&amp;height=629&amp;quality=85\" media=\"(min-width: 1000px)\" \/><source srcset=\"https:\/\/www.infobae.com\/resizer\/v2\/BXGNCKRMPVFWZB63AQ7BVDHLVU.jpg?auth=eec96dee10ec4b101b8c636347b1ee67ae6ef944c0fda122975b0bb4c7fcb56c&amp;smart=true&amp;width=768&amp;height=487&amp;quality=85\" media=\"(min-width: 768px)\" \/><source srcset=\"https:\/\/www.infobae.com\/resizer\/v2\/BXGNCKRMPVFWZB63AQ7BVDHLVU.jpg?auth=eec96dee10ec4b101b8c636347b1ee67ae6ef944c0fda122975b0bb4c7fcb56c&amp;smart=true&amp;width=577&amp;height=366&amp;quality=85\" media=\"(min-width: 580px)\" \/><source srcset=\"https:\/\/www.infobae.com\/resizer\/v2\/BXGNCKRMPVFWZB63AQ7BVDHLVU.jpg?auth=eec96dee10ec4b101b8c636347b1ee67ae6ef944c0fda122975b0bb4c7fcb56c&amp;smart=true&amp;width=420&amp;height=266&amp;quality=85\" media=\"(min-width: 350px)\" \/><source srcset=\"https:\/\/www.infobae.com\/resizer\/v2\/BXGNCKRMPVFWZB63AQ7BVDHLVU.jpg?auth=eec96dee10ec4b101b8c636347b1ee67ae6ef944c0fda122975b0bb4c7fcb56c&amp;smart=true&amp;width=350&amp;height=222&amp;quality=85\" media=\"(min-width: 80px)\" \/><img loading=\"lazy\" decoding=\"async\" class=\"global-image\" src=\"https:\/\/www.infobae.com\/resizer\/v2\/BXGNCKRMPVFWZB63AQ7BVDHLVU.jpg?auth=eec96dee10ec4b101b8c636347b1ee67ae6ef944c0fda122975b0bb4c7fcb56c&amp;smart=true&amp;width=350&amp;height=222&amp;quality=85\" alt=\"En los dos \u00faltimos a\u00f1os\" width=\"598\" height=\"379\" \/><\/picture>En los dos \u00faltimos a\u00f1os se redujo la cantidad de beneficiarios de las becas Progresar para estudiantes universitarios. Adem\u00e1s, el poder adquisitivo de la beca disminuy\u00f3 casi a la mitad. Fuente: CIEN<\/div>\n<p class=\"paragraph\" data-mrf-recirculation=\"Links inline\">Con respecto a las\u00a0<b>becas estudiantiles<\/b>, un estudio del\u00a0<b>Centro de Investigaci\u00f3n de Econom\u00eda Nacional<\/b>\u00a0(CIEN) relev\u00f3 que entre 2023 y 2025 se redujo un\u00a0<b>62,4%<\/b>\u00a0la cantidad de beneficiarios de las becas\u00a0<b>Progresar<\/b>, mientras que el poder adquisitivo cay\u00f3\u00a0<b>46,5%<\/b>. Para volver a los niveles de diciembre de 2023, la inversi\u00f3n en este rubro deber\u00eda crecer\u00a0<b>63%<\/b>.<\/p>\n<p class=\"paragraph\" data-mrf-recirculation=\"Links inline\">El mi\u00e9rcoles pasado, el\u00a0<b>Consejo Superior<\/b>\u00a0de la\u00a0<b>Universidad de Buenos Aires<\/b>\u00a0volvi\u00f3 a pedir a los ministerios de Capital Humano y de Econom\u00eda que apliquen la ley y ratific\u00f3 la\u00a0<b>emergencia presupuestaria y salarial<\/b>. Tambi\u00e9n advirti\u00f3 que el presupuesto nacional 2026 no solo desconoce la Ley de Financiamiento Universitario: tampoco prev\u00e9 la actualizaci\u00f3n de los gastos de funcionamiento.<\/p>\n<p class=\"paragraph\" data-mrf-recirculation=\"Links inline\">\u201cLa aplicaci\u00f3n de esta ley permitir\u00eda contar con un presupuesto adecuado para garantizar las funciones de\u00a0<b>docencia, salud, investigaci\u00f3n y extensi\u00f3n<\/b>\u00a0en todo el sistema universitario nacional\u201d, se\u00f1al\u00f3 la resoluci\u00f3n del Consejo Superior. Desde la UBA tambi\u00e9n resaltaron la situaci\u00f3n cr\u00edtica de los\u00a0<b>seis hospitales e institutos universitarios<\/b>\u00a0que no solo atienden a la poblaci\u00f3n sino que tienen un rol clave en la formaci\u00f3n de profesionales de la salud.<\/p>\n<p class=\"paragraph\" data-mrf-recirculation=\"Links inline\">El\u00a0<b>desgaste<\/b>\u00a0por el conflicto y por el impacto de los recortes se siente en las universidades. Desde la\u00a0<b>UBA<\/b>\u00a0se\u00f1alan que, si bien la situaci\u00f3n no afect\u00f3 la inscripci\u00f3n al\u00a0<b>CBC<\/b>\u00a0\u2013con unos 50.000 ingresantes, cifra similar a la de 2025\u2013, hay facultades como\u00a0<b>Agronom\u00eda<\/b>\u00a0que perdieron el\u00a0<b>10% de los profesores con dedicaci\u00f3n exclusiva<\/b>. A la vez, reconocen que es dif\u00edcil cuantificar el impacto del deterioro salarial, porque muchos profesores no\u00a0<b>renuncian<\/b>\u00a0sino que se toman\u00a0<b>licencia<\/b>\u00a0o\u00a0<b>reducen<\/b>\u00a0la dedicaci\u00f3n para sumar otros trabajos.<\/p>\n<div class=\"visual__image\"><picture><source srcset=\"https:\/\/www.infobae.com\/resizer\/v2\/QUA7DGWBVNG5RJFKE7EHQ7KA7E.jpeg?auth=6677c191593fc6063ae0e576e6246488830cada605f785e3c4c9baa400f4ea0e&amp;smart=true&amp;width=992&amp;height=660&amp;quality=85\" media=\"(min-width: 1000px)\" \/><source srcset=\"https:\/\/www.infobae.com\/resizer\/v2\/QUA7DGWBVNG5RJFKE7EHQ7KA7E.jpeg?auth=6677c191593fc6063ae0e576e6246488830cada605f785e3c4c9baa400f4ea0e&amp;smart=true&amp;width=768&amp;height=511&amp;quality=85\" media=\"(min-width: 768px)\" \/><source srcset=\"https:\/\/www.infobae.com\/resizer\/v2\/QUA7DGWBVNG5RJFKE7EHQ7KA7E.jpeg?auth=6677c191593fc6063ae0e576e6246488830cada605f785e3c4c9baa400f4ea0e&amp;smart=true&amp;width=577&amp;height=384&amp;quality=85\" media=\"(min-width: 580px)\" \/><source srcset=\"https:\/\/www.infobae.com\/resizer\/v2\/QUA7DGWBVNG5RJFKE7EHQ7KA7E.jpeg?auth=6677c191593fc6063ae0e576e6246488830cada605f785e3c4c9baa400f4ea0e&amp;smart=true&amp;width=420&amp;height=280&amp;quality=85\" media=\"(min-width: 350px)\" \/><source srcset=\"https:\/\/www.infobae.com\/resizer\/v2\/QUA7DGWBVNG5RJFKE7EHQ7KA7E.jpeg?auth=6677c191593fc6063ae0e576e6246488830cada605f785e3c4c9baa400f4ea0e&amp;smart=true&amp;width=350&amp;height=233&amp;quality=85\" media=\"(min-width: 80px)\" \/><img loading=\"lazy\" decoding=\"async\" class=\"global-image\" src=\"https:\/\/www.infobae.com\/resizer\/v2\/QUA7DGWBVNG5RJFKE7EHQ7KA7E.jpeg?auth=6677c191593fc6063ae0e576e6246488830cada605f785e3c4c9baa400f4ea0e&amp;smart=true&amp;width=350&amp;height=233&amp;quality=85\" alt=\"Esta semana el Consejo Superior\" width=\"1280\" height=\"852\" \/><\/picture>Esta semana el Consejo Superior de la UBA reclam\u00f3 el cumplimiento de la Ley de Financiamiento Universitario y ratific\u00f3 la emergencia presupuestaria y salarial.<\/div>\n<p class=\"paragraph\" data-mrf-recirculation=\"Links inline\">Pese a las diferencias en torno a algunas cuestiones, desde el\u00a0<b>Frente Sindical<\/b>\u00a0\u2013que representa a los docentes y no docentes\u2013, el\u00a0<b>CIN<\/b>\u00a0\u2013que nuclea a los rectores\u2013 y la\u00a0<b>Federaci\u00f3n Universitaria Argentina<\/b>\u00a0\u2013que re\u00fane a los centros de estudiantes\u2013 aseguraron que mantienen el di\u00e1logo y la coordinaci\u00f3n de medidas ante la situaci\u00f3n presupuestaria. Desde la FUA y el Frente Sindical no descartan convocar a una\u00a0<b>cuarta marcha federal<\/b>; la fecha podr\u00eda ser el 23 de abril, a dos a\u00f1os de la primera movilizaci\u00f3n.<\/p>\n<p class=\"paragraph\" data-mrf-recirculation=\"Links inline\">\u201cHasta ahora hemos logrado mantener\u00a0<b>un bloque unido<\/b>\u00a0de todos los actores del sistema universitario. Creo que todos tenemos la voluntad de seguir construyendo en ese marco\u201d, afirm\u00f3\u00a0<b>Joaqu\u00edn Carvalho<\/b>, presidente de la\u00a0<b>FUA<\/b>\u00a0y estudiante de la\u00a0<b>Universidad Nacional de Rosario\u00a0<\/b>(UNR). \u201cEl Gobierno no da respuesta a la necesidad de invertir en educaci\u00f3n, y est\u00e1 empujando la situaci\u00f3n hacia\u00a0<b>un escenario de gran conflictividad<\/b>\u201d, consider\u00f3 Carvalho.<\/p>\n<p class=\"paragraph\" data-mrf-recirculation=\"Links inline\">Varias universidades se preparan para\u00a0<b>elecciones estudiantiles<\/b>\u00a0en el primer cuatrimestre, entre ellas la UBA, la UNR, la UNC y la Universidad Nacional de Cuyo. Tambi\u00e9n el CIN renovar\u00e1 sus autoridades el pr\u00f3ximo\u00a0<b>27 de marzo<\/b>, cuando se re\u00fana el plenario en la ciudad de\u00a0<b>Santa Rosa<\/b>. Se espera que asuma la presidencia\u00a0<b>Franco Bartolacci<\/b>, actual vicepresidente y rector de la UNR; lo secundar\u00e1 un rector del bloque peronista del CIN.<\/p>\n<p class=\"paragraph\" data-mrf-recirculation=\"Links inline\">Despu\u00e9s de<b>\u00a0dos a\u00f1os<\/b>, todo indica que el\u00a0<b>conflicto por el presupuesto<\/b>\u00a0volver\u00e1 a dominar la agenda de las universidades en 2026. En un escenario que, adem\u00e1s de los recortes, estuvo signado por acusaciones de\u00a0<b>adoctrinamiento<\/b>\u00a0y\u00a0<b>falta de transparencia<\/b>, varios rectores lamentaron que el di\u00e1logo con las autoridades nacionales a\u00fan no haya podido enfocarse en pol\u00edticas constructivas para el\u00a0<b>futuro<\/b>\u00a0del sistema. Las bajas tasas de graduaci\u00f3n, la escasa articulaci\u00f3n con la escuela secundaria, la irrupci\u00f3n de la inteligencia artificial, la actualizaci\u00f3n de las carreras, la evaluaci\u00f3n de la calidad educativa, la necesidad de fortalecer la conexi\u00f3n con las demandas productivas y de profundizar la internacionalizaci\u00f3n aparecen como algunos de los\u00a0<b>desaf\u00edos pendientes<\/b>.<\/p>\n","protected":false},"excerpt":{"rendered":"<p>A partir de este\u00a0lunes 16 de marzo, la vuelta a clase en\u00a0universidades p\u00fablicas\u00a0de todo el pa\u00eds se ver\u00e1 truncada por coincidir con el inicio de una\u00a0semana de protestas\u00a0del Frente Sindical, que nuclea a las federaciones de\u00a0docentes y no docentes. En algunas casas de estudio y\u00a0colegios preuniversitarios\u00a0habr\u00e1\u00a0paro toda la semana, mientras que en otras habr\u00e1 movilizaciones, [&hellip;]<\/p>\n","protected":false},"author":2,"featured_media":31452,"comment_status":"open","ping_status":"open","sticky":false,"template":"","format":"standard","meta":{"footnotes":""},"categories":[88],"tags":[],"class_list":{"0":"post-31451","1":"post","2":"type-post","3":"status-publish","4":"format-standard","5":"has-post-thumbnail","7":"category-educacion"},"_links":{"self":[{"href":"https:\/\/radiobitacora.com.ar\/web\/wp-json\/wp\/v2\/posts\/31451","targetHints":{"allow":["GET"]}}],"collection":[{"href":"https:\/\/radiobitacora.com.ar\/web\/wp-json\/wp\/v2\/posts"}],"about":[{"href":"https:\/\/radiobitacora.com.ar\/web\/wp-json\/wp\/v2\/types\/post"}],"author":[{"embeddable":true,"href":"https:\/\/radiobitacora.com.ar\/web\/wp-json\/wp\/v2\/users\/2"}],"replies":[{"embeddable":true,"href":"https:\/\/radiobitacora.com.ar\/web\/wp-json\/wp\/v2\/comments?post=31451"}],"version-history":[{"count":1,"href":"https:\/\/radiobitacora.com.ar\/web\/wp-json\/wp\/v2\/posts\/31451\/revisions"}],"predecessor-version":[{"id":31453,"href":"https:\/\/radiobitacora.com.ar\/web\/wp-json\/wp\/v2\/posts\/31451\/revisions\/31453"}],"wp:featuredmedia":[{"embeddable":true,"href":"https:\/\/radiobitacora.com.ar\/web\/wp-json\/wp\/v2\/media\/31452"}],"wp:attachment":[{"href":"https:\/\/radiobitacora.com.ar\/web\/wp-json\/wp\/v2\/media?parent=31451"}],"wp:term":[{"taxonomy":"category","embeddable":true,"href":"https:\/\/radiobitacora.com.ar\/web\/wp-json\/wp\/v2\/categories?post=31451"},{"taxonomy":"post_tag","embeddable":true,"href":"https:\/\/radiobitacora.com.ar\/web\/wp-json\/wp\/v2\/tags?post=31451"}],"curies":[{"name":"wp","href":"https:\/\/api.w.org\/{rel}","templated":true}]}}