{"id":31454,"date":"2026-03-16T11:29:33","date_gmt":"2026-03-16T14:29:33","guid":{"rendered":"https:\/\/radiobitacora.com.ar\/web\/?p=31454"},"modified":"2026-03-16T11:29:33","modified_gmt":"2026-03-16T14:29:33","slug":"kickboxing-yoga-y-conexion-mente-cuerpo-los-pilares-del-entrenamiento-de-jean-claude-van-damme-a-los-65-anos","status":"publish","type":"post","link":"https:\/\/radiobitacora.com.ar\/web\/2026\/03\/16\/kickboxing-yoga-y-conexion-mente-cuerpo-los-pilares-del-entrenamiento-de-jean-claude-van-damme-a-los-65-anos\/","title":{"rendered":"Kickboxing, yoga y conexi\u00f3n mente-cuerpo: los pilares del entrenamiento de Jean-Claude Van Damme a los 65 a\u00f1os"},"content":{"rendered":"<p class=\"paragraph\" data-mrf-recirculation=\"Links inline\">El ic\u00f3nico actor\u00a0<a title=\"https:\/\/www.infobae.com\/tag\/jean-claude-van-damme\/\" href=\"https:\/\/www.infobae.com\/tag\/jean-claude-van-damme\/\" target=\"_blank\" rel=\"noopener noreferrer\" data-mrf-link=\"https:\/\/www.infobae.com\/tag\/jean-claude-van-damme\/\"><b>Jean-Claude Van Damme<\/b><\/a>\u00a0mantiene su impactante condici\u00f3n f\u00edsica a los\u00a0<b>65 a\u00f1os<\/b>, adoptando una filosof\u00eda de entrenamiento basada en la\u00a0<b>flexibilidad<\/b>, la\u00a0<b>movilidad<\/b>\u00a0y el\u00a0<b>control mental del cuerpo<\/b>, seg\u00fan detalla a\u00a0<i>Men\u2019s Health<\/i>. Su m\u00e9todo ha evolucionado con el tiempo, alej\u00e1ndose de los entrenamientos extremos de juventud para priorizar rutinas adaptadas a la longevidad.<\/p>\n<p class=\"paragraph\" data-mrf-recirculation=\"Links inline\">Jean-Claude Van Damme se mantiene en forma a los 65 a\u00f1os gracias a un\u00a0<b>enfoque en ejercicios de cargas ligeras, repeticiones controladas, movimientos de yoga y t\u00e9cnicas isom\u00e9tricas<\/b>. Estos pilares, junto con el \u00e9nfasis en el equilibrio mente-cuerpo y cardio regular, le permiten preservar la fuerza y movilidad sin comprometer sus articulaciones.<\/p>\n<p class=\"paragraph\" data-mrf-recirculation=\"Links inline\">Nacido en B\u00e9lgica, Van Damme se inclin\u00f3 por el deporte desde joven. Comenz\u00f3 a practicar\u00a0<b>karate Shotokan<\/b>\u00a0a los 10 a\u00f1os y gan\u00f3 el\u00a0<b>t\u00edtulo de Mr. B\u00e9lgica de culturismo en 1978<\/b>. A los 20 a\u00f1os, obtuvo el cintur\u00f3n negro y particip\u00f3 en combates de kickboxing de semicontacto, representando a B\u00e9lgica en el\u00a0<b>Campeonato Europeo de 1979<\/b>. Tras debutar en\u00a0<b>Hollywood<\/b>, su imagen qued\u00f3 asociada a pel\u00edculas de acci\u00f3n donde luc\u00eda un f\u00edsico musculoso y \u00e1gil.<\/p>\n<div class=\"visual__image\"><picture><source srcset=\"https:\/\/www.infobae.com\/resizer\/v2\/22XKOO5WONENBJFVPGC2CWMY6A.jpg?auth=de008e4fe727d3c9035816332c464f3cf642b58d6774118225596e99e865368c&amp;smart=true&amp;width=992&amp;height=557&amp;quality=85\" media=\"(min-width: 1000px)\" \/><source srcset=\"https:\/\/www.infobae.com\/resizer\/v2\/22XKOO5WONENBJFVPGC2CWMY6A.jpg?auth=de008e4fe727d3c9035816332c464f3cf642b58d6774118225596e99e865368c&amp;smart=true&amp;width=768&amp;height=432&amp;quality=85\" media=\"(min-width: 768px)\" \/><source srcset=\"https:\/\/www.infobae.com\/resizer\/v2\/22XKOO5WONENBJFVPGC2CWMY6A.jpg?auth=de008e4fe727d3c9035816332c464f3cf642b58d6774118225596e99e865368c&amp;smart=true&amp;width=577&amp;height=324&amp;quality=85\" media=\"(min-width: 580px)\" \/><source srcset=\"https:\/\/www.infobae.com\/resizer\/v2\/22XKOO5WONENBJFVPGC2CWMY6A.jpg?auth=de008e4fe727d3c9035816332c464f3cf642b58d6774118225596e99e865368c&amp;smart=true&amp;width=420&amp;height=236&amp;quality=85\" media=\"(min-width: 350px)\" \/><source srcset=\"https:\/\/www.infobae.com\/resizer\/v2\/22XKOO5WONENBJFVPGC2CWMY6A.jpg?auth=de008e4fe727d3c9035816332c464f3cf642b58d6774118225596e99e865368c&amp;smart=true&amp;width=350&amp;height=197&amp;quality=85\" media=\"(min-width: 80px)\" \/><img loading=\"lazy\" decoding=\"async\" class=\"global-image\" src=\"https:\/\/www.infobae.com\/resizer\/v2\/22XKOO5WONENBJFVPGC2CWMY6A.jpg?auth=de008e4fe727d3c9035816332c464f3cf642b58d6774118225596e99e865368c&amp;smart=true&amp;width=350&amp;height=197&amp;quality=85\" alt=\"La imagen de Van Damme\" width=\"1920\" height=\"1079\" \/><\/picture>La imagen de Van Damme como \u00edcono de pel\u00edculas de acci\u00f3n se ciment\u00f3 gracias a su f\u00edsico musculoso y \u00e1gil en Hollywood<\/div>\n<p class=\"paragraph\" data-mrf-recirculation=\"Links inline\">Con el paso del tiempo y tras experimentar lesiones en la adultez, Van Damme ajust\u00f3 su entrenamiento.\u00a0<b>\u201cHe intentado equilibrar mucho m\u00e1s mi entrenamiento. Intento adoptar un enfoque inteligente, aprendiendo de experiencias previas para asegurarme de no lesionarme la espalda ni las piernas\u201d<\/b>, se\u00f1al\u00f3 el actor en palabras recogidas por\u00a0<i>Men\u2019s Health<\/i>. De este modo, prioriza hoy la flexibilidad y una musculatura resistente antes que el aumento de volumen.<\/p>\n<p class=\"paragraph\" data-mrf-recirculation=\"Links inline\"><b>\u201cCuando entrenas y te haces mayor, es bueno mantener la flexibilidad; eso es lo m\u00e1s importante\u201d<\/b>, afirm\u00f3 Van Damme a la agencia PA, citado por\u00a0<i>Men\u2019s Health<\/i>. As\u00ed, su m\u00e9todo de entrenamiento se centra en movimientos controlados y una postura correcta, dando prioridad a la conexi\u00f3n entre mente y cuerpo.<\/p>\n<h2 class=\"header headline-class-h2 headline\">La rutina actual de Van Damme: control, repeticiones y flexibilidad<\/h2>\n<p class=\"paragraph\" data-mrf-recirculation=\"Links inline\">El m\u00e9todo actual de Van Damme se basa en\u00a0<b>repeticiones controladas con cargas ligeras, evitando pesos excesivos para proteger las articulaciones<\/b>. Emplea incluso un kilo al iniciar los ejercicios, perfeccionando el movimiento hasta que mente y m\u00fasculo se coordinan de forma natural.<\/p>\n<p class=\"paragraph\" data-mrf-recirculation=\"Links inline\"><b>El actor organiza sus sesiones en torno a grupos musculares espec\u00edficos, alternando entrenamientos un d\u00eda s\u00ed y otro no. Dos o tres veces por semana realiza cardio, prefiriendo la bicicleta est\u00e1tica<\/b>. Durante estas sesiones, el actor prioriza la conciencia corporal: \u201cCuando llegas a ese nivel, separas tu cerebro del cuerpo. Empiezas a sentir la m\u00e1quina y el latido de tu coraz\u00f3n\u201d, explic\u00f3 en\u00a0<i>Men\u2019s Health<\/i>.<\/p>\n<div class=\"visual__image\"><picture><source srcset=\"https:\/\/www.infobae.com\/resizer\/v2\/2Z3IYDVAWRGTBEN44PBEG3J6NQ.jpeg?auth=0851b12f47f93b48f039f511b9bddba4e599e3d209b49e328779953345005167&amp;smart=true&amp;width=992&amp;height=558&amp;quality=85\" media=\"(min-width: 1000px)\" \/><source srcset=\"https:\/\/www.infobae.com\/resizer\/v2\/2Z3IYDVAWRGTBEN44PBEG3J6NQ.jpeg?auth=0851b12f47f93b48f039f511b9bddba4e599e3d209b49e328779953345005167&amp;smart=true&amp;width=768&amp;height=432&amp;quality=85\" media=\"(min-width: 768px)\" \/><source srcset=\"https:\/\/www.infobae.com\/resizer\/v2\/2Z3IYDVAWRGTBEN44PBEG3J6NQ.jpeg?auth=0851b12f47f93b48f039f511b9bddba4e599e3d209b49e328779953345005167&amp;smart=true&amp;width=577&amp;height=325&amp;quality=85\" media=\"(min-width: 580px)\" \/><source srcset=\"https:\/\/www.infobae.com\/resizer\/v2\/2Z3IYDVAWRGTBEN44PBEG3J6NQ.jpeg?auth=0851b12f47f93b48f039f511b9bddba4e599e3d209b49e328779953345005167&amp;smart=true&amp;width=420&amp;height=236&amp;quality=85\" media=\"(min-width: 350px)\" \/><source srcset=\"https:\/\/www.infobae.com\/resizer\/v2\/2Z3IYDVAWRGTBEN44PBEG3J6NQ.jpeg?auth=0851b12f47f93b48f039f511b9bddba4e599e3d209b49e328779953345005167&amp;smart=true&amp;width=350&amp;height=197&amp;quality=85\" media=\"(min-width: 80px)\" \/><img loading=\"lazy\" decoding=\"async\" class=\"global-image\" src=\"https:\/\/www.infobae.com\/resizer\/v2\/2Z3IYDVAWRGTBEN44PBEG3J6NQ.jpeg?auth=0851b12f47f93b48f039f511b9bddba4e599e3d209b49e328779953345005167&amp;smart=true&amp;width=350&amp;height=197&amp;quality=85\" alt=\"Van Damme incorpora respiraci\u00f3n consciente\" width=\"1080\" height=\"608\" \/><\/picture>Van Damme incorpora respiraci\u00f3n consciente y control postural para optimizar la flexibilidad y la recuperaci\u00f3n f\u00edsica a cualquier edad<\/div>\n<p class=\"paragraph\" data-mrf-recirculation=\"Links inline\">La precisi\u00f3n y la postura \u2014espalda recta, caderas alineadas\u2014 son pilares de su m\u00e9todo. Van Damme recomienda que el avance sea progresivo, permitiendo que el cuerpo y la mente trabajen sincronizados.<\/p>\n<h2 class=\"header headline-class-h2 headline\">El papel del yoga y el entrenamiento isom\u00e9trico en su vida<\/h2>\n<p class=\"paragraph\" data-mrf-recirculation=\"Links inline\">Desde hace m\u00e1s de 25 a\u00f1os, Jean-Claude Van Damme incorpora el\u00a0<b>yoga<\/b>\u00a0y los\u00a0<b>ejercicios isom\u00e9tricos<\/b>\u00a0en su rutina, un h\u00e1bito desarrollado tras una lesi\u00f3n en la adultez temprana. Para ello, pone \u00e9nfasis en la respiraci\u00f3n profunda y el control del movimiento, lo que optimiza tanto la recuperaci\u00f3n como la flexibilidad corporal.<\/p>\n<p class=\"paragraph\" data-mrf-recirculation=\"Links inline\"><b>En v\u00eddeos publicados por el actor, muestra estiramientos laterales y variantes de inclinaci\u00f3n, ejercicios simples que le permiten conservar flexibilidad y ejecutar el caracter\u00edstico \u201csplit\u201d<\/b>. \u201cHace a\u00f1os me lesion\u00e9, as\u00ed que me rehabilit\u00e9 para ganar flexibilidad, destreza y ponerme en forma\u201d, relata Van Damme en una grabaci\u00f3n difundida en su canal de YouTube.<\/p>\n<p class=\"paragraph\" data-mrf-recirculation=\"Links inline\">Esta metodolog\u00eda no necesita equipamiento especial y puede practicarse en cualquier contexto o momento del d\u00eda, lo que favorece la constancia. Seg\u00fan destaca\u00a0<i>Men\u2019s Health<\/i>, este enfoque accesible se ha convertido en parte esencial de la filosof\u00eda del actor.<\/p>\n<h2 class=\"header headline-class-h2 headline\">Mantenerse activo fuera del gimnasio y el equilibrio mente-m\u00fasculo<\/h2>\n<div class=\"visual__image\"><picture><source srcset=\"https:\/\/www.infobae.com\/resizer\/v2\/H5OXX4FKGFAX7JIQFEGUJEWKDM.jpg?auth=1af040619731e1361d0961e27c5e76b1b1d1fded2b14b92377f5a0985557e2a5&amp;smart=true&amp;width=992&amp;height=521&amp;quality=85\" media=\"(min-width: 1000px)\" \/><source srcset=\"https:\/\/www.infobae.com\/resizer\/v2\/H5OXX4FKGFAX7JIQFEGUJEWKDM.jpg?auth=1af040619731e1361d0961e27c5e76b1b1d1fded2b14b92377f5a0985557e2a5&amp;smart=true&amp;width=768&amp;height=404&amp;quality=85\" media=\"(min-width: 768px)\" \/><source srcset=\"https:\/\/www.infobae.com\/resizer\/v2\/H5OXX4FKGFAX7JIQFEGUJEWKDM.jpg?auth=1af040619731e1361d0961e27c5e76b1b1d1fded2b14b92377f5a0985557e2a5&amp;smart=true&amp;width=577&amp;height=303&amp;quality=85\" media=\"(min-width: 580px)\" \/><source srcset=\"https:\/\/www.infobae.com\/resizer\/v2\/H5OXX4FKGFAX7JIQFEGUJEWKDM.jpg?auth=1af040619731e1361d0961e27c5e76b1b1d1fded2b14b92377f5a0985557e2a5&amp;smart=true&amp;width=420&amp;height=221&amp;quality=85\" media=\"(min-width: 350px)\" \/><source srcset=\"https:\/\/www.infobae.com\/resizer\/v2\/H5OXX4FKGFAX7JIQFEGUJEWKDM.jpg?auth=1af040619731e1361d0961e27c5e76b1b1d1fded2b14b92377f5a0985557e2a5&amp;smart=true&amp;width=350&amp;height=184&amp;quality=85\" media=\"(min-width: 80px)\" \/><img loading=\"lazy\" decoding=\"async\" class=\"global-image\" src=\"https:\/\/www.infobae.com\/resizer\/v2\/H5OXX4FKGFAX7JIQFEGUJEWKDM.jpg?auth=1af040619731e1361d0961e27c5e76b1b1d1fded2b14b92377f5a0985557e2a5&amp;smart=true&amp;width=350&amp;height=184&amp;quality=85\" alt=\"La flexibilidad se convierte en\" width=\"1920\" height=\"1009\" \/><\/picture>La flexibilidad se convierte en el pilar del entrenamiento de Jean-Claude Van Damme con el paso de los a\u00f1os<\/div>\n<p class=\"paragraph\" data-mrf-recirculation=\"Links inline\">M\u00e1s all\u00e1 del plano estrictamente f\u00edsico, Van Damme sostiene la\u00a0<b>importancia de moverse a lo largo del d\u00eda, integrando la movilidad como parte de un estilo de vida equilibrado<\/b>. Constantemente elige actividades cotidianas que promueven el movimiento, aprovechando cualquier ocasi\u00f3n para fortalecer cuerpo y mente incluso lejos del gimnasio.<\/p>\n<p class=\"paragraph\" data-mrf-recirculation=\"Links inline\"><b>Durante el cardio, busca una distancia mental que le permita sintonizar plenamente con su organismo<\/b>. \u201cCuando llegas a ese punto, empiezas a sentir el m\u00fasculo y el latido de tu coraz\u00f3n\u201d, relat\u00f3. As\u00ed, sugiere integrar ejercicios simples de movilidad en la vida diaria y no limitar el cuidado f\u00edsico a un entorno estructurado.<\/p>\n<p class=\"paragraph\" data-mrf-recirculation=\"Links inline\">Su m\u00e9todo se basa en la relaci\u00f3n entre mente y m\u00fasculo, recurriendo a la respiraci\u00f3n consciente y la perseverancia para fijar objetivos a largo plazo. La movilidad se convierte en un h\u00e1bito cotidiano que proporciona bienestar sostenido en la madurez.<\/p>\n<div class=\"visual__image\"><picture><source srcset=\"https:\/\/www.infobae.com\/resizer\/v2\/P72ERTK6VRHANKI63T7PC6W4IE.jpg?auth=293fc8b00b3d05bbc9bec632b969c5787a2925acdd80e280453a80f1694c34fd&amp;smart=true&amp;width=992&amp;height=558&amp;quality=85\" media=\"(min-width: 1000px)\" \/><source srcset=\"https:\/\/www.infobae.com\/resizer\/v2\/P72ERTK6VRHANKI63T7PC6W4IE.jpg?auth=293fc8b00b3d05bbc9bec632b969c5787a2925acdd80e280453a80f1694c34fd&amp;smart=true&amp;width=768&amp;height=432&amp;quality=85\" media=\"(min-width: 768px)\" \/><source srcset=\"https:\/\/www.infobae.com\/resizer\/v2\/P72ERTK6VRHANKI63T7PC6W4IE.jpg?auth=293fc8b00b3d05bbc9bec632b969c5787a2925acdd80e280453a80f1694c34fd&amp;smart=true&amp;width=577&amp;height=325&amp;quality=85\" media=\"(min-width: 580px)\" \/><source srcset=\"https:\/\/www.infobae.com\/resizer\/v2\/P72ERTK6VRHANKI63T7PC6W4IE.jpg?auth=293fc8b00b3d05bbc9bec632b969c5787a2925acdd80e280453a80f1694c34fd&amp;smart=true&amp;width=420&amp;height=236&amp;quality=85\" media=\"(min-width: 350px)\" \/><source srcset=\"https:\/\/www.infobae.com\/resizer\/v2\/P72ERTK6VRHANKI63T7PC6W4IE.jpg?auth=293fc8b00b3d05bbc9bec632b969c5787a2925acdd80e280453a80f1694c34fd&amp;smart=true&amp;width=350&amp;height=197&amp;quality=85\" media=\"(min-width: 80px)\" \/><img loading=\"lazy\" decoding=\"async\" class=\"global-image\" src=\"https:\/\/www.infobae.com\/resizer\/v2\/P72ERTK6VRHANKI63T7PC6W4IE.jpg?auth=293fc8b00b3d05bbc9bec632b969c5787a2925acdd80e280453a80f1694c34fd&amp;smart=true&amp;width=350&amp;height=197&amp;quality=85\" alt=\"La conexi\u00f3n entre mente y\" width=\"1920\" height=\"1080\" \/><\/picture>La conexi\u00f3n entre mente y cuerpo se vuelve esencial en la rutina f\u00edsica del ic\u00f3nico actor de acci\u00f3n (Archivo)<\/div>\n<h2 class=\"header headline-class-h2 headline\">Las artes marciales: una pasi\u00f3n perdurable<\/h2>\n<p class=\"paragraph\" data-mrf-recirculation=\"Links inline\">Las\u00a0<b>artes marciales<\/b>\u00a0forman la base deportiva de Jean-Claude Van Damme. Con un palmar\u00e9s de 18 victorias y solo una derrota en kickboxing, y t\u00edtulos como el de culturismo juvenil, ciment\u00f3 una carrera exitosa en el cine.\u00a0<b>Las artes marciales siguen ocupando un lugar central en su m\u00e9todo de entrenamiento y en su forma de entender el envejecimiento activo<\/b>.<\/p>\n<p class=\"paragraph\" data-mrf-recirculation=\"Links inline\">Seg\u00fan indica\u00a0<i>Men\u2019s Health<\/i>, la disciplina adquirida en estas pr\u00e1cticas lo impulsa a un equilibrio constante, reflejado tanto en su rutina f\u00edsica como en su vida personal.<\/p>\n<p class=\"paragraph\" data-mrf-recirculation=\"Links inline\"><b>La clave para Jean-Claude Van Damme ha sido convertir el entrenamiento en una parte natural de su d\u00eda a d\u00eda<\/b>. La constancia y la adaptabilidad permiten que el ejercicio se integre de manera sencilla en la rutina diaria, demostrando que la pasi\u00f3n y el cuidado f\u00edsico pueden mantenerse sin importar la edad.<\/p>\n","protected":false},"excerpt":{"rendered":"<p>El ic\u00f3nico actor\u00a0Jean-Claude Van Damme\u00a0mantiene su impactante condici\u00f3n f\u00edsica a los\u00a065 a\u00f1os, adoptando una filosof\u00eda de entrenamiento basada en la\u00a0flexibilidad, la\u00a0movilidad\u00a0y el\u00a0control mental del cuerpo, seg\u00fan detalla a\u00a0Men\u2019s Health. Su m\u00e9todo ha evolucionado con el tiempo, alej\u00e1ndose de los entrenamientos extremos de juventud para priorizar rutinas adaptadas a la longevidad. Jean-Claude Van Damme se mantiene [&hellip;]<\/p>\n","protected":false},"author":2,"featured_media":31455,"comment_status":"open","ping_status":"open","sticky":false,"template":"","format":"standard","meta":{"footnotes":""},"categories":[67],"tags":[],"class_list":{"0":"post-31454","1":"post","2":"type-post","3":"status-publish","4":"format-standard","5":"has-post-thumbnail","7":"category-espectaculo"},"_links":{"self":[{"href":"https:\/\/radiobitacora.com.ar\/web\/wp-json\/wp\/v2\/posts\/31454","targetHints":{"allow":["GET"]}}],"collection":[{"href":"https:\/\/radiobitacora.com.ar\/web\/wp-json\/wp\/v2\/posts"}],"about":[{"href":"https:\/\/radiobitacora.com.ar\/web\/wp-json\/wp\/v2\/types\/post"}],"author":[{"embeddable":true,"href":"https:\/\/radiobitacora.com.ar\/web\/wp-json\/wp\/v2\/users\/2"}],"replies":[{"embeddable":true,"href":"https:\/\/radiobitacora.com.ar\/web\/wp-json\/wp\/v2\/comments?post=31454"}],"version-history":[{"count":1,"href":"https:\/\/radiobitacora.com.ar\/web\/wp-json\/wp\/v2\/posts\/31454\/revisions"}],"predecessor-version":[{"id":31456,"href":"https:\/\/radiobitacora.com.ar\/web\/wp-json\/wp\/v2\/posts\/31454\/revisions\/31456"}],"wp:featuredmedia":[{"embeddable":true,"href":"https:\/\/radiobitacora.com.ar\/web\/wp-json\/wp\/v2\/media\/31455"}],"wp:attachment":[{"href":"https:\/\/radiobitacora.com.ar\/web\/wp-json\/wp\/v2\/media?parent=31454"}],"wp:term":[{"taxonomy":"category","embeddable":true,"href":"https:\/\/radiobitacora.com.ar\/web\/wp-json\/wp\/v2\/categories?post=31454"},{"taxonomy":"post_tag","embeddable":true,"href":"https:\/\/radiobitacora.com.ar\/web\/wp-json\/wp\/v2\/tags?post=31454"}],"curies":[{"name":"wp","href":"https:\/\/api.w.org\/{rel}","templated":true}]}}