{"id":31459,"date":"2026-03-16T18:50:55","date_gmt":"2026-03-16T21:50:55","guid":{"rendered":"https:\/\/radiobitacora.com.ar\/web\/?p=31459"},"modified":"2026-03-16T18:50:55","modified_gmt":"2026-03-16T21:50:55","slug":"javier-milei-reafirma-su-posicionamiento-contra-iran-y-participara-del-acto-por-el-atentado-a-la-embajada-de-israel","status":"publish","type":"post","link":"https:\/\/radiobitacora.com.ar\/web\/2026\/03\/16\/javier-milei-reafirma-su-posicionamiento-contra-iran-y-participara-del-acto-por-el-atentado-a-la-embajada-de-israel\/","title":{"rendered":"Javier Milei reafirma su posicionamiento contra Ir\u00e1n y participar\u00e1 del acto por el atentado a la Embajada de Israel"},"content":{"rendered":"<p class=\"paragraph\" data-mrf-recirculation=\"Links inline\">En medio de las tensiones en Medio Oriente, los ataques de Ir\u00e1n y las gestiones de los Estados Unidos para tratar de lograr una soluci\u00f3n al conflicto en la regi\u00f3n, el presidente\u00a0<b>Javier Milei\u00a0<\/b>ratificar\u00e1 este martes su alineamiento geopol\u00edtico al participar una vez m\u00e1s del\u00a0<a title=\"https:\/\/www.infobae.com\/politica\/2026\/03\/16\/la-embajada-de-israel-convoca-a-conmemorar-el-34-aniversario-del-atentado-a-su-sede-diplomatica-bajo-la-campana-la-primera-vez-no-se-olvida\/\" href=\"https:\/\/www.infobae.com\/politica\/2026\/03\/16\/la-embajada-de-israel-convoca-a-conmemorar-el-34-aniversario-del-atentado-a-su-sede-diplomatica-bajo-la-campana-la-primera-vez-no-se-olvida\/\" target=\"_blank\" rel=\"noopener noreferrer\" data-mrf-link=\"https:\/\/www.infobae.com\/politica\/2026\/03\/16\/la-embajada-de-israel-convoca-a-conmemorar-el-34-aniversario-del-atentado-a-su-sede-diplomatica-bajo-la-campana-la-primera-vez-no-se-olvida\/\"><b>acto por el atentado a la Embajada de Israel<\/b>, el segundo m\u00e1s grande que sufri\u00f3 la Argentina en su historia<\/a>, solo por detr\u00e1s del de la AMIA.<\/p>\n<p class=\"paragraph\" data-mrf-recirculation=\"Links inline\">El mandatario nacional, que se declar\u00f3 a s\u00ed mismo como el jefe de Estado\u00a0<b>\u201cm\u00e1s sionista del mundo\u201d<\/b>, volver\u00e1 a asistir a esta ceremonia que se hace cada a\u00f1o y que esta vez comenzar\u00e1 a las 14:30 en la esquina de las calles Suipacha y Arroyo, en el barrio porte\u00f1o de Retiro.<\/p>\n<div class=\"inline ad-wrapper\">\n<div class=\"dfpAd ad-inline\"><\/div>\n<\/div>\n<p class=\"paragraph\" data-mrf-recirculation=\"Links inline\">El l\u00edder libertario estar\u00e1 acompa\u00f1ado durante la jornada por la plana mayor del Gobierno, desde la secretaria general de la Presidencia,<b>\u00a0Karina Milei<\/b>, y el jefe de Gabinete,<a title=\"https:\/\/www.infobae.com\/economia\/2026\/03\/16\/milei-hablo-en-cordoba-insistio-en-que-la-inflacion-empezara-con-0-en-agosto-y-se-mostro-con-adorni\/\" href=\"https:\/\/www.infobae.com\/economia\/2026\/03\/16\/milei-hablo-en-cordoba-insistio-en-que-la-inflacion-empezara-con-0-en-agosto-y-se-mostro-con-adorni\/\" target=\"_blank\" rel=\"noopener noreferrer\" data-mrf-link=\"https:\/\/www.infobae.com\/economia\/2026\/03\/16\/milei-hablo-en-cordoba-insistio-en-que-la-inflacion-empezara-con-0-en-agosto-y-se-mostro-con-adorni\/\">\u00a0<b>Manuel Adorni<\/b><\/a>, hasta varios funcionarios de primera y segunda l\u00ednea, diputados y senadores.<\/p>\n<p class=\"paragraph\" data-mrf-recirculation=\"Links inline\">Tiene en agenda concurrir, por ejemplo, el flamante ministro de Justicia,<b>\u00a0Juan Bautista Mahiques<\/b>, quien tiene la tarea de implementar los juicios en ausencia contra los acusados iran\u00edes.<\/p>\n<div class=\"inline_2_DSK ad-wrapper ad-desktop\">\n<div class=\"dfpAd ad-inline\"><\/div>\n<\/div>\n<p class=\"paragraph\" data-mrf-recirculation=\"Links inline\">En tanto, en la plaza erigida en el sitio donde se encontraba la sede diplom\u00e1tica antes de la voladura, tambi\u00e9n estar\u00e1n el actual embajador en Buenos Aires,<b>\u00a0Eyal Sela<\/b>, y otros representantes extranjeros.<\/p>\n<div class=\"visual__image\"><picture><source srcset=\"https:\/\/www.infobae.com\/resizer\/v2\/E5JMO4IE3JANFBKU33XDJEB4PE.jpg?auth=6ddb10f9930b80d12aca6d4b00196f4053e15651b2b6024166052992b14d7165&amp;smart=true&amp;width=992&amp;height=660&amp;quality=85\" media=\"(min-width: 1000px)\" \/><source srcset=\"https:\/\/www.infobae.com\/resizer\/v2\/E5JMO4IE3JANFBKU33XDJEB4PE.jpg?auth=6ddb10f9930b80d12aca6d4b00196f4053e15651b2b6024166052992b14d7165&amp;smart=true&amp;width=768&amp;height=511&amp;quality=85\" media=\"(min-width: 768px)\" \/><source srcset=\"https:\/\/www.infobae.com\/resizer\/v2\/E5JMO4IE3JANFBKU33XDJEB4PE.jpg?auth=6ddb10f9930b80d12aca6d4b00196f4053e15651b2b6024166052992b14d7165&amp;smart=true&amp;width=577&amp;height=384&amp;quality=85\" media=\"(min-width: 580px)\" \/><source srcset=\"https:\/\/www.infobae.com\/resizer\/v2\/E5JMO4IE3JANFBKU33XDJEB4PE.jpg?auth=6ddb10f9930b80d12aca6d4b00196f4053e15651b2b6024166052992b14d7165&amp;smart=true&amp;width=420&amp;height=279&amp;quality=85\" media=\"(min-width: 350px)\" \/><source srcset=\"https:\/\/www.infobae.com\/resizer\/v2\/E5JMO4IE3JANFBKU33XDJEB4PE.jpg?auth=6ddb10f9930b80d12aca6d4b00196f4053e15651b2b6024166052992b14d7165&amp;smart=true&amp;width=350&amp;height=233&amp;quality=85\" media=\"(min-width: 80px)\" \/><img loading=\"lazy\" decoding=\"async\" class=\"global-image\" src=\"https:\/\/www.infobae.com\/resizer\/v2\/E5JMO4IE3JANFBKU33XDJEB4PE.jpg?auth=6ddb10f9930b80d12aca6d4b00196f4053e15651b2b6024166052992b14d7165&amp;smart=true&amp;width=350&amp;height=233&amp;quality=85\" alt=\"Eyal Sela, embajador de Israel\" width=\"4916\" height=\"3271\" \/><\/picture>Eyal Sela, embajador de Israel en la Argentina (RS fotos)<\/div>\n<p class=\"paragraph\" data-mrf-recirculation=\"Links inline\">Asimismo, estar\u00e1n algunos dirigentes de la comunidad jud\u00eda, como los titulares de la DAIA,\u00a0<b>Mauro Berenstein<\/b>, y de la AMIA,<b>\u00a0Osvaldo Armoza<\/b>, entre otros.<\/p>\n<p class=\"paragraph\" data-mrf-recirculation=\"Links inline\">Por la ma\u00f1ana, la c\u00fapula libertaria se reunir\u00e1 en la Casa Rosada para un encuentro de la\u00a0<b>mesa pol\u00edtica<\/b>, prevista para las 11:00, y luego la mayor\u00eda de los integrantes de este grupo se trasladar\u00e1n al evento.<\/p>\n<p class=\"paragraph\" data-mrf-recirculation=\"Links inline\">Tal es el caso de, adem\u00e1s de Adorni y Karina Milei, el ministro del Interior,\u00a0<b>Diego Santilli<\/b>, y la jefa del bloque de LLA en el Senado,\u00a0<b>Patricia Bullrich<\/b>, que ten\u00edan previsto decir presente.<\/p>\n<p class=\"paragraph\" data-mrf-recirculation=\"Links inline\">A 34 a\u00f1os del feroz ataque que<b>\u00a0caus\u00f3 29 muertos, m\u00e1s de 200 heridos y la destrucci\u00f3n total de la Embajada<\/b>, el acto se llevar\u00e1 adelante bajo el lema \u201cla primera vez no se olvida\u201d.<\/p>\n<p class=\"paragraph\" data-mrf-recirculation=\"Links inline\">La frase hace referencia a que la explosi\u00f3n inaugur\u00f3 en la Argentina una triste serie de atentados, en el marco de una ola de antisemitismo que se tradujo, por ejemplo, en los pilotes que se colocan en escuelas, centros y mutuales de la comunidad jud\u00eda.<\/p>\n<p class=\"paragraph\" data-mrf-recirculation=\"Links inline\">De hecho, debido al sensiblo contexto internacional que existe en la actualidad, en esta oportunidad se extremaron los operativos de seguridad y se prev\u00e9 una fuerte presencia policial en el lugar del homenaje y sus alrededores.<\/p>\n<p class=\"paragraph\" data-mrf-recirculation=\"Links inline\">Durante la jornada, los presidentes de la DAIA y la AMIA entregar\u00e1n ofrendas florales en memoria de las v\u00edctimas fatales de aquel terrible hecho ocurrido el 17 de marzo de 1992, y luego el embajador Sala dir\u00e1 unas palabras.<\/p>\n<p class=\"paragraph\" data-mrf-recirculation=\"Links inline\">\u201c<b>El terrorismo no tiene justificaci\u00f3n.\u00a0<\/b>M\u00e1s de tres d\u00e9cadas despu\u00e9s, la herida sigue abierta: los responsables \u2014Ir\u00e1n y Hezbollah\u2014 a\u00fan no han rendido cuentas ante la Justicia&#8221;, lament\u00f3 ante\u00a0<b>Infobae\u00a0<\/b>Berenstein.<\/p>\n<div class=\"visual__image\"><picture><source srcset=\"https:\/\/www.infobae.com\/resizer\/v2\/PMZ2O5YB65FLZCYJRIOPJWXLEY.jpg?auth=d88c37682bffa8bfcbd9baa82ff7e5a72dccc1701b9310966edf2d211f4ac6eb&amp;smart=true&amp;width=992&amp;height=660&amp;quality=85\" media=\"(min-width: 1000px)\" \/><source srcset=\"https:\/\/www.infobae.com\/resizer\/v2\/PMZ2O5YB65FLZCYJRIOPJWXLEY.jpg?auth=d88c37682bffa8bfcbd9baa82ff7e5a72dccc1701b9310966edf2d211f4ac6eb&amp;smart=true&amp;width=768&amp;height=511&amp;quality=85\" media=\"(min-width: 768px)\" \/><source srcset=\"https:\/\/www.infobae.com\/resizer\/v2\/PMZ2O5YB65FLZCYJRIOPJWXLEY.jpg?auth=d88c37682bffa8bfcbd9baa82ff7e5a72dccc1701b9310966edf2d211f4ac6eb&amp;smart=true&amp;width=577&amp;height=384&amp;quality=85\" media=\"(min-width: 580px)\" \/><source srcset=\"https:\/\/www.infobae.com\/resizer\/v2\/PMZ2O5YB65FLZCYJRIOPJWXLEY.jpg?auth=d88c37682bffa8bfcbd9baa82ff7e5a72dccc1701b9310966edf2d211f4ac6eb&amp;smart=true&amp;width=420&amp;height=280&amp;quality=85\" media=\"(min-width: 350px)\" \/><source srcset=\"https:\/\/www.infobae.com\/resizer\/v2\/PMZ2O5YB65FLZCYJRIOPJWXLEY.jpg?auth=d88c37682bffa8bfcbd9baa82ff7e5a72dccc1701b9310966edf2d211f4ac6eb&amp;smart=true&amp;width=350&amp;height=233&amp;quality=85\" media=\"(min-width: 80px)\" \/><img loading=\"lazy\" decoding=\"async\" class=\"global-image\" src=\"https:\/\/www.infobae.com\/resizer\/v2\/PMZ2O5YB65FLZCYJRIOPJWXLEY.jpg?auth=d88c37682bffa8bfcbd9baa82ff7e5a72dccc1701b9310966edf2d211f4ac6eb&amp;smart=true&amp;width=350&amp;height=233&amp;quality=85\" alt=\"Las autoridades nacionales asistir\u00e1n al\" width=\"1920\" height=\"1278\" \/><\/picture>Las autoridades nacionales asistir\u00e1n al acto (Jaime Olivos)<\/div>\n<p class=\"paragraph\" data-mrf-recirculation=\"Links inline\">El titular de la delegaci\u00f3n de asociaciones israelitas en el pa\u00eds tambi\u00e9n remarc\u00f3 que \u201cen un presente marcado nuevamente por la confrontaci\u00f3n con el r\u00e9gimen iran\u00ed, la memoria tambi\u00e9n es una advertencia\u201d.<\/p>\n<p class=\"paragraph\" data-mrf-recirculation=\"Links inline\">\u201c<b>El terrorismo no empieza con una bomba, empieza cuando el odio se justifica o se mira para otro lado<\/b>. C\u00f3mo argentinos, tenemos la obligaci\u00f3n de estar del lado correcto de la historia&#8221;, se\u00f1al\u00f3.<\/p>\n<p class=\"paragraph\" data-mrf-recirculation=\"Links inline\">Ser\u00e1 la segunda vez que Milei participar\u00e1 de estos aniversarios desde que lleg\u00f3 a la Casa Rosada, ya que lo hizo en el 2024, reci\u00e9n asumido, pero se ausent\u00f3 en el 2025 por problemas de agenda.<\/p>\n<p class=\"paragraph\" data-mrf-recirculation=\"Links inline\">El Presidente viene reafirmando su apoyo a Israel, no solo con los viajes que realiz\u00f3 a Tel Aviv, sino insistiendo con la idea de que va a trasladar la embajada argentina a Jerusal\u00e9n, en lo que ser\u00eda un importante gesto geopol\u00edtico.<\/p>\n<p class=\"paragraph\" data-mrf-recirculation=\"Links inline\">Asimismo, durante su discurso en la Universidad jud\u00eda de Yeshiva, en la ciudad de Nueva York, el jefe de Estado apunt\u00f3 en contra de Ir\u00e1n, principal acusado por los ataques cometidos en la d\u00e9cada de los \u201890.<\/p>\n<p class=\"paragraph\" data-mrf-recirculation=\"Links inline\">\u201cNos han metido dos bombas, una en la AMIA y otra en la Embajada de Israel.\u00a0<b>Por lo tanto, digamos, son nuestros enemigos.<\/b>\u00a0Pero adem\u00e1s tengo una alianza estrat\u00e9gica con Estados Unidos e Israel&#8221;, remarc\u00f3 en esa oportunidad.<\/p>\n<div class=\"visual__image\"><picture><source srcset=\"https:\/\/www.infobae.com\/resizer\/v2\/BE5IFA6BPVAHJJEP2J4M436WCE.jpg?auth=130e30f6673d52283954e170fa36cdb314e18dff968fcfd39e6eaf73aed7ca96&amp;smart=true&amp;width=992&amp;height=661&amp;quality=85\" media=\"(min-width: 1000px)\" \/><source srcset=\"https:\/\/www.infobae.com\/resizer\/v2\/BE5IFA6BPVAHJJEP2J4M436WCE.jpg?auth=130e30f6673d52283954e170fa36cdb314e18dff968fcfd39e6eaf73aed7ca96&amp;smart=true&amp;width=768&amp;height=512&amp;quality=85\" media=\"(min-width: 768px)\" \/><source srcset=\"https:\/\/www.infobae.com\/resizer\/v2\/BE5IFA6BPVAHJJEP2J4M436WCE.jpg?auth=130e30f6673d52283954e170fa36cdb314e18dff968fcfd39e6eaf73aed7ca96&amp;smart=true&amp;width=577&amp;height=385&amp;quality=85\" media=\"(min-width: 580px)\" \/><source srcset=\"https:\/\/www.infobae.com\/resizer\/v2\/BE5IFA6BPVAHJJEP2J4M436WCE.jpg?auth=130e30f6673d52283954e170fa36cdb314e18dff968fcfd39e6eaf73aed7ca96&amp;smart=true&amp;width=420&amp;height=280&amp;quality=85\" media=\"(min-width: 350px)\" \/><source srcset=\"https:\/\/www.infobae.com\/resizer\/v2\/BE5IFA6BPVAHJJEP2J4M436WCE.jpg?auth=130e30f6673d52283954e170fa36cdb314e18dff968fcfd39e6eaf73aed7ca96&amp;smart=true&amp;width=350&amp;height=233&amp;quality=85\" media=\"(min-width: 80px)\" \/><img loading=\"lazy\" decoding=\"async\" class=\"global-image\" src=\"https:\/\/www.infobae.com\/resizer\/v2\/BE5IFA6BPVAHJJEP2J4M436WCE.jpg?auth=130e30f6673d52283954e170fa36cdb314e18dff968fcfd39e6eaf73aed7ca96&amp;smart=true&amp;width=350&amp;height=233&amp;quality=85\" alt=\"Milei en el acto del\" width=\"2371\" height=\"1581\" \/><\/picture>Milei en el acto del 2024 (EFE\/ Luciano Gonz\u00e1lez)<\/div>\n<p class=\"paragraph\" data-mrf-recirculation=\"Links inline\">Este homenaje, por otra parte, se da en medio de las intevenciones de los Estados Unidos que, a trav\u00e9s de la Junta de la Paz que cre\u00f3 Donald Trump, busca llegar a una resoluci\u00f3n para el conflicto en Medio Oriente.<\/p>\n<p class=\"paragraph\" data-mrf-recirculation=\"Links inline\">En sus \u00faltimas declaraciones,\u00a0<a title=\"https:\/\/www.infobae.com\/america\/mundo\/2026\/03\/16\/trump-no-descarto-atacar-las-reservas-de-petroleo-irani-en-la-isla-de-kharg-puede-que-los-oleoductos-no-sigan-en-pie\/\" href=\"https:\/\/www.infobae.com\/america\/mundo\/2026\/03\/16\/trump-no-descarto-atacar-las-reservas-de-petroleo-irani-en-la-isla-de-kharg-puede-que-los-oleoductos-no-sigan-en-pie\/\" target=\"_blank\" rel=\"noopener noreferrer\" data-mrf-link=\"https:\/\/www.infobae.com\/america\/mundo\/2026\/03\/16\/trump-no-descarto-atacar-las-reservas-de-petroleo-irani-en-la-isla-de-kharg-puede-que-los-oleoductos-no-sigan-en-pie\/\">el republicano no descart\u00f3 ampliar los ataques contra la infraestructura petrolera de Ir\u00e1n, incluidas las reservas de crudo de la isla de Kharg<\/a>, mientras asegur\u00f3 que las campa\u00f1as militares contra Teher\u00e1n han destruido el 90% de su capacidad bal\u00edstica y el 95% de sus drones de ataque.<\/p>\n<p class=\"paragraph\" data-mrf-recirculation=\"Links inline\">A escala local, recientemente, el fiscal del caso AMIA,\u00a0<b>Sebasti\u00e1n Basso<\/b>, reclam\u00f3 un r\u00e1pido inicio del juicio en ausencia contra los iran\u00edes y libaneses acusados del atentado de 1994, ya que algunos de ellos ya murieron sin haber sido nunca condenados.<\/p>\n","protected":false},"excerpt":{"rendered":"<p>En medio de las tensiones en Medio Oriente, los ataques de Ir\u00e1n y las gestiones de los Estados Unidos para tratar de lograr una soluci\u00f3n al conflicto en la regi\u00f3n, el presidente\u00a0Javier Milei\u00a0ratificar\u00e1 este martes su alineamiento geopol\u00edtico al participar una vez m\u00e1s del\u00a0acto por el atentado a la Embajada de Israel, el segundo m\u00e1s [&hellip;]<\/p>\n","protected":false},"author":2,"featured_media":31460,"comment_status":"open","ping_status":"open","sticky":false,"template":"","format":"standard","meta":{"footnotes":""},"categories":[79],"tags":[],"class_list":{"0":"post-31459","1":"post","2":"type-post","3":"status-publish","4":"format-standard","5":"has-post-thumbnail","7":"category-politica"},"_links":{"self":[{"href":"https:\/\/radiobitacora.com.ar\/web\/wp-json\/wp\/v2\/posts\/31459","targetHints":{"allow":["GET"]}}],"collection":[{"href":"https:\/\/radiobitacora.com.ar\/web\/wp-json\/wp\/v2\/posts"}],"about":[{"href":"https:\/\/radiobitacora.com.ar\/web\/wp-json\/wp\/v2\/types\/post"}],"author":[{"embeddable":true,"href":"https:\/\/radiobitacora.com.ar\/web\/wp-json\/wp\/v2\/users\/2"}],"replies":[{"embeddable":true,"href":"https:\/\/radiobitacora.com.ar\/web\/wp-json\/wp\/v2\/comments?post=31459"}],"version-history":[{"count":1,"href":"https:\/\/radiobitacora.com.ar\/web\/wp-json\/wp\/v2\/posts\/31459\/revisions"}],"predecessor-version":[{"id":31461,"href":"https:\/\/radiobitacora.com.ar\/web\/wp-json\/wp\/v2\/posts\/31459\/revisions\/31461"}],"wp:featuredmedia":[{"embeddable":true,"href":"https:\/\/radiobitacora.com.ar\/web\/wp-json\/wp\/v2\/media\/31460"}],"wp:attachment":[{"href":"https:\/\/radiobitacora.com.ar\/web\/wp-json\/wp\/v2\/media?parent=31459"}],"wp:term":[{"taxonomy":"category","embeddable":true,"href":"https:\/\/radiobitacora.com.ar\/web\/wp-json\/wp\/v2\/categories?post=31459"},{"taxonomy":"post_tag","embeddable":true,"href":"https:\/\/radiobitacora.com.ar\/web\/wp-json\/wp\/v2\/tags?post=31459"}],"curies":[{"name":"wp","href":"https:\/\/api.w.org\/{rel}","templated":true}]}}