{"id":31465,"date":"2026-03-16T19:00:12","date_gmt":"2026-03-16T22:00:12","guid":{"rendered":"https:\/\/radiobitacora.com.ar\/web\/?p=31465"},"modified":"2026-03-16T19:00:12","modified_gmt":"2026-03-16T22:00:12","slug":"con-fuertes-criticas-a-milei-cristina-kirchner-hablo-antes-de-su-declaracion-de-manana-por-la-causa-cuadernos","status":"publish","type":"post","link":"https:\/\/radiobitacora.com.ar\/web\/2026\/03\/16\/con-fuertes-criticas-a-milei-cristina-kirchner-hablo-antes-de-su-declaracion-de-manana-por-la-causa-cuadernos\/","title":{"rendered":"Con fuertes cr\u00edticas a Milei, Cristina Kirchner habl\u00f3 antes de su declaraci\u00f3n de ma\u00f1ana por la causa Cuadernos"},"content":{"rendered":"<p class=\"paragraph\" data-mrf-recirculation=\"Links inline\">La ex presidenta\u00a0<a title=\"https:\/\/www.infobae.com\/politica\/2026\/03\/15\/la-indagatoria-de-cristina-kirchner-militancia-en-san-jose-1111-traslado-a-comodoro-py-y-la-tesis-k-del-pan-y-circo\/\" href=\"https:\/\/www.infobae.com\/politica\/2026\/03\/15\/la-indagatoria-de-cristina-kirchner-militancia-en-san-jose-1111-traslado-a-comodoro-py-y-la-tesis-k-del-pan-y-circo\/\" target=\"_blank\" rel=\"noopener noreferrer\" data-mrf-link=\"https:\/\/www.infobae.com\/politica\/2026\/03\/15\/la-indagatoria-de-cristina-kirchner-militancia-en-san-jose-1111-traslado-a-comodoro-py-y-la-tesis-k-del-pan-y-circo\/\"><b>Cristina Kirchner<\/b><\/a>\u00a0habl\u00f3 antes de\u00a0<a title=\"https:\/\/www.infobae.com\/judiciales\/2026\/03\/16\/a-seis-anos-de-su-indagatoria-en-el-caso-vialidad-cfk-volvera-a-ser-indagada-manana-en-un-juicio-oral\/\" href=\"https:\/\/www.infobae.com\/judiciales\/2026\/03\/16\/a-seis-anos-de-su-indagatoria-en-el-caso-vialidad-cfk-volvera-a-ser-indagada-manana-en-un-juicio-oral\/\" target=\"_blank\" rel=\"noopener noreferrer\" data-mrf-link=\"https:\/\/www.infobae.com\/judiciales\/2026\/03\/16\/a-seis-anos-de-su-indagatoria-en-el-caso-vialidad-cfk-volvera-a-ser-indagada-manana-en-un-juicio-oral\/\">presentarse en los tribunales de Comodoro Py por la causa\u00a0<b>Caudernos<\/b><\/a>, donde deber\u00e1 hacerlo de forma presencial, con fuertes cr\u00edticas ante los jueces que la citaron presencial. Adem\u00e1s, volvi\u00f3 a cuestionar la pol\u00edtica econ\u00f3mica de\u00a0<b>Javier Milei<\/b>.<\/p>\n<p class=\"paragraph\" data-mrf-recirculation=\"Links inline\">\u201c<b>Cuando el Poder Ejecutivo no le da pan y trabajo al Pueblo\u2026 el Partido Judicial y los medios hegem\u00f3nicos le dan circo\u2026<\/b>\u00a0No falla. El Tribunal Oral 7 en la\u00a0<b>farsa procesal titulada \u2018Cuadernos\u2019<\/b>, que se viene tramitando v\u00eda zoom,\u00a0<b>acat\u00f3 la exigencia medi\u00e1tica de \u2018presencialidad\u2019<\/b>. Es que la foto que se puede capturar desde la pantalla del canal de YouTube con caras \u2018en cuadraditos\u2019\u00a0<b>no da para tapa de diario ni vide\u00edtos en la tele<\/b>\u2026 y como ya se sabe\u2026 el \u2018show debe continuar\u2019\u201c, se\u00f1al\u00f3 la ex mandataria en un mensaje que public\u00f3 en sus redes sociales.<\/p>\n<p class=\"paragraph\" data-mrf-recirculation=\"Links inline\">Y cuestion\u00f3: \u201cPor esa raz\u00f3n, los jueces me citaron a indagatoria presencial en Comodoro Py para ma\u00f1ana martes a las 9 de la ma\u00f1ana\u2026 Faltaba m\u00e1s\u2026\u201c.<\/p>\n<div class=\"visual__image\"><picture><source srcset=\"https:\/\/www.infobae.com\/resizer\/v2\/EZFBKCBQ3ZBK3D55YUQWNFZXKM.jpg?auth=d42a222e14f331e484f2405187b3382d62348719fc40ab566481e5178abe6c31&amp;smart=true&amp;width=992&amp;height=1384&amp;quality=85\" media=\"(min-width: 1000px)\" \/><source srcset=\"https:\/\/www.infobae.com\/resizer\/v2\/EZFBKCBQ3ZBK3D55YUQWNFZXKM.jpg?auth=d42a222e14f331e484f2405187b3382d62348719fc40ab566481e5178abe6c31&amp;smart=true&amp;width=768&amp;height=1072&amp;quality=85\" media=\"(min-width: 768px)\" \/><source srcset=\"https:\/\/www.infobae.com\/resizer\/v2\/EZFBKCBQ3ZBK3D55YUQWNFZXKM.jpg?auth=d42a222e14f331e484f2405187b3382d62348719fc40ab566481e5178abe6c31&amp;smart=true&amp;width=577&amp;height=805&amp;quality=85\" media=\"(min-width: 580px)\" \/><source srcset=\"https:\/\/www.infobae.com\/resizer\/v2\/EZFBKCBQ3ZBK3D55YUQWNFZXKM.jpg?auth=d42a222e14f331e484f2405187b3382d62348719fc40ab566481e5178abe6c31&amp;smart=true&amp;width=420&amp;height=586&amp;quality=85\" media=\"(min-width: 350px)\" \/><source srcset=\"https:\/\/www.infobae.com\/resizer\/v2\/EZFBKCBQ3ZBK3D55YUQWNFZXKM.jpg?auth=d42a222e14f331e484f2405187b3382d62348719fc40ab566481e5178abe6c31&amp;smart=true&amp;width=350&amp;height=488&amp;quality=85\" media=\"(min-width: 80px)\" \/><img loading=\"lazy\" decoding=\"async\" class=\"global-image\" src=\"https:\/\/www.infobae.com\/resizer\/v2\/EZFBKCBQ3ZBK3D55YUQWNFZXKM.jpg?auth=d42a222e14f331e484f2405187b3382d62348719fc40ab566481e5178abe6c31&amp;smart=true&amp;width=350&amp;height=488&amp;quality=85\" alt=\"\" width=\"1831\" height=\"2555\" \/><\/picture><\/div>\n<p class=\"paragraph\" data-mrf-recirculation=\"Links inline\">Adem\u00e1s, aprovech\u00f3 para enviar una nueva cr\u00edtica a la pol\u00edtica econ\u00f3mica que impulsa\u00a0<b>Javier Milei<\/b>\u00a0y escribi\u00f3: \u201cIgualmente,\u00a0<b>las fotos en las tapas o los videos en la tele no van a alcanzar para ocultar<\/b>\u00a0(como le gustar\u00eda a la selecta minor\u00eda que se beneficia con las pol\u00edticas de Milei)\u00a0<b>las postales del nuevo paisaje nacional generado por el economista experto en crecimiento con o sin dinero<\/b>\u201c.<\/p>\n<div class=\"inline_2_DSK ad-wrapper ad-desktop\">\n<div class=\"dfpAd ad-inline\"><\/div>\n<\/div>\n<p class=\"paragraph\" data-mrf-recirculation=\"Links inline\">\u201cF\u00e1bricas cerradas o tomadas y obreros despedidos; locales sin alquilar y negocios vac\u00edos; inflaci\u00f3n superior a los dos puntos desde hace meses (pese a transitar desde hace m\u00e1s de dos a\u00f1os el ajuste econ\u00f3mico m\u00e1s brutal que se recuerde); salarios en ca\u00edda libre; familias endeudadas y moras bancarias que no se ve\u00edan desde el final de la convertibilidad; comer carne\u2026 un lujo y cada vez m\u00e1s gente en situaci\u00f3n de calle\u201d, agreg\u00f3.<\/p>\n<p class=\"paragraph\" data-mrf-recirculation=\"Links inline\">Y complet\u00f3: \u201c<b>S\u00f3lo por mencionar algunas de las im\u00e1genes de la cat\u00e1strofe social y econ\u00f3mica de este cuarto desgobierno neoliberal en la Rep\u00fablica Argentina<\/b>\u201d.<\/p>\n<p class=\"paragraph\" data-mrf-recirculation=\"Links inline\">En tanto, CFK se refiri\u00f3 a la causa $LIBRA que investiga el accionar del mandatario por la pol\u00e9mica que se gener\u00f3 producto de un peritaje que\u00a0<a title=\"https:\/\/www.infobae.com\/judiciales\/2026\/03\/16\/causa-libra-como-seguira-la-causa-tras-el-peritaje-que-revelo-un-extensa-entramado-de-llamadas-y-mensajes\/\" href=\"https:\/\/www.infobae.com\/judiciales\/2026\/03\/16\/causa-libra-como-seguira-la-causa-tras-el-peritaje-que-revelo-un-extensa-entramado-de-llamadas-y-mensajes\/\" target=\"_blank\" rel=\"noopener noreferrer\" data-mrf-link=\"https:\/\/www.infobae.com\/judiciales\/2026\/03\/16\/causa-libra-como-seguira-la-causa-tras-el-peritaje-que-revelo-un-extensa-entramado-de-llamadas-y-mensajes\/\">revel\u00f3 llamados entre Mieli y el empresario cripto\u00a0<b>Maurcio Novelli<\/b><\/a>: \u201cLo que tampoco van a poder ocultar, pese al cajoneo del Fiscal Taiano (Comodoro Py\u2026 \u00a1cu\u00e1ndo no!), son las pruebas de lo que fue la estafa de LIBRA por la que Milei, autor de la c\u00e9lebre frase \u2018la moral como pol\u00edtica de Estado\u2019, habr\u00eda pactado la m\u00f3dica suma de\u2026 5 millones de d\u00f3lares&#8221;.<\/p>\n<div class=\"visual__image\"><picture><source srcset=\"https:\/\/www.infobae.com\/resizer\/v2\/65TFUMFVUVGPPHSYGZO7KWLM5E.jpg?auth=6cd4748027c6fdadf907c3e7032e6b602375efaa04fcccba9fea72937a93f9fc&amp;smart=true&amp;width=992&amp;height=1240&amp;quality=85\" media=\"(min-width: 1000px)\" \/><source srcset=\"https:\/\/www.infobae.com\/resizer\/v2\/65TFUMFVUVGPPHSYGZO7KWLM5E.jpg?auth=6cd4748027c6fdadf907c3e7032e6b602375efaa04fcccba9fea72937a93f9fc&amp;smart=true&amp;width=768&amp;height=960&amp;quality=85\" media=\"(min-width: 768px)\" \/><source srcset=\"https:\/\/www.infobae.com\/resizer\/v2\/65TFUMFVUVGPPHSYGZO7KWLM5E.jpg?auth=6cd4748027c6fdadf907c3e7032e6b602375efaa04fcccba9fea72937a93f9fc&amp;smart=true&amp;width=577&amp;height=721&amp;quality=85\" media=\"(min-width: 580px)\" \/><source srcset=\"https:\/\/www.infobae.com\/resizer\/v2\/65TFUMFVUVGPPHSYGZO7KWLM5E.jpg?auth=6cd4748027c6fdadf907c3e7032e6b602375efaa04fcccba9fea72937a93f9fc&amp;smart=true&amp;width=420&amp;height=525&amp;quality=85\" media=\"(min-width: 350px)\" \/><source srcset=\"https:\/\/www.infobae.com\/resizer\/v2\/65TFUMFVUVGPPHSYGZO7KWLM5E.jpg?auth=6cd4748027c6fdadf907c3e7032e6b602375efaa04fcccba9fea72937a93f9fc&amp;smart=true&amp;width=350&amp;height=438&amp;quality=85\" media=\"(min-width: 80px)\" \/><img loading=\"lazy\" decoding=\"async\" class=\"global-image\" src=\"https:\/\/www.infobae.com\/resizer\/v2\/65TFUMFVUVGPPHSYGZO7KWLM5E.jpg?auth=6cd4748027c6fdadf907c3e7032e6b602375efaa04fcccba9fea72937a93f9fc&amp;smart=true&amp;width=350&amp;height=438&amp;quality=85\" alt=\"La C\u00e1mpora convoc\u00f3 a una\" width=\"1080\" height=\"1350\" \/><\/picture>La C\u00e1mpora convoc\u00f3 a una concentraci\u00f3n en el barrio de Constituci\u00f3n mientras CFK es traslada a declarar<\/div>\n<h2 class=\"header headline-class-h2 headline\">La indagatoria a Cristina Kichner<\/h2>\n<p class=\"paragraph\" data-mrf-recirculation=\"Links inline\">La audiencia est\u00e1 pactada para ma\u00f1ana a las 9 de la ma\u00f1ana, donde la titular del Partido Justicialista tendr\u00e1 la opci\u00f3n de hablar ante el\u00a0<b>Tribunal Oral Federal 7<\/b>. La indagatoria ser\u00e1 presencial y ser\u00e1 transmitida en vivo por\u00a0<b>YouTube<\/b>.<\/p>\n<p class=\"paragraph\" data-mrf-recirculation=\"Links inline\">Los jueces\u00a0<b>Germ\u00e1n Castelli<\/b>,\u00a0<b>Enrique M\u00e9ndez Signori<\/b>\u00a0y\u00a0<b>Fernando Canero<\/b>, integrantes del tribunal que lleva adelante el juicio de los Cuadernos, coordinaron ya su traslado con el\u00a0<b>Tribunal Oral Federal 2<\/b>, que es el que controla la ejecuci\u00f3n de la pena en Vialidad. Saldr\u00e1 de su casa en San Jos\u00e9 1111 con su custodia habitual y un radio extendido de alcance para su tobillera electr\u00f3nica por el tiempo que dure el tr\u00e1mite judicial.<\/p>\n<p class=\"paragraph\" data-mrf-recirculation=\"Links inline\">En la sala de audiencias estar\u00e1n ma\u00f1ana<b>\u00a0la fiscal general de juicio Fabiana Le\u00f3n<\/b>\u00a0y su equipo de trabajo, las defensas de los acusados convocados a declarar, p\u00fablico y prensa que se acrediten. Hay lugar para 200 personas en total.<\/p>\n<div class=\"visual__image\"><picture><source srcset=\"https:\/\/www.infobae.com\/resizer\/v2\/4T6P64GQ6NELJASDGP436GD7TA.jpeg?auth=73560337d80be96e2d54cc1195b880b060653291460f4e60cd6353cc57c440b5&amp;smart=true&amp;width=992&amp;height=660&amp;quality=85\" media=\"(min-width: 1000px)\" \/><source srcset=\"https:\/\/www.infobae.com\/resizer\/v2\/4T6P64GQ6NELJASDGP436GD7TA.jpeg?auth=73560337d80be96e2d54cc1195b880b060653291460f4e60cd6353cc57c440b5&amp;smart=true&amp;width=768&amp;height=511&amp;quality=85\" media=\"(min-width: 768px)\" \/><source srcset=\"https:\/\/www.infobae.com\/resizer\/v2\/4T6P64GQ6NELJASDGP436GD7TA.jpeg?auth=73560337d80be96e2d54cc1195b880b060653291460f4e60cd6353cc57c440b5&amp;smart=true&amp;width=577&amp;height=384&amp;quality=85\" media=\"(min-width: 580px)\" \/><source srcset=\"https:\/\/www.infobae.com\/resizer\/v2\/4T6P64GQ6NELJASDGP436GD7TA.jpeg?auth=73560337d80be96e2d54cc1195b880b060653291460f4e60cd6353cc57c440b5&amp;smart=true&amp;width=420&amp;height=280&amp;quality=85\" media=\"(min-width: 350px)\" \/><source srcset=\"https:\/\/www.infobae.com\/resizer\/v2\/4T6P64GQ6NELJASDGP436GD7TA.jpeg?auth=73560337d80be96e2d54cc1195b880b060653291460f4e60cd6353cc57c440b5&amp;smart=true&amp;width=350&amp;height=233&amp;quality=85\" media=\"(min-width: 80px)\" \/><img loading=\"lazy\" decoding=\"async\" class=\"global-image\" src=\"https:\/\/www.infobae.com\/resizer\/v2\/4T6P64GQ6NELJASDGP436GD7TA.jpeg?auth=73560337d80be96e2d54cc1195b880b060653291460f4e60cd6353cc57c440b5&amp;smart=true&amp;width=350&amp;height=233&amp;quality=85\" alt=\"Cristina Kirchner bajo arresto domiciliario\" width=\"1280\" height=\"852\" \/><\/picture>Cristina Kirchner bajo arresto domiciliario en el caso Vialidad, vuelve este martes a ser indagada en Cuadernos<\/div>\n<p class=\"paragraph\" data-mrf-recirculation=\"Links inline\">Tras la declaraci\u00f3n de Cristina Kirchner,\u00a0<b>ser\u00e1 el turno del ex ministro de Planificaci\u00f3n Federal Julio De Vido<\/b>, detenido en la c\u00e1rcel de Ezeiza por la tragedia de Once. Ser\u00e1 trasladado desde el penal y, seg\u00fan anticip\u00f3 su defensa,\u00a0<b>se negar\u00e1 a declarar, pero tendr\u00e1 que sentarse ante los jueces y dar sus datos personales<\/b>.<\/p>\n<p class=\"paragraph\" data-mrf-recirculation=\"Links inline\">El listado de esta primera jornada se completa con el ex subsecretario de Coordinaci\u00f3n y Control de Gesti\u00f3n de Planificaci\u00f3n Federal en el kirchnerismo,\u00a0<b>Roberto Baratta<\/b>; su ex secretario privado Nelson Lazarte; el exsubsecretario de Asuntos Jur\u00eddicos del ex Ministerio de Planificaci\u00f3n Federal,\u00a0<b>Rafael Llorens<\/b>; el ex secretario privado de De Vido,<b>\u00a0Jos\u00e9 Mar\u00eda Olazagasti<\/b>, y el ex chofer de N\u00e9stor Kirchner,\u00a0<b>Rudy Ulloa<\/b>.<\/p>\n<p class=\"paragraph\" data-mrf-recirculation=\"Links inline\">En todos los casos\u00a0<b>podr\u00e1n aceptar hablar ante el Tribunal, responder o no preguntas, o bien hacer uso de su derecho a no declarar<\/b>\u00a0con opci\u00f3n a hacerlo m\u00e1s adelante, en cualquier tramo del debate oral. Lo que no podr\u00e1n evitar es la visita a tribunales para presentarse ante los jueces el d\u00eda de la citaci\u00f3n.<\/p>\n<p class=\"paragraph\" data-mrf-recirculation=\"Links inline\">Finalizada esta audiencia,\u00a0<b>se establecer\u00e1 un cronograma para los restantes 78 acusados<\/b>.<\/p>\n","protected":false},"excerpt":{"rendered":"<p>La ex presidenta\u00a0Cristina Kirchner\u00a0habl\u00f3 antes de\u00a0presentarse en los tribunales de Comodoro Py por la causa\u00a0Caudernos, donde deber\u00e1 hacerlo de forma presencial, con fuertes cr\u00edticas ante los jueces que la citaron presencial. Adem\u00e1s, volvi\u00f3 a cuestionar la pol\u00edtica econ\u00f3mica de\u00a0Javier Milei. \u201cCuando el Poder Ejecutivo no le da pan y trabajo al Pueblo\u2026 el Partido Judicial [&hellip;]<\/p>\n","protected":false},"author":2,"featured_media":31466,"comment_status":"open","ping_status":"open","sticky":false,"template":"","format":"standard","meta":{"footnotes":""},"categories":[79],"tags":[],"class_list":{"0":"post-31465","1":"post","2":"type-post","3":"status-publish","4":"format-standard","5":"has-post-thumbnail","7":"category-politica"},"_links":{"self":[{"href":"https:\/\/radiobitacora.com.ar\/web\/wp-json\/wp\/v2\/posts\/31465","targetHints":{"allow":["GET"]}}],"collection":[{"href":"https:\/\/radiobitacora.com.ar\/web\/wp-json\/wp\/v2\/posts"}],"about":[{"href":"https:\/\/radiobitacora.com.ar\/web\/wp-json\/wp\/v2\/types\/post"}],"author":[{"embeddable":true,"href":"https:\/\/radiobitacora.com.ar\/web\/wp-json\/wp\/v2\/users\/2"}],"replies":[{"embeddable":true,"href":"https:\/\/radiobitacora.com.ar\/web\/wp-json\/wp\/v2\/comments?post=31465"}],"version-history":[{"count":1,"href":"https:\/\/radiobitacora.com.ar\/web\/wp-json\/wp\/v2\/posts\/31465\/revisions"}],"predecessor-version":[{"id":31467,"href":"https:\/\/radiobitacora.com.ar\/web\/wp-json\/wp\/v2\/posts\/31465\/revisions\/31467"}],"wp:featuredmedia":[{"embeddable":true,"href":"https:\/\/radiobitacora.com.ar\/web\/wp-json\/wp\/v2\/media\/31466"}],"wp:attachment":[{"href":"https:\/\/radiobitacora.com.ar\/web\/wp-json\/wp\/v2\/media?parent=31465"}],"wp:term":[{"taxonomy":"category","embeddable":true,"href":"https:\/\/radiobitacora.com.ar\/web\/wp-json\/wp\/v2\/categories?post=31465"},{"taxonomy":"post_tag","embeddable":true,"href":"https:\/\/radiobitacora.com.ar\/web\/wp-json\/wp\/v2\/tags?post=31465"}],"curies":[{"name":"wp","href":"https:\/\/api.w.org\/{rel}","templated":true}]}}