{"id":31483,"date":"2026-03-17T11:27:59","date_gmt":"2026-03-17T14:27:59","guid":{"rendered":"https:\/\/radiobitacora.com.ar\/web\/?p=31483"},"modified":"2026-03-17T11:34:00","modified_gmt":"2026-03-17T14:34:00","slug":"salud-la-importancia-de-cuidar-la-columna-y-desmitificar-la-quiropraxia","status":"publish","type":"post","link":"https:\/\/radiobitacora.com.ar\/web\/2026\/03\/17\/salud-la-importancia-de-cuidar-la-columna-y-desmitificar-la-quiropraxia\/","title":{"rendered":"SALUD: LA IMPORTANCIA DE CUIDAR LA COLUMNA Y DESMITIFICAR LA QUIROPRAXIA"},"content":{"rendered":"<div class=\"flex flex-col text-sm pb-25\">\n<article class=\"text-token-text-primary w-full focus:outline-none [--shadow-height:45px] has-data-writing-block:pointer-events-none has-data-writing-block:-mt-(--shadow-height) has-data-writing-block:pt-(--shadow-height) [&amp;:has([data-writing-block])&gt;*]:pointer-events-auto scroll-mt-[calc(var(--header-height)+min(200px,max(70px,20svh)))]\" dir=\"auto\" tabindex=\"-1\" data-turn-id=\"request-WEB:1ba8dd19-2b79-4e9c-a01e-2a80e4a32095-8\" data-testid=\"conversation-turn-18\" data-scroll-anchor=\"true\" data-turn=\"assistant\">\n<div class=\"text-base my-auto mx-auto pb-10 [--thread-content-margin:var(--thread-content-margin-xs,calc(var(--spacing)*4))] @w-sm\/main:[--thread-content-margin:var(--thread-content-margin-sm,calc(var(--spacing)*6))] @w-lg\/main:[--thread-content-margin:var(--thread-content-margin-lg,calc(var(--spacing)*16))] px-(--thread-content-margin)\">\n<div class=\"[--thread-content-max-width:40rem] @w-lg\/main:[--thread-content-max-width:48rem] mx-auto max-w-(--thread-content-max-width) flex-1 group\/turn-messages focus-visible:outline-hidden relative flex w-full min-w-0 flex-col agent-turn\" tabindex=\"-1\">\n<div class=\"flex max-w-full flex-col gap-4 grow\">\n<div class=\"min-h-8 text-message relative flex w-full flex-col items-end gap-2 text-start break-words whitespace-normal [.text-message+&amp;]:mt-1\" dir=\"auto\" data-message-author-role=\"assistant\" data-message-id=\"ea6e1edc-9c64-47aa-903c-058c463f9077\" data-message-model-slug=\"gpt-5-3\">\n<div class=\"flex w-full flex-col gap-1 empty:hidden\">\n<div class=\"markdown prose dark:prose-invert w-full wrap-break-word light markdown-new-styling\">\n<h2 data-section-id=\"7jpeo0\" data-start=\"76\" data-end=\"145\">UNA CHARLA EN GOYA QUE PONE EL FOCO EN LOS H\u00c1BITOS Y LA PREVENCI\u00d3N<\/h2>\n<p data-start=\"147\" data-end=\"466\">En una entrevista radial realizada en la ciudad de <span class=\"hover:entity-accent entity-underline inline cursor-pointer align-baseline\"><span class=\"whitespace-normal\">Goya<\/span><\/span>, el licenciado en kinesiolog\u00eda y quiropraxia Mauricio Garc\u00eda abord\u00f3 una problem\u00e1tica cotidiana pero muchas veces subestimada: el cuidado de la columna vertebral y los errores m\u00e1s comunes que cometen las personas en su vida diaria.<\/p>\n<p data-start=\"468\" data-end=\"783\">Durante el programa emitido por Radio Bit\u00e1cora, el especialista destac\u00f3 que la columna \u201ces el eje del cuerpo\u201d, no solo desde lo estructural, sino tambi\u00e9n por su funci\u00f3n clave en la protecci\u00f3n del sistema nervioso central. En ese sentido, remarc\u00f3 que su cuidado no debe limitarse \u00fanicamente a la aparici\u00f3n del dolor.<\/p>\n<h2 data-section-id=\"vrsnxd\" data-start=\"785\" data-end=\"861\">LA COLUMNA: M\u00c1S QUE UNA ESTRUCTURA, EL CENTRO DEL FUNCIONAMIENTO CORPORAL<\/h2>\n<p data-start=\"863\" data-end=\"1120\">Garc\u00eda explic\u00f3 que la columna vertebral cumple un rol fundamental al resguardar la m\u00e9dula espinal, encargada de coordinar m\u00faltiples funciones del organismo. Por eso, advirti\u00f3 que descuidarla puede generar consecuencias que van m\u00e1s all\u00e1 de molestias f\u00edsicas.<\/p>\n<p data-start=\"1122\" data-end=\"1371\">\u201cEl dolor no es la \u00fanica alarma del cuerpo\u201d, sostuvo, al tiempo que subray\u00f3 la importancia de incorporar h\u00e1bitos saludables en la vida cotidiana, como mantener una postura adecuada al sentarse, dormir correctamente y evitar sobrecargas innecesarias.<\/p>\n<h2 data-section-id=\"1alknxd\" data-start=\"1373\" data-end=\"1420\">MALOS H\u00c1BITOS COTIDIANOS Y SUS CONSECUENCIAS<\/h2>\n<p data-start=\"1422\" data-end=\"1624\">Uno de los puntos centrales de la entrevista fue la naturalizaci\u00f3n de pr\u00e1cticas perjudiciales: sentarse de forma incorrecta, levantar peso sin cuidado o adoptar posturas inadecuadas durante el descanso.<\/p>\n<p data-start=\"1626\" data-end=\"1888\">Seg\u00fan el especialista, estas conductas, aunque no generen dolor inmediato, pueden provocar a largo plazo alteraciones en la columna. En ese sentido, hizo hincapi\u00e9 en que la elecci\u00f3n de una buena silla es importante, pero a\u00fan m\u00e1s lo es la forma en que se utiliza.<\/p>\n<p data-start=\"1890\" data-end=\"2023\">Tambi\u00e9n desaconsej\u00f3 dormir boca abajo, recomendando en cambio posiciones de costado o boca arriba para evitar tensiones innecesarias.<\/p>\n<h2 data-section-id=\"1pyxaij\" data-start=\"2025\" data-end=\"2074\">HERNIAS, PROTRUSIONES Y CONFUSIONES FRECUENTES<\/h2>\n<p data-start=\"2076\" data-end=\"2290\">Otro de los ejes abordados fue la confusi\u00f3n habitual en torno a los diagn\u00f3sticos. Garc\u00eda se\u00f1al\u00f3 que muchas personas creen padecer hernias de disco cuando en realidad presentan protrusiones o abombamientos discales.<\/p>\n<p data-start=\"2292\" data-end=\"2476\">Explic\u00f3 que la hernia discal implica la ruptura del disco intervertebral, mientras que las protrusiones son una instancia previa y, en muchos casos, no representan una condici\u00f3n grave.<\/p>\n<p data-start=\"2478\" data-end=\"2587\">\u201cLa mayor\u00eda de las personas tiene alg\u00fan grado de protrusi\u00f3n y no necesariamente es algo preocupante\u201d, aclar\u00f3.<\/p>\n<h2 data-section-id=\"lokxi1\" data-start=\"2589\" data-end=\"2634\">QUIROPRAXIA: PREVENCI\u00d3N M\u00c1S ALL\u00c1 DEL DOLOR<\/h2>\n<p data-start=\"2636\" data-end=\"2819\">En relaci\u00f3n con la quiropraxia, el profesional busc\u00f3 desmitificar la idea de que se trata \u00fanicamente de un tratamiento para aliviar el dolor mediante \u201chacer sonar\u201d las articulaciones.<\/p>\n<p data-start=\"2821\" data-end=\"3062\">Por el contrario, sostuvo que el objetivo principal es optimizar el funcionamiento del sistema nervioso, lo que puede traducirse en m\u00faltiples beneficios: mejora del sue\u00f1o, reducci\u00f3n del estr\u00e9s, mayor concentraci\u00f3n y mejor rendimiento f\u00edsico.<\/p>\n<p data-start=\"3064\" data-end=\"3240\">Adem\u00e1s, remarc\u00f3 que la pr\u00e1ctica debe ser realizada por profesionales capacitados y no de manera informal. \u201cNo es correcto hacerse sonar la columna por cuenta propia\u201d, advirti\u00f3.<\/p>\n<h2 data-section-id=\"1x3mo8x\" data-start=\"3242\" data-end=\"3282\">LA IMPORTANCIA DEL ENFOQUE PREVENTIVO<\/h2>\n<p data-start=\"3284\" data-end=\"3445\">Uno de los conceptos m\u00e1s reiterados durante la charla fue la necesidad de cambiar el enfoque: pasar de una medicina centrada en el dolor a una l\u00f3gica preventiva.<\/p>\n<p data-start=\"3447\" data-end=\"3638\">Garc\u00eda explic\u00f3 que es posible acudir al quiropr\u00e1ctico sin s\u00edntomas, con el objetivo de detectar desalineaciones vertebrales \u2014conocidas como subluxaciones\u2014 antes de que generen complicaciones.<\/p>\n<p data-start=\"3640\" data-end=\"3817\">Estas alteraciones pueden comprimir nervios y provocar no solo dolor, sino tambi\u00e9n disfunciones en distintos \u00f3rganos, como problemas digestivos, cefaleas o trastornos del sue\u00f1o.<\/p>\n<h2 data-section-id=\"1ciqbgi\" data-start=\"3819\" data-end=\"3871\">BLOQUEOS, DOLOR Y TRATAMIENTOS: QU\u00c9 HAY QUE SABER<\/h2>\n<p data-start=\"3873\" data-end=\"4055\">Durante la entrevista tambi\u00e9n se abord\u00f3 el tema de los bloqueos lumbares, un procedimiento m\u00e9dico que consiste en la aplicaci\u00f3n de f\u00e1rmacos en la zona afectada para aliviar el dolor.<\/p>\n<p data-start=\"4057\" data-end=\"4210\">El especialista aclar\u00f3 que se trata de una medida paliativa, generalmente utilizada en cuadros cr\u00f3nicos o como paso previo a una intervenci\u00f3n quir\u00fargica.<\/p>\n<p data-start=\"4212\" data-end=\"4362\">Asimismo, advirti\u00f3 sobre el riesgo de que, al desaparecer el dolor, el paciente retome h\u00e1bitos perjudiciales sin haber resuelto la causa del problema.<\/p>\n<h2 data-section-id=\"18u45eh\" data-start=\"4364\" data-end=\"4412\">EL ROL DEL PACIENTE EN SU PROPIA RECUPERACI\u00d3N<\/h2>\n<p data-start=\"4414\" data-end=\"4522\">Finalmente, Garc\u00eda hizo \u00e9nfasis en la responsabilidad individual en el proceso de recuperaci\u00f3n y prevenci\u00f3n.<\/p>\n<p data-start=\"4524\" data-end=\"4710\">\u201cEl tratamiento no termina en el consultorio\u201d, se\u00f1al\u00f3, al explicar que el paciente debe adoptar un rol activo mediante ejercicios, correcciones posturales y cambios en su estilo de vida.<\/p>\n<p data-start=\"4712\" data-end=\"4845\">Este enfoque, basado en la constancia y el compromiso, resulta clave para evitar reca\u00eddas y mejorar la calidad de vida a largo plazo.<\/p>\n<h2 data-section-id=\"luxk8w\" data-start=\"4847\" data-end=\"4881\">UNA MIRADA INTEGRAL DE LA SALUD<\/h2>\n<p data-start=\"4883\" data-end=\"5070\">La entrevista dej\u00f3 en claro que el cuidado de la columna no debe limitarse a intervenciones puntuales, sino que requiere una mirada integral que contemple h\u00e1bitos, prevenci\u00f3n y educaci\u00f3n.<\/p>\n<p data-start=\"5072\" data-end=\"5282\" data-is-last-node=\"\" data-is-only-node=\"\">En un contexto donde predominan el sedentarismo y las malas posturas, el mensaje del especialista apunta a generar conciencia: cuidar la columna es, en definitiva, cuidar el funcionamiento de todo el organismo.<\/p>\n<\/div>\n<\/div>\n<\/div>\n<\/div>\n<div class=\"z-0 flex min-h-[46px] justify-start\">\u00a0Mira el programa completo : <a href=\"https:\/\/www.youtube.com\/live\/4UzyQJEusQM?si=CZo9oE8h4pQ1rQSY\">https:\/\/www.youtube.com\/live\/4UzyQJEusQM?si=CZo9oE8h4pQ1rQSY<\/a><\/div>\n<div class=\"mt-3 w-full empty:hidden\">\n<div class=\"text-center\">\n<div class=\"td-post-content tagdiv-type\">\n<div class=\"flex flex-col text-sm pb-25\">\n<article class=\"text-token-text-primary w-full focus:outline-none [--shadow-height:45px] has-data-writing-block:pointer-events-none has-data-writing-block:-mt-(--shadow-height) has-data-writing-block:pt-(--shadow-height) [&amp;:has([data-writing-block])&gt;*]:pointer-events-auto scroll-mt-[calc(var(--header-height)+min(200px,max(70px,20svh)))]\" dir=\"auto\" tabindex=\"-1\" data-turn-id=\"request-WEB:31ec792b-41ed-4941-a8c7-c536dba9571c-3\" data-testid=\"conversation-turn-8\" data-scroll-anchor=\"true\" data-turn=\"assistant\">\n<div class=\"text-base my-auto mx-auto pb-10 [--thread-content-margin:var(--thread-content-margin-xs,calc(var(--spacing)*4))] @w-sm\/main:[--thread-content-margin:var(--thread-content-margin-sm,calc(var(--spacing)*6))] @w-lg\/main:[--thread-content-margin:var(--thread-content-margin-lg,calc(var(--spacing)*16))] px-(--thread-content-margin)\">\n<div class=\"[--thread-content-max-width:40rem] @w-lg\/main:[--thread-content-max-width:48rem] mx-auto max-w-(--thread-content-max-width) flex-1 group\/turn-messages focus-visible:outline-hidden relative flex w-full min-w-0 flex-col agent-turn\" tabindex=\"-1\">\n<div class=\"mt-3 w-full empty:hidden\">\n<div class=\"text-center\">\n<div class=\"html-div xdj266r x14z9mp xat24cr x1lziwak xexx8yu xyri2b x18d9i69 x1c1uobl\" dir=\"auto\">\n<div class=\"html-div xdj266r x14z9mp xat24cr x1lziwak xexx8yu xyri2b x18d9i69 x1c1uobl\" data-ad-rendering-role=\"story_message\">\n<div class=\"x1l90r2v x1iorvi4 x1g0dm76 xpdmqnj\" data-ad-comet-preview=\"message\" data-ad-preview=\"message\">\n<div class=\"x78zum5 xdt5ytf xz62fqu x16ldp7u\">\n<div class=\"xu06os2 x1ok221b\">\n<div class=\"html-div xdj266r x14z9mp xat24cr x1lziwak xexx8yu xyri2b x18d9i69 x1c1uobl\">\n<div class=\"x14z9mp xat24cr x1lziwak x1vvkbs xtlvy1s x126k92a\">\n<div dir=\"auto\">FUENTE : Multiplataformas, Radio, Tv y Streaming de Goya<\/div>\n<\/div>\n<\/div>\n<\/div>\n<\/div>\n<\/div>\n<\/div>\n<\/div>\n<div class=\"html-div xdj266r x14z9mp xat24cr x1lziwak xexx8yu xyri2b x18d9i69 x1c1uobl x1n2onr6\">\n<div class=\"html-div xdj266r x14z9mp xat24cr x1lziwak xexx8yu xyri2b x18d9i69 x1c1uobl x1n2onr6\">\n<div class=\"xmjcpbm x1n2onr6\">\n<div class=\"x78zum5 x14ju556 x6ikm8r x10wlt62 x1n2onr6\" data-ad-rendering-role=\"image\">\n<div class=\"x6s0dn4 x1jx94hy x78zum5 xdt5ytf x6ikm8r x10wlt62 x1n2onr6 xh8yej3\">\n<div>\n<div class=\"xqtp20y x6ikm8r x10wlt62 x1n2onr6\"><\/div>\n<\/div>\n<\/div>\n<\/div>\n<\/div>\n<\/div>\n<\/div>\n<\/div>\n<\/div>\n<\/div>\n<\/div>\n<\/article>\n<\/div>\n<div class=\"pointer-events-none h-px w-px absolute bottom-0\" aria-hidden=\"true\" data-edge=\"true\"><\/div>\n<\/div>\n<footer>\n<div class=\"td-post-source-tags\"><\/div>\n<\/footer>\n<\/div>\n<\/div>\n<\/div>\n<\/div>\n<\/article>\n<\/div>\n<div class=\"pointer-events-none h-px w-px absolute bottom-0\" aria-hidden=\"true\" data-edge=\"true\"><\/div>\n","protected":false},"excerpt":{"rendered":"<p>UNA CHARLA EN GOYA QUE PONE EL FOCO EN LOS H\u00c1BITOS Y LA PREVENCI\u00d3N En una entrevista radial realizada en la ciudad de Goya, el licenciado en kinesiolog\u00eda y quiropraxia Mauricio Garc\u00eda abord\u00f3 una problem\u00e1tica cotidiana pero muchas veces subestimada: el cuidado de la columna vertebral y los errores m\u00e1s comunes que cometen las personas [&hellip;]<\/p>\n","protected":false},"author":2,"featured_media":31484,"comment_status":"open","ping_status":"open","sticky":false,"template":"","format":"standard","meta":{"footnotes":""},"categories":[74],"tags":[],"class_list":{"0":"post-31483","1":"post","2":"type-post","3":"status-publish","4":"format-standard","5":"has-post-thumbnail","7":"category-bitacora-tv"},"_links":{"self":[{"href":"https:\/\/radiobitacora.com.ar\/web\/wp-json\/wp\/v2\/posts\/31483","targetHints":{"allow":["GET"]}}],"collection":[{"href":"https:\/\/radiobitacora.com.ar\/web\/wp-json\/wp\/v2\/posts"}],"about":[{"href":"https:\/\/radiobitacora.com.ar\/web\/wp-json\/wp\/v2\/types\/post"}],"author":[{"embeddable":true,"href":"https:\/\/radiobitacora.com.ar\/web\/wp-json\/wp\/v2\/users\/2"}],"replies":[{"embeddable":true,"href":"https:\/\/radiobitacora.com.ar\/web\/wp-json\/wp\/v2\/comments?post=31483"}],"version-history":[{"count":3,"href":"https:\/\/radiobitacora.com.ar\/web\/wp-json\/wp\/v2\/posts\/31483\/revisions"}],"predecessor-version":[{"id":31487,"href":"https:\/\/radiobitacora.com.ar\/web\/wp-json\/wp\/v2\/posts\/31483\/revisions\/31487"}],"wp:featuredmedia":[{"embeddable":true,"href":"https:\/\/radiobitacora.com.ar\/web\/wp-json\/wp\/v2\/media\/31484"}],"wp:attachment":[{"href":"https:\/\/radiobitacora.com.ar\/web\/wp-json\/wp\/v2\/media?parent=31483"}],"wp:term":[{"taxonomy":"category","embeddable":true,"href":"https:\/\/radiobitacora.com.ar\/web\/wp-json\/wp\/v2\/categories?post=31483"},{"taxonomy":"post_tag","embeddable":true,"href":"https:\/\/radiobitacora.com.ar\/web\/wp-json\/wp\/v2\/tags?post=31483"}],"curies":[{"name":"wp","href":"https:\/\/api.w.org\/{rel}","templated":true}]}}