{"id":31488,"date":"2026-03-17T18:19:45","date_gmt":"2026-03-17T21:19:45","guid":{"rendered":"https:\/\/radiobitacora.com.ar\/web\/?p=31488"},"modified":"2026-03-17T18:19:45","modified_gmt":"2026-03-17T21:19:45","slug":"dirigentes-fieles-un-ministro-kicillofista-y-militancia-con-bombos-en-la-marcha-de-apoyo-a-cristina-kirchner-por-la-causa-de-los-cuadernos","status":"publish","type":"post","link":"https:\/\/radiobitacora.com.ar\/web\/2026\/03\/17\/dirigentes-fieles-un-ministro-kicillofista-y-militancia-con-bombos-en-la-marcha-de-apoyo-a-cristina-kirchner-por-la-causa-de-los-cuadernos\/","title":{"rendered":"Dirigentes fieles, un ministro kicillofista y militancia con bombos en la marcha de apoyo a Cristina Kirchner por la causa de los Cuadernos"},"content":{"rendered":"<div id=\"element-body-0\" class=\"sc-45461e9c-0 eqiBeF container-text text-embed \">\n<p>Bombos, banderas y redoblantes formaron parte del cotill\u00f3n de un nutrido grupo de militantes kirchneristas, en especial de\u00a0<strong>La C\u00e1mpora<\/strong>, aunque tambi\u00e9n estaban los de Patria Grande de<strong>\u00a0Juan Grabois<\/strong>, que se manifestaron en la esquina de San Jos\u00e9 y Humberto 1\u00b0, en el barrio de Constituci\u00f3n. En una especie de vigilia ante la citaci\u00f3n a declarar a\u00a0<strong>Cristina Kirchner<\/strong>\u00a0en la causa de &#8220;<a title=\"Los cuadernos de las coimas\" href=\"https:\/\/www.clarin.com\/tema\/los-cuadernos-de-las-coimas.html\" target=\"_blank\" rel=\"noopener\" data-mrf-link=\"https:\/\/www.clarin.com\/tema\/los-cuadernos-de-las-coimas.html\">Los cuadernos de las coimas<\/a>&#8220;, tambi\u00e9n participaron dirigentes fieles y kicillofistas.<\/p>\n<\/div>\n<div id=\"element-body-1\" class=\"sc-45461e9c-0 eqiBeF container-text text-embed \">\n<p>Desde temprano la militancia se dio cita en San Jos\u00e9 1111, donde desplegaron muchas banderas de apoyo a Cristina Kirchner y algunos pasacalles sin firma pero contundentes:\u00a0<strong>&#8220;Te vamos a liberar&#8221;<\/strong>.<\/p>\n<\/div>\n<div id=\"element-body-2\" class=\"sc-45461e9c-0 eqiBeF container-text text-embed \">\n<p><strong>La presencia de la agrupaci\u00f3n de M\u00e1ximo Kirchner fue mayoritaria<\/strong> frente a la de Grabois y el cancionero fue en defensa de Cristina Kirchner y contra Javier Milei, entre otros destinatarios.<\/p>\n<\/div>\n<div id=\"element-body-3\" class=\"sc-45461e9c-0 eqiBeF container-text text-embed \">\n<p>Estaba citada a las 9 de la ma\u00f1ana y una hora antes, ya estaba armado el cord\u00f3n para que junto con su custodia pudiera llegar a horario a los tribunales de Comodoro Py, donde estuvo por poco m\u00e1s de una hora.<\/p>\n<\/div>\n<div id=\"element-body-4\" class=\"sc-45461e9c-0 eqiBeF container-text text-embed \">\n<p>La dirigencia peronista que apoy\u00f3 a Cristina Kirchner dividi\u00f3 su presencia. Algunos, como Germ\u00e1n Mart\u00ednez, presidente de la bancada peronista en Diputados, o el ex senador Oscar Parrilli. Tambi\u00e9n los diputados Agust\u00edn Rossi, Juan Grabois, Horacio Pietragalla Corti, Hugo Yasky, Sergio Palazzo, Teresa Garc\u00eda y por supuesto, M\u00e1ximo Kirchner.<\/p>\n<\/div>\n<div id=\"element-body-5\" class=\"sc-98b114a2-0 bkqiHH image-embed  image-embed \"><picture class=\"sc-98b114a2-1 jRUlDm\"><source srcset=\"https:\/\/www.clarin.com\/img\/2026\/03\/17\/Oehbfbn0w_720x0__1.jpg\" media=\"(min-width: 975px)\" \/><img loading=\"lazy\" decoding=\"async\" src=\"https:\/\/www.clarin.com\/img\/2026\/03\/17\/Oehbfbn0w_720x0__1.jpg\" alt=\"Cristina Kirchner fue a declarar a Tribunales. Foto: Guillermo Rodr\u00edguez Adami\" width=\"720\" height=\"480\" data-nimg=\"1\" \/><\/picture><span class=\"epigraphe\" aria-hidden=\"true\">Cristina Kirchner fue a declarar a Tribunales. Foto: Guillermo Rodr\u00edguez Adami<\/span><\/div>\n<div id=\"element-body-6\" class=\"sc-45461e9c-0 eqiBeF container-text text-embed \">\n<p>Adem\u00e1s, los senadores Juliana di Tullio,Eduardo &#8220;Wado&#8221; de Pedro, Mariano Recalde; e intendentes como Federico Oterm\u00edn (Lomas de Zamora), Gustavo Men\u00e9ndez (Merlo), Mariel Fern\u00e1ndez (Moreno)<\/p>\n<\/div>\n<div id=\"element-body-7\" class=\"sc-45461e9c-0 eqiBeF container-text text-embed \">\n<p>Entre los dirigentes camporistas dieron el presente los legisladores bonaerenses Mayra Mendoza, Fernanda Raverta, tambi\u00e9n el ministro de Justicia de Kicillof y camporista, Juan Mart\u00edn Mena.<\/p>\n<\/div>\n<div id=\"element-body-8\" class=\"sc-45461e9c-0 eqiBeF container-text text-embed \">\n<p><strong>Otro que estuvo temprano fue Gabriel Katopodis,<\/strong>\u00a0ministro de Infraestructura y Servicios P\u00fablicos de la provincia de Buenos Aires, cercano a Kicillof.<\/p>\n<\/div>\n<div id=\"element-body-9\" class=\"sc-106e49c0-0 dcVumd freeHtml-embed undefined\">\n<div class=\"twitter-tweet twitter-tweet-rendered\"><iframe id=\"twitter-widget-0\" class=\"\" title=\"X Post\" src=\"https:\/\/platform.twitter.com\/embed\/Tweet.html?dnt=false&amp;embedId=twitter-widget-0&amp;features=eyJ0ZndfdGltZWxpbmVfbGlzdCI6eyJidWNrZXQiOltdLCJ2ZXJzaW9uIjpudWxsfSwidGZ3X2ZvbGxvd2VyX2NvdW50X3N1bnNldCI6eyJidWNrZXQiOnRydWUsInZlcnNpb24iOm51bGx9LCJ0ZndfdHdlZXRfZWRpdF9iYWNrZW5kIjp7ImJ1Y2tldCI6Im9uIiwidmVyc2lvbiI6bnVsbH0sInRmd19yZWZzcmNfc2Vzc2lvbiI6eyJidWNrZXQiOiJvbiIsInZlcnNpb24iOm51bGx9LCJ0ZndfZm9zbnJfc29mdF9pbnRlcnZlbnRpb25zX2VuYWJsZWQiOnsiYnVja2V0Ijoib24iLCJ2ZXJzaW9uIjpudWxsfSwidGZ3X21peGVkX21lZGlhXzE1ODk3Ijp7ImJ1Y2tldCI6InRyZWF0bWVudCIsInZlcnNpb24iOm51bGx9LCJ0ZndfZXhwZXJpbWVudHNfY29va2llX2V4cGlyYXRpb24iOnsiYnVja2V0IjoxMjA5NjAwLCJ2ZXJzaW9uIjpudWxsfSwidGZ3X3Nob3dfYmlyZHdhdGNoX3Bpdm90c19lbmFibGVkIjp7ImJ1Y2tldCI6Im9uIiwidmVyc2lvbiI6bnVsbH0sInRmd19kdXBsaWNhdGVfc2NyaWJlc190b19zZXR0aW5ncyI6eyJidWNrZXQiOiJvbiIsInZlcnNpb24iOm51bGx9LCJ0ZndfdXNlX3Byb2ZpbGVfaW1hZ2Vfc2hhcGVfZW5hYmxlZCI6eyJidWNrZXQiOiJvbiIsInZlcnNpb24iOm51bGx9LCJ0ZndfdmlkZW9faGxzX2R5bmFtaWNfbWFuaWZlc3RzXzE1MDgyIjp7ImJ1Y2tldCI6InRydWVfYml0cmF0ZSIsInZlcnNpb24iOm51bGx9LCJ0ZndfbGVnYWN5X3RpbWVsaW5lX3N1bnNldCI6eyJidWNrZXQiOnRydWUsInZlcnNpb24iOm51bGx9LCJ0ZndfdHdlZXRfZWRpdF9mcm9udGVuZCI6eyJidWNrZXQiOiJvbiIsInZlcnNpb24iOm51bGx9fQ%3D%3D&amp;frame=false&amp;hideCard=false&amp;hideThread=false&amp;id=2033910170116329898&amp;lang=es&amp;origin=https%3A%2F%2Fwww.clarin.com%2Fpolitica%2Fdirigentes-fieles-ministro-kicillofista-militancia-bombos-bandera-lema-vamos-liberar_0_MEkW868xF0.html&amp;sessionId=61b5cd451670062bad6609a8861abe1e27950ee7&amp;theme=light&amp;widgetsVersion=2615f7e52b7e0%3A1702314776716&amp;width=550px\" frameborder=\"0\" scrolling=\"no\" allowfullscreen=\"allowfullscreen\" data-gtm-yt-inspected-61897_520=\"true\" data-gtm-yt-inspected-8=\"true\" data-gtm-yt-inspected-21=\"true\" data-tweet-id=\"2033910170116329898\" data-mce-fragment=\"1\"><\/iframe><\/div>\n<\/div>\n<div id=\"element-body-10\" class=\"sc-45461e9c-0 eqiBeF container-text text-embed \">\n<p><strong>Cuando faltaban 20 minutos para su declaraci\u00f3n, Cristina Kirchner sali\u00f3 de San Jos\u00e9 1111 y fue vitoreada por la militancia.<\/strong>\u00a0Entre la muchedumbre en San Jos\u00e9 se mezclaron Felipe Sol\u00e1 y el premio Nobel de la Paz Adolfo P\u00e9rez Esquivel.<\/p>\n<\/div>\n<div id=\"element-body-11\" class=\"sc-45461e9c-0 eqiBeF container-text text-embed \">\n<p>En Comodoro Py, la situaci\u00f3n fue distinta. La C\u00e1mpora le hab\u00eda pedido a la militancia concentrarse en San Jos\u00e9 y\u00a0<strong>frente a la reja de Tribunales solo hubo una veintena militantes con remeras de Cristina Kirchner<\/strong>\u00a0y banderas espera a la ex presidenta. Pero entr\u00f3 por el garage y esos militantes no la pudieron ver.<\/p>\n<\/div>\n<div id=\"element-body-12\" class=\"sc-45461e9c-0 eqiBeF container-text text-embed \">\n<p>Tras el regreso de Cristina Kirchner a las 10.22, algunos militantes iniciaron la desconcentraci\u00f3n de San Jos\u00e9 1111. Pasadas las 11, mientras sonaban bombos, de forma t\u00edmida varios empezaron a descolgar las banderas, al tiempo que una militante y vendedora ambulante ofrec\u00eda con lentes de sol de La C\u00e1mpora a $10.000.<\/p>\n<\/div>\n<div id=\"element-body-13\" class=\"sc-98b114a2-0 bkqiHH image-embed  image-embed \"><picture class=\"sc-98b114a2-1 jRUlDm\"><source srcset=\"https:\/\/www.clarin.com\/img\/2026\/03\/17\/SAfLWYeY7_720x0__1.jpg\" media=\"(min-width: 975px)\" \/><img loading=\"lazy\" decoding=\"async\" src=\"https:\/\/www.clarin.com\/img\/2026\/03\/17\/SAfLWYeY7_720x0__1.jpg\" alt=\"Cristina Fern\u00e1ndez de Kirchner saluda a la militancia desde su prisi\u00f3n domiciliaria en San Jos\u00e9 1111. Foto: Luciano Thieberger\" width=\"720\" height=\"480\" data-nimg=\"1\" \/><\/picture><span class=\"epigraphe\" aria-hidden=\"true\">Cristina Fern\u00e1ndez de Kirchner saluda a la militancia desde su prisi\u00f3n domiciliaria en San Jos\u00e9 1111. Foto: Luciano Thieberger<\/span><\/div>\n<div id=\"element-body-14\" class=\"sc-45461e9c-0 eqiBeF container-text text-embed \">\n<p><strong>Varios hicieron filas para subir a los ocho colectivos escolares estacionados sobre la avenida San Juan,<\/strong>\u00a0que delante ten\u00edan el nombre de Hurling Bus. El intendente de Hurlingham, Dami\u00e1n Selci, es camporista y tambi\u00e9n estuvo en la esquina de Constituci\u00f3n.<\/p>\n<\/div>\n<div id=\"element-body-15\" class=\"sc-45461e9c-0 eqiBeF container-text text-embed \">\n<p>Tambi\u00e9n hab\u00eda banderas de Lan\u00fas, gobernado por el camporista Juli\u00e1n \u00c1lvarez, y de Quilmes, donde la intendenta Eva Mieri, reemplaz\u00f3 a Mayra Mendoza, que pidi\u00f3 licencia para asumir como diputada provincial.<\/p>\n<\/div>\n<div id=\"element-body-16\" class=\"sc-45461e9c-0 eqiBeF container-text text-embed \">\n<p>La jornada que para la militancia empez\u00f3 a las 6 de la ma\u00f1ana termin\u00f3 al mediod\u00eda. M\u00e1s o menos a eso de las 6.30 los propios militantes cortaron el tr\u00e1nsito en San Jos\u00e9 1111, y desde ah\u00ed empez\u00f3 el despliegue de banderas y pasacalles.<\/p>\n<\/div>\n<div id=\"element-body-17\" class=\"sc-98b114a2-0 bkqiHH image-embed  image-embed \"><picture class=\"sc-98b114a2-1 jRUlDm\"><source srcset=\"https:\/\/www.clarin.com\/img\/2026\/03\/17\/A_IwvoObk_720x0__1.jpg\" media=\"(min-width: 975px)\" \/><img loading=\"lazy\" decoding=\"async\" src=\"https:\/\/www.clarin.com\/img\/2026\/03\/17\/A_IwvoObk_720x0__1.jpg\" alt=\"Militantes de Cristina Fern\u00e1ndez de Kirchner en San Jos\u00e9 1111. Foto:  Reuters\/Tomas Cuesta\" width=\"720\" height=\"480\" data-nimg=\"1\" \/><\/picture><span class=\"epigraphe\" aria-hidden=\"true\">Militantes de Cristina Fern\u00e1ndez de Kirchner en San Jos\u00e9 1111. Foto: Reuters\/Tomas Cuesta<\/span><\/div>\n<div id=\"element-body-18\" class=\"sc-45461e9c-0 eqiBeF container-text text-embed \">\n<p>Minutos antes de las 11.30, un gran n\u00famero de militantes de La C\u00e1mpora dej\u00f3 la esquina de San Jos\u00e9 y Humberto 1\u00b0, hacia la avenida San Juan. Si bien no qued\u00f3 habilitado el tr\u00e1nsito vehicular, el n\u00famero de manifestantes en la puerta de la casa de la ex presidenta se redujo de forma considerable y pasado el mediod\u00eda recobr\u00f3 su ritmo habitual.<\/p>\n<\/div>\n","protected":false},"excerpt":{"rendered":"<p>Bombos, banderas y redoblantes formaron parte del cotill\u00f3n de un nutrido grupo de militantes kirchneristas, en especial de\u00a0La C\u00e1mpora, aunque tambi\u00e9n estaban los de Patria Grande de\u00a0Juan Grabois, que se manifestaron en la esquina de San Jos\u00e9 y Humberto 1\u00b0, en el barrio de Constituci\u00f3n. En una especie de vigilia ante la citaci\u00f3n a declarar [&hellip;]<\/p>\n","protected":false},"author":2,"featured_media":31491,"comment_status":"open","ping_status":"open","sticky":false,"template":"","format":"standard","meta":{"footnotes":""},"categories":[79],"tags":[],"class_list":{"0":"post-31488","1":"post","2":"type-post","3":"status-publish","4":"format-standard","5":"has-post-thumbnail","7":"category-politica"},"_links":{"self":[{"href":"https:\/\/radiobitacora.com.ar\/web\/wp-json\/wp\/v2\/posts\/31488","targetHints":{"allow":["GET"]}}],"collection":[{"href":"https:\/\/radiobitacora.com.ar\/web\/wp-json\/wp\/v2\/posts"}],"about":[{"href":"https:\/\/radiobitacora.com.ar\/web\/wp-json\/wp\/v2\/types\/post"}],"author":[{"embeddable":true,"href":"https:\/\/radiobitacora.com.ar\/web\/wp-json\/wp\/v2\/users\/2"}],"replies":[{"embeddable":true,"href":"https:\/\/radiobitacora.com.ar\/web\/wp-json\/wp\/v2\/comments?post=31488"}],"version-history":[{"count":1,"href":"https:\/\/radiobitacora.com.ar\/web\/wp-json\/wp\/v2\/posts\/31488\/revisions"}],"predecessor-version":[{"id":31492,"href":"https:\/\/radiobitacora.com.ar\/web\/wp-json\/wp\/v2\/posts\/31488\/revisions\/31492"}],"wp:featuredmedia":[{"embeddable":true,"href":"https:\/\/radiobitacora.com.ar\/web\/wp-json\/wp\/v2\/media\/31491"}],"wp:attachment":[{"href":"https:\/\/radiobitacora.com.ar\/web\/wp-json\/wp\/v2\/media?parent=31488"}],"wp:term":[{"taxonomy":"category","embeddable":true,"href":"https:\/\/radiobitacora.com.ar\/web\/wp-json\/wp\/v2\/categories?post=31488"},{"taxonomy":"post_tag","embeddable":true,"href":"https:\/\/radiobitacora.com.ar\/web\/wp-json\/wp\/v2\/tags?post=31488"}],"curies":[{"name":"wp","href":"https:\/\/api.w.org\/{rel}","templated":true}]}}