{"id":31493,"date":"2026-03-17T18:25:43","date_gmt":"2026-03-17T21:25:43","guid":{"rendered":"https:\/\/radiobitacora.com.ar\/web\/?p=31493"},"modified":"2026-03-17T18:25:43","modified_gmt":"2026-03-17T21:25:43","slug":"cristina-kirchner-no-acepto-preguntas-y-se-retiro-me-puedo-morir-presa-con-este-sistema-judicial","status":"publish","type":"post","link":"https:\/\/radiobitacora.com.ar\/web\/2026\/03\/17\/cristina-kirchner-no-acepto-preguntas-y-se-retiro-me-puedo-morir-presa-con-este-sistema-judicial\/","title":{"rendered":"Cristina Kirchner no acept\u00f3 preguntas y se retir\u00f3: &#8220;Me puedo morir presa con este sistema judicial&#8221;"},"content":{"rendered":"<p>La\u00a0<a href=\"https:\/\/www.perfil.com\/noticias\/politica\/causa-cuadernos-cristina-kirchner-declara-este-martes-en-comodoro-py.phtml\" target=\"_blank\" rel=\"noopener\">expresidenta\u00a0<strong>Cristina Kirchner<\/strong><\/a>\u00a0prest\u00f3 declaraci\u00f3n indagatoria presencial este martes 17 de marzo por el\u00a0<strong>Tribunal Oral en lo Criminal Federal Nro.7<\/strong>, en el marco de la causa que la se\u00f1ala como la jefa de una presunta asociaci\u00f3n il\u00edcita por el\u00a0<strong>caso Cuadernos<\/strong>. La exmandataria\u00a0<strong>no acept\u00f3 preguntas<\/strong>\u00a0y durante su declaraci\u00f3n calific\u00f3 como &#8220;un disparate&#8221; a la causa Vialidad, por la que cumple condena, y\u00a0<strong>le reclam\u00f3 coherencia<\/strong>\u00a0a los jueces.<\/p>\n<p><strong>&#8220;Si me hubiera robado miles de millones no estar\u00eda sentada ac\u00e1&#8221;<\/strong>, ironiz\u00f3 en medio de su declaraci\u00f3n, en referencia a las coimas por las que se la acusa, tras hacer referencia al\u00a0<strong>caso (Marcelo) D\u00b4Alessio<\/strong>\u00a0y calificar de\u00a0<strong>&#8220;mafiosos&#8221;\u00a0<\/strong>a<strong>\u00a0Claudio Bonadio<\/strong>\u00a0y\u00a0<strong>Carlos Stornelli<\/strong>. Tambi\u00e9n apunt\u00f3 contra el presidente\u00a0<strong>Javier Milei<\/strong>:\u00a0<strong>&#8220;Anunci\u00f3 que voy a seguir presa y eso viola la Constituci\u00f3n&#8221;<\/strong>.<\/p>\n<div class=\"subscription\">\n<div class=\"subscription__title\">Esto no les gusta a los autoritarios<\/div>\n<div class=\"subscription__container\">\n<div class=\"subscription__text-wrapper\">\n<div class=\"subscription__main-text\">El ejercicio del periodismo profesional y cr\u00edtico es un pilar fundamental de la democracia. Por eso molesta a quienes creen ser los due\u00f1os de la verdad.<\/div>\n<div class=\"subscription__cta-wrapper\">Hoy m\u00e1s que nunca<a id=\"pw-btn-register\" class=\"pw-modal__button\" href=\"https:\/\/mi.perfil.com\/\" type=\"button\">Suscribite<\/a><\/div>\n<\/div>\n<\/div>\n<div class=\"subscription__footer\">\n<div class=\"subscription__logo\"><\/div>\n<\/div>\n<div class=\"subscription__media\"><\/div>\n<\/div>\n<p>Poco despu\u00e9s de una hora la exmandataria se retir\u00f3 de Comodoro Py\u00a0<strong>sin responder preguntas<\/strong>\u00a0y pas\u00f3 al banquillo de los acusados el exministro de Planificaci\u00f3n\u00a0<strong>Julio De Vido<\/strong>, quien tampoco acept\u00f3 preguntas y, muy brevemente, se\u00f1al\u00f3: &#8220;Rechazo total y categ\u00f3ricamente por falsa e infundada el requerimiento del Ministerio P\u00fablico Fiscal y la UFI, que\u00a0<strong>creo que no deber\u00eda ser parte de este proceso<\/strong>&#8220;.<\/p>\n<p>&nbsp;<\/p>\n<h2><strong>Minuto a minuto de la indagatoria a Cristina Kirchner en Comodoro Py:<\/strong><\/h2>\n<h2><strong>10.15: Julio De Vido fue llamado a declarar<\/strong><\/h2>\n<p>Luego de que CFK se retirara de la sala de audiencias, el exministro de Planificaci\u00f3n\u00a0<strong>Julio De Vido<\/strong>\u00a0fue llamado al banquillo de los acusados. Antes de comenzar a declarar, le adelant\u00f3 al Tribunal que\u00a0<strong>no aceptar\u00e1 preguntas<\/strong>.<\/p>\n<p>&#8220;Rechazo total y categ\u00f3ricamente por falsa e infundada el requerimiento del Ministerio P\u00fablico Fiscal y la UFI, que\u00a0<strong>creo que no deber\u00eda ser parte de este proceso<\/strong>&#8220;, sostuvo.<\/p>\n<p>En su declaraci\u00f3n, el exfuncionario tambi\u00e9n remarc\u00f3 que le cuesta asistir de forma presencial a los tribunales, dado que es\u00a0<strong>diab\u00e9tico e hipertenso<\/strong>\u00a0y asever\u00f3:\u00a0<strong>&#8220;Estoy preso y enfermo pero preferir\u00eda morirme en mi casa&#8221;<\/strong>. &#8220;No tengo m\u00e1s nada que decir&#8221;, cerr\u00f3 luego, se retir\u00f3 y la audiencia pas\u00f3 a un\u00a0<strong>cuarto intermedio<\/strong>.<\/p>\n<p>&nbsp;<\/p>\n<h2><strong>10.09: Cristina Kirchner se retir\u00f3 de Comodoro Py<\/strong><\/h2>\n<p>Poco antes de las 10:10, la expresidenta\u00a0<strong>Cristina Kirchner<\/strong>\u00a0se retir\u00f3 del edificio de Comodoro Py luego de haber prestado declaraci\u00f3n indagatoria ante el\u00a0<strong>Tribunal Oral en lo Criminal Federal Nro.7<\/strong>\u00a0y tras haberse negado a responder preguntas tanto del Tribunal como de la fiscal general,\u00a0<strong>Fabiana Le\u00f3n<\/strong>.<\/p>\n<p>Luego de retirarse, la exmandataria regres\u00f3 a su domicilio, ubicado en\u00a0<strong>San Jos\u00e9 1111<\/strong>\u00a0en el barrio de Constituci\u00f3n, donde cumple\u00a0<strong>prisi\u00f3n domiciliaria<\/strong>\u00a0por la causa Vialidad. En el lugar fue recibida por un grupo de militantes kirchneristas que se quedaron a esperarla en se\u00f1al de apoyo.<\/p>\n<picture><source srcset=\"https:\/\/fotos.perfil.com\/\/2026\/03\/17\/440\/0\/cristina-fernandez-de-kirchner-llega-despues-de-declarar-17032026-2204402.jpg?webp\" media=\"(max-width: 440px)\" \/><source srcset=\"https:\/\/fotos.perfil.com\/\/2026\/03\/17\/712\/0\/cristina-fernandez-de-kirchner-llega-despues-de-declarar-17032026-2204402.jpg?webp\" media=\"(max-width: 1019px)\" \/><img decoding=\"async\" src=\"https:\/\/fotos.perfil.com\/\/2026\/03\/17\/900\/0\/cristina-fernandez-de-kirchner-llega-despues-de-declarar-17032026-2204402.jpg?webp\" alt=\"Cristina Fern\u00e1ndez de Kirchner llega despu\u00e9s de declarar 17032026\" \/><\/picture>\n<p>&nbsp;<\/p>\n<h2><strong>10.05: Cristina Kirchner cerr\u00f3 su declaraci\u00f3n y se neg\u00f3 a responder preguntas: &#8220;Me puedo morir presa con este sistema judicial&#8221;<\/strong><\/h2>\n<p>Para cerrar su declaraci\u00f3n en los tribunales federales de\u00a0<strong>Comodoro Py<\/strong>, la expresidenta volvi\u00f3 a criticar al sistema judicial argentino y asever\u00f3: &#8220;<strong>Me puedo morir presa con este sistema judicial\u00a0<\/strong>pero cr\u00e9anme que en alg\u00fan momento esto se va a terminar&#8221;.<\/p>\n<p><strong>&#8220;No voy a formar parte de este circo&#8221;<\/strong>, advirti\u00f3 luego y\u00a0<strong>se neg\u00f3 a contestar preguntas<\/strong>. &#8220;Me preguntaba el presidente del tribunal si voy a contestar preguntas. Voy a contestar preguntas de este tribunal y de cualquier otro cuando lo llame a Stornelli a que declare sobre alguna de las barbaridades que est\u00e1n comprobadas en expedientes que est\u00e1n en esta misma causa&#8221;.<\/p>\n<p>Antes de cerrar, a\u00f1adi\u00f3: &#8220;Voy a pensar en responder preguntas el d\u00eda que alg\u00fan juez cite a Mauricio Macri para hablar de los parques e\u00f3licos (&#8230;) No hay una sola causa por la deuda del Fondo Monetario, el d\u00eda que llamen al alg\u00fan ministro, al &#8216;Toto&#8217; Caputo&#8230;\u00a0<strong>Ese d\u00eda voy a contestar preguntas, pero hasta ese d\u00eda no voy a formar parte de este circo<\/strong>&#8220;.<\/p>\n<p>&nbsp;<\/p>\n<h2><strong>10.01: &#8220;Anunci\u00f3 que voy a seguir presa&#8221;: Cristina Kirchner apunt\u00f3 contra Javier Milei y lo acus\u00f3 de violar la Constituci\u00f3n<\/strong><\/h2>\n<p>Llegando al final de su declaraci\u00f3n, la exmandataria apunt\u00f3 contra el\u00a0<a href=\"https:\/\/www.perfil.com\/noticias\/politica\/acto-por-el-atentado-a-la-embajada-de-israel-javier-milei-participara-del-homenaje-a-34-anos-del-ataque.phtml\" target=\"_blank\" rel=\"noopener\">presidente\u00a0<strong>Javier Milei<\/strong><\/a>\u00a0y, en referencia al discurso del libertario en la inauguraci\u00f3n de la asamblea legislativa, se\u00f1al\u00f3:\u00a0<strong>&#8220;Javier Milei anunci\u00f3 que voy a seguir presa y eso viola la Constituci\u00f3n&#8221;<\/strong>.<\/p>\n<p>&#8220;El Presidente Milei dijo que iba a seguir presa por Cuadernos y Pacto con Ir\u00e1n.\u00a0<strong>M\u00e1s violatorio de la manda constitucional no hay desde la \u00e9poca de Rosas, no hay<\/strong>&#8220;, insisti\u00f3 en referencia al momento en el que el Jefe de Estado la llam\u00f3 &#8220;chorra&#8221; y advirti\u00f3: &#8220;Va a seguir presa por el caso Cuadernos y por el Pacto con Ir\u00e1n&#8221;.<\/p>\n<p>CFK consider\u00f3 que las declaraciones de Milei se trataba de una\u00a0<strong>intromisi\u00f3n del Poder Ejecutivo en el Poder Judicial<\/strong>, motivo por el que lo acus\u00f3 de violar la Constituci\u00f3n Nacional.<\/p>\n<p>&nbsp;<\/p>\n<h2><strong>09.57: Cristina Kirchner le reclam\u00f3 coherencia a los jueces<\/strong><\/h2>\n<p>&#8220;Estoy presa porque dec\u00edan que administraba todo en favor de L\u00e1zaro B\u00e1ez y ahora dicen que tengo que ir presa porque soy la socia de todos los otros empresarios. \u00bfEn serio?\u00a0<strong>Tienen derecho a perseguir peo sean m\u00e1s coherentes a la hora de perseguir<\/strong>&#8220;, cuestion\u00f3 la expresidenta en su dura declaraci\u00f3n en Comodoro Py.<\/p>\n<p>En una cr\u00edtica directa a su acusaci\u00f3n en la causa Cuadernos, la exmandataria insisti\u00f3 en que\u00a0<strong>&#8220;Vialidad es un poroto al lado de esta causa&#8221;<\/strong>\u00a0e intent\u00f3 desestimar la instrucci\u00f3n del caso, insistiendo en que &#8220;se fraguaron pruebas&#8221; para realizar las acusaciones.<\/p>\n<p>&#8220;<strong>El fiscal de esta causa que dice que somos todos delincuentes ten\u00eda v\u00ednculos con D\u2019Alessio que comandaba una asociaci\u00f3n il\u00edcita<\/strong>. (&#8230;) No tiene que ver con esta causa pero refleja c\u00f3mo se usa el cargo poni\u00e9ndole droga al ex marido de la mujer, eso lo permiti\u00f3 Stornelli. Asqueroso, mafioso&#8221;, a\u00f1adi\u00f3.<\/p>\n<p>&nbsp;<\/p>\n<h2><strong>09.38: &#8220;Si me hubiera robado miles de millones no estar\u00eda sentada ac\u00e1&#8221;, ironiz\u00f3 Cristina Kirchner y habl\u00f3 de las coimas<\/strong><\/h2>\n<p>Durante su declaraci\u00f3n en el marco de la\u00a0<a href=\"https:\/\/www.perfil.com\/noticias\/politica\/ratificaron-que-seguira-el-juicio-en-la-causa-cuadernos-y-citaron-a-cristina-kirchner-para-que-declare-el-martes.phtml\" target=\"_blank\" rel=\"noopener\">causa Cuadernos<\/a>, la expresidenta\u00a0<strong>Cristina Kirchner<\/strong>\u00a0hizo referencia hacia las acusaciones sobre que se rob\u00f3 &#8220;miles de millones&#8221; durante su gobierno e ironiz\u00f3:\u00a0<strong>&#8220;Si me hubiera robado millones de d\u00f3lares, no estar\u00eda ac\u00e1&#8221;<\/strong>.<\/p>\n<p>&#8220;Me dieron vuelta, me allanaron, me rompieron la casa de Calafate.\u00a0<strong>\u00bfUstedes saben c\u00f3mo vivo yo y c\u00f3mo viven mis hijos? \u00bfQu\u00e9 es eso de que me rob\u00e9 un PBI?<\/strong>\u00a0Miren, si me hubiera robado miles de millones no estar\u00eda sentada ac\u00e1, sobre todo teniendo en cuenta ciertos funcionamientos de la justicia&#8221;, cuestion\u00f3.<\/p>\n<p>Considerando que en el expediente se le atribuyen\u00a0<strong>204 hechos de cohecho pasivo\u00a0<\/strong>(recepci\u00f3n de sobornos), agreg\u00f3: &#8220;Desde el 6 de noviembre me toc\u00f3, hasta que me enferm\u00e9, escuchar que hab\u00eda recibido 204 hechos de coimas.\u00a0<strong>\u00bfD\u00f3nde, cu\u00e1ndo, c\u00f3mo, de qui\u00e9n?<\/strong>\u00a0Adem\u00e1s,\u00a0<strong>\u00bfd\u00f3nde est\u00e1 esa plata?<\/strong>&#8220;.<\/p>\n<p>&nbsp;<\/p>\n<h2><strong>09.26: Cristina Kirchner hizo referencia al caso D\u00b4Alessio<\/strong><\/h2>\n<p>En su declaraci\u00f3n, la exmandataria habl\u00f3 de un &#8220;hecho nuevo&#8221; en referencia al\u00a0<strong>caso (Marcelo) D\u00b4Alessio<\/strong>, un falso abogado que fue condenado por liderar una red de espionaje ilegal, extorsi\u00f3n y lavado de dinero con conexiones en el poder pol\u00edtico, judicial y medi\u00e1tico.<\/p>\n<p>&#8220;Recib\u00eda \u00f3rdenes de Stornelli,\u00a0<strong>ya no es que condenan sin pruebas sino que fraguan pruebas para condenar personas<\/strong>. El fiscal Stornelli sigue siendo fiscal federal en este edificio y se comprob\u00f3 que ese fiscal tiene v\u00ednculos con la asociaci\u00f3n il\u00edcita del caso D\u2019Alessio&#8221;, sostuvo\u00a0<a href=\"https:\/\/noticias.perfil.com\/noticias\/politica\/feinmann-sobre-la-causa-cuadernos-por-fin-los-jueces-vagos-van-a-trabajar-presencial.phtml\" target=\"_blank\" rel=\"noopener\">CFK<\/a>.<\/p>\n<picture><source srcset=\"https:\/\/fotos.perfil.com\/\/2026\/03\/17\/440\/0\/cristina-fernandez-de-kirchner-comodoro-py-17032026-2204357.jpg?webp\" media=\"(max-width: 440px)\" \/><source srcset=\"https:\/\/fotos.perfil.com\/\/2026\/03\/17\/712\/0\/cristina-fernandez-de-kirchner-comodoro-py-17032026-2204357.jpg?webp\" media=\"(max-width: 1019px)\" \/><img decoding=\"async\" src=\"https:\/\/fotos.perfil.com\/\/2026\/03\/17\/900\/0\/cristina-fernandez-de-kirchner-comodoro-py-17032026-2204357.jpg?webp\" alt=\"Cristina Fern\u00e1ndez de Kirchner Comodoro Py 17032026\" \/><\/picture>\n<p>Al ampliar su declaraci\u00f3n, la exmandataria puso el foco en los\u00a0<strong>31 imputados colaboradores<\/strong>\u00a0de la causa y, en un intento de desestimar los testimonios, asegur\u00f3 que declararon &#8220;bajo extorsi\u00f3n&#8221; y que fueron obligados a declarar en su contra.<\/p>\n<p>&nbsp;<\/p>\n<h2><strong>09.17: Cristina Kirchner comenz\u00f3 su declaraci\u00f3n hablando del caso Vialidad: &#8220;Es un disparate total&#8221;<\/strong><\/h2>\n<p>En el inicio de su declaraci\u00f3n en la\u00a0<a href=\"https:\/\/noticias.perfil.com\/noticias\/politica\/cristina-kirchner-prepara-su-indagatoria-en-el-juicio-por-la-causa-cuadernos.phtml\" target=\"_blank\" rel=\"noopener\">causa Cuadernos<\/a>, la expresidenta\u00a0<strong>Cristina Kirchner<\/strong>\u00a0hizo referencia al\u00a0<strong>caso Vialidad<\/strong>\u00a0por el que se encuentra cumpliendo arresto domiciliario tras recibir una pena de 6 a\u00f1os de prisi\u00f3n e inhabilitaci\u00f3n perpetua para ejercer cargos p\u00fablicos.<\/p>\n<p>&#8220;Es un disparate total&#8221;, sostuvo la exfuncionaria y remarc\u00f3:\u00a0<strong>&#8220;Estoy cumpliendo una condena injusta&#8221;<\/strong>.<\/p>\n<p>En una cr\u00edtica al Poder Judicial, ya vinculada a la causa Cuadernos, agreg\u00f3: &#8220;Jueces que ya no son imparciales,\u00a0<strong>estamos en una causa donde el juez (Claudio) Bonadio y el fiscal (Carlos) Stornelli, son mafiosos<\/strong>, estamos inmersos en pr\u00e1cticas mafiosas por parte de jueces y fiscales. Ya no estamos ante persecuci\u00f3n pol\u00edtica&#8221;.<\/p>\n<p>&#8220;Las cuestiones preliminares del abogado (Carlos) Beraldi y se van a corroborar&#8221;, a\u00f1adi\u00f3 e insisti\u00f3 en que los\u00a0<strong>arrepentidos<\/strong>\u00a0de la causa fueron &#8220;obligados&#8221; a declarar en su contra.<\/p>\n<p>&nbsp;<\/p>\n<h2><strong>09.12: Cristina Kirchner se sent\u00f3 en el banquillo para comenzar la audiencia<\/strong><\/h2>\n<p>Poco antes de las 09:10hs comenz\u00f3 la audiencia en los tribunales federales de Comodoro Py y a las 09:12 la expresidenta se sent\u00f3 en el\u00a0<strong>banquillo de los acusados<\/strong>\u00a0a la espera de comenzar su declaraci\u00f3n como una de las principales imputadas en la causa Cuadernos.<\/p>\n<p>&nbsp;<\/p>\n<h2><strong>09.01: Cristina Kirchner lleg\u00f3 a Comodoro Py para comenzar a declarar en la causa Cuadernos<\/strong><\/h2>\n<p>Tras un breve recorrido, la expresidenta\u00a0<strong>Cristina Kirchner<\/strong>\u00a0lleg\u00f3 Comodoro Py para prestar declaraci\u00f3n en el marco de la causa Cuadernos, donde se la acusa de ser la\u00a0<strong>jefa de una asociaci\u00f3n il\u00edcita<\/strong>\u00a0dedicada a la recaudaci\u00f3n de coimas de empresarios de la obra p\u00fablica.<\/p>\n<p>&nbsp;<\/p>\n<h2><strong>08.46: Comenz\u00f3 el traslado de Cristina Kirchner a Comodoro Py<\/strong><\/h2>\n<p>Pocos minutos antes de las 9 de la ma\u00f1ana, la expresidenta sali\u00f3 de su domicilio, ubicado en\u00a0<strong>San Jos\u00e9 1111<\/strong>, en el barrio porte\u00f1o de Constituci\u00f3n, donde cumple\u00a0<strong>prisi\u00f3n domiciliaria<\/strong>, para ser trasladada hacia los tribunales de Comodoro Py en Retiro y presentarse a declarar en el juicio por la causa Cuadernos.<\/p>\n<p>La expresidenta fue escoltada desde el barrio porte\u00f1o de Constituci\u00f3n hacia Retiro con\u00a0<strong>custodia propia\u00a0<\/strong>y el\u00a0<strong>Servicio Penitenciario Federal<\/strong>\u00a0monitore\u00f3 el recorrido a trav\u00e9s de su tobillera electr\u00f3nica. Antes de comenzar con el traslado, la exfuncionaria se tom\u00f3 unos segundos para saludar a la militancia que la esperaba en el lugar.<\/p>\n<picture><source srcset=\"https:\/\/fotos.perfil.com\/\/2026\/03\/17\/440\/0\/cristina-fernandez-de-kirchner-rumbo-a-comodoro-py-17032026-2204277.jpg?webp\" media=\"(max-width: 440px)\" \/><source srcset=\"https:\/\/fotos.perfil.com\/\/2026\/03\/17\/712\/0\/cristina-fernandez-de-kirchner-rumbo-a-comodoro-py-17032026-2204277.jpg?webp\" media=\"(max-width: 1019px)\" \/><img decoding=\"async\" src=\"https:\/\/fotos.perfil.com\/\/2026\/03\/17\/900\/0\/cristina-fernandez-de-kirchner-rumbo-a-comodoro-py-17032026-2204277.jpg?webp\" alt=\"Cristina Fern\u00e1ndez de Kirchner rumbo a Comodoro Py 17032026\" \/><\/picture>\n<p>&nbsp;<\/p>\n<h2><strong>08.22: Oscar Parrilli se sum\u00f3 a las cr\u00edticas contra el Gobierno y la Justicia<\/strong><\/h2>\n<p>En l\u00ednea con las cr\u00edticas del kirchnerismo ante el avance de la causa por la que hoy declara CFK, el exsenador kirchnerista\u00a0<strong>Oscar Parrilli\u00a0<\/strong>apunt\u00f3 contra la citaci\u00f3n presencial dirigida hacia la exmandataria, afirmando que se trata de una &#8220;puesta en escena&#8221;.<\/p>\n<p>&#8220;Esta es la decisi\u00f3n del<strong>\u00a0<\/strong>&#8216;partido judicial&#8217; de tapar el sol con las manos.\u00a0<strong>Todo esto es una puesta en escena\u00a0<\/strong>para que haya circo porque no hay pan.\u00a0<strong>La sentencia est\u00e1 escrita<\/strong>&#8220;, expres\u00f3 ante la prensa.<\/p>\n<p class=\"destacadoNota\"><a href=\"https:\/\/www.perfil.com\/noticias\/politica\/afuera-del-departamento-de-cristina-kirchner-la-militancia-espera-su-traslado-a-comodoro-py.phtml\" target=\"_blank\" rel=\"noopener\">Causa Cuadernos: Cristina Kirchner lleg\u00f3 a Comodoro Py y La C\u00e1mpora la acompa\u00f1\u00f3 desde la ma\u00f1ana<\/a><\/p>\n<p>&nbsp;<\/p>\n<h2><strong>07.47: Axel Kicillof apunt\u00f3 contra el Gobierno y la Justicia previo a la indagatoria de CFK<\/strong><\/h2>\n<p>En la previa a la indagatoria de la expresidenta en Comodoro Py, el gobernador bonaerense,\u00a0<strong>Axel Kicillof<\/strong>, apunt\u00f3 contra el Gobierno de\u00a0<a href=\"https:\/\/www.perfil.com\/noticias\/internacional\/iran-respondio-a-milei-si-se-presenta-como-el-presidente-mas-sionista-del-mundo-podria-considerarse-enemigo-de-iran-a39.phtml\" target=\"_blank\" rel=\"noopener\">Javier Milei<\/a>\u00a0y la Justicia.<\/p>\n<p>&#8220;El partido judicial de la mano del gobierno de Milei\u00a0<strong>contin\u00faa su<\/strong>\u00a0<strong>acoso contra Cristina Kirchner.<\/strong>\u00a0<strong>Despu\u00e9s de una<\/strong>\u00a0<strong>condena tan injusta como absurda,\u00a0<\/strong>quieren someterla a otro espect\u00e1culo judicial&#8221;, lanz\u00f3 el funcionario a trav\u00e9s de su cuenta de\u00a0<em>X<\/em>.<\/p>\n<picture><source srcset=\"https:\/\/fotos.perfil.com\/\/2026\/03\/17\/440\/0\/x-axel-kicillof-17032026-2204322.jpg?webp\" media=\"(max-width: 440px)\" \/><source srcset=\"https:\/\/fotos.perfil.com\/\/2026\/03\/17\/712\/0\/x-axel-kicillof-17032026-2204322.jpg?webp\" media=\"(max-width: 1019px)\" \/><img decoding=\"async\" src=\"https:\/\/fotos.perfil.com\/\/2026\/03\/17\/900\/0\/x-axel-kicillof-17032026-2204322.jpg?webp\" alt=\"X Axel Kicillof 17032026\" \/><\/picture>\n<p>En su cr\u00edtica, el funcionario agreg\u00f3: &#8220;<strong>Montan este show justo cuando ya se torna inocultable el efecto destructivo de las pol\u00edticas del Gobierno, y mientras estallan esc\u00e1ndalos como el de la criptoestafa,<\/strong>\u00a0en el que act\u00faan como encubridores los mismos que persiguen a los dirigentes del campo popular&#8221;.<\/p>\n<p>&nbsp;<\/p>\n<h2><strong>07.32: La militancia acompa\u00f1a a Cristina Kirchner afuera de su domicilio<\/strong><\/h2>\n<p>A partir de las 9hs de este martes, la\u00a0<a href=\"https:\/\/www.perfil.com\/noticias\/politica\/causa-cuadernos-cristina-kirchner-declara-este-martes-en-comodoro-py.phtml\" target=\"_blank\" rel=\"noopener\">expresidenta\u00a0<strong>Cristina Kirchner<\/strong><\/a>\u00a0declara ante el\u00a0<strong>Tribunal Oral en lo Criminal Federal Nro.7<\/strong>\u00a0en el marco de la\u00a0<strong>causa Cuadernos<\/strong>. En la previa del trasladado de la exfuncionaria a Comodoro Py, militantes de\u00a0<em><strong>La C\u00e1mpora<\/strong><\/em>\u00a0se concentraron frente a su domicilio en se\u00f1al de respaldo.<\/p>\n<p>Militantes de la organizaci\u00f3n kirchnerista y miembros de otras agrupaciones pol\u00edticas y sindicales se acercaron este martes a\u00a0<strong>San Jos\u00e9 1111<\/strong>, en Constituci\u00f3n, para acompa\u00f1ar a la exmandataria, quien fue trasladada desde ese lugar hasta Comodoro Py para declarar en el juicio por la causa Cuadernos ante los tribunales federales.<\/p>\n<picture><source srcset=\"https:\/\/fotos.perfil.com\/\/2026\/03\/17\/440\/0\/cristina-fernandez-de-kirchner-rumbo-a-comodoro-py-17032026-2204289.jpg?webp\" media=\"(max-width: 440px)\" \/><source srcset=\"https:\/\/fotos.perfil.com\/\/2026\/03\/17\/712\/0\/cristina-fernandez-de-kirchner-rumbo-a-comodoro-py-17032026-2204289.jpg?webp\" media=\"(max-width: 1019px)\" \/><img decoding=\"async\" src=\"https:\/\/fotos.perfil.com\/\/2026\/03\/17\/900\/0\/cristina-fernandez-de-kirchner-rumbo-a-comodoro-py-17032026-2204289.jpg?webp\" alt=\"Cristina Fern\u00e1ndez de Kirchner rumbo a Comodoro Py 17032026\" \/><\/picture>\n<p>La militancia comenz\u00f3 a concentrarse durante la ma\u00f1ana de este martes frente al domicilio en el que CFK se encuentra cumpliendo\u00a0<strong>prisi\u00f3n domiciliaria\u00a0<\/strong>con una\u00a0<strong>tobillera electr\u00f3nica\u00a0<\/strong>como consecuencia de la condena recibida en el marco de la causa Vialidad. La expresidenta fue escoltada desde el barrio de Constituci\u00f3n hasta Retiro por\u00a0<strong>custodia propia\u00a0<\/strong>y el Servicio Penitenciario Federal monitorear\u00e1 el recorrido.<\/p>\n<div class=\"embed-responsive embed-responsive-16by9 iframeContainer\"><iframe loading=\"lazy\" id=\"vrudo\" class=\"vrudo\" title=\"Contenido embebido\" src=\"https:\/\/rudo.video\/vod\/bWc3x3?volume=0\" width=\"100%\" height=\"100%\" frameborder=\"0\" scrolling=\"no\" allowfullscreen=\"allowfullscreen\" data-mce-fragment=\"1\"><\/iframe><\/div>\n<p>Los militantes de las agrupaciones kirchneristas, convocados a las 7, se sumaron a esperar el traslado con banderas, pasacalles y pintadas callejeras a que la\u00a0<a href=\"https:\/\/noticias.perfil.com\/noticias\/politica\/cristina-kirchner-prepara-su-indagatoria-en-el-juicio-por-la-causa-cuadernos.phtml\" target=\"_blank\" rel=\"noopener\">expresidenta<\/a>\u00a0sea traslada. En este contexto, la concentraci\u00f3n ya interrumpe el tr\u00e1nsito vehicular en la esquina de\u00a0<strong>San Jos\u00e9 y Humberto Primo<\/strong>.<\/p>\n<p>Dirigentes como\u00a0<strong>Gabriel Katopodis\u00a0<\/strong>y\u00a0<strong>Cristina \u00c1lvarez Rodr\u00edguez<\/strong>, ministro de Infraestructura y jefa de Asesores, tambi\u00e9n se presentaron en el lugar para mostrar su apoyo a CFK, junto al hijo de la exmandataria,\u00a0<strong>M\u00e1ximo Kirchner<\/strong>, quien ya estaba en el lugar pocos minutos antes de las 7:30.<\/p>\n","protected":false},"excerpt":{"rendered":"<p>La\u00a0expresidenta\u00a0Cristina Kirchner\u00a0prest\u00f3 declaraci\u00f3n indagatoria presencial este martes 17 de marzo por el\u00a0Tribunal Oral en lo Criminal Federal Nro.7, en el marco de la causa que la se\u00f1ala como la jefa de una presunta asociaci\u00f3n il\u00edcita por el\u00a0caso Cuadernos. La exmandataria\u00a0no acept\u00f3 preguntas\u00a0y durante su declaraci\u00f3n calific\u00f3 como &#8220;un disparate&#8221; a la causa Vialidad, por la [&hellip;]<\/p>\n","protected":false},"author":2,"featured_media":31494,"comment_status":"open","ping_status":"open","sticky":false,"template":"","format":"standard","meta":{"footnotes":""},"categories":[79],"tags":[],"class_list":{"0":"post-31493","1":"post","2":"type-post","3":"status-publish","4":"format-standard","5":"has-post-thumbnail","7":"category-politica"},"_links":{"self":[{"href":"https:\/\/radiobitacora.com.ar\/web\/wp-json\/wp\/v2\/posts\/31493","targetHints":{"allow":["GET"]}}],"collection":[{"href":"https:\/\/radiobitacora.com.ar\/web\/wp-json\/wp\/v2\/posts"}],"about":[{"href":"https:\/\/radiobitacora.com.ar\/web\/wp-json\/wp\/v2\/types\/post"}],"author":[{"embeddable":true,"href":"https:\/\/radiobitacora.com.ar\/web\/wp-json\/wp\/v2\/users\/2"}],"replies":[{"embeddable":true,"href":"https:\/\/radiobitacora.com.ar\/web\/wp-json\/wp\/v2\/comments?post=31493"}],"version-history":[{"count":1,"href":"https:\/\/radiobitacora.com.ar\/web\/wp-json\/wp\/v2\/posts\/31493\/revisions"}],"predecessor-version":[{"id":31495,"href":"https:\/\/radiobitacora.com.ar\/web\/wp-json\/wp\/v2\/posts\/31493\/revisions\/31495"}],"wp:featuredmedia":[{"embeddable":true,"href":"https:\/\/radiobitacora.com.ar\/web\/wp-json\/wp\/v2\/media\/31494"}],"wp:attachment":[{"href":"https:\/\/radiobitacora.com.ar\/web\/wp-json\/wp\/v2\/media?parent=31493"}],"wp:term":[{"taxonomy":"category","embeddable":true,"href":"https:\/\/radiobitacora.com.ar\/web\/wp-json\/wp\/v2\/categories?post=31493"},{"taxonomy":"post_tag","embeddable":true,"href":"https:\/\/radiobitacora.com.ar\/web\/wp-json\/wp\/v2\/tags?post=31493"}],"curies":[{"name":"wp","href":"https:\/\/api.w.org\/{rel}","templated":true}]}}