{"id":31496,"date":"2026-03-17T18:34:46","date_gmt":"2026-03-17T21:34:46","guid":{"rendered":"https:\/\/radiobitacora.com.ar\/web\/?p=31496"},"modified":"2026-03-17T18:34:46","modified_gmt":"2026-03-17T21:34:46","slug":"las-principales-frases-de-cristina-kirchner-en-comodoro-py-me-puedo-morir-presa-con-este-poder-judicial","status":"publish","type":"post","link":"https:\/\/radiobitacora.com.ar\/web\/2026\/03\/17\/las-principales-frases-de-cristina-kirchner-en-comodoro-py-me-puedo-morir-presa-con-este-poder-judicial\/","title":{"rendered":"Las principales frases de Cristina Kirchner en Comodoro Py: &#8220;Me puedo morir presa con este Poder Judicial&#8221;"},"content":{"rendered":"<section class=\"detail-body first-paragraph\">\n<section id=\"note-body\" class=\"body-content note-body content-protected-false\" data-twitter-link=\"https:\/\/twitter.com\/intent\/tweet?url=https:\/\/www.minutouno.com\/c6256846&amp;v\u00eda=Ambitocom&amp;related=MinutoUno&amp;text=\">La expresidenta\u00a0<strong>Cristina Kirchner<\/strong>\u00a0denunci\u00f3 \u201cpr\u00e1cticas absolutamente mafiosas\u201d y el \u201cmanejo criminal\u201d que hicieron el fallecido juez Claudio Bonadio y el fiscal Carlos Stornelli de la Causa Cuadernos.<\/p>\n<\/section>\n<\/section>\n<section class=\"detail-body second-paragraph\">\n<section class=\"body-content note-body content-protected-false\"><span id=\"saysCMSEmphasisdt5kge8femo\" class=\"saysCMSEmphasis\">\u201cM\u00e1s mafioso no se consigue\u201d,<\/span> dijo al Tribunal Oral Federal 7 al encabezar la ronda de indagatorias en el juicio oral que hoy se mud\u00f3 a los tribunales de Comodoro Py para cambiar la modalidad de zoom a presencial.<\/p>\n<\/section>\n<\/section>\n<section class=\"related-note-in-body\">\n<article class=\"related-note-in-body-article row align-items-stretch no-gutters  \" data-type=\"article\">\n<div class=\"col\">\n<div class=\"info-wrapper\">\n<h2 class=\"title\"><a title=\"La respuesta furibunda del Gobierno a Cristina Kirchner porque critic\u00f3 la medida de presencialidad\" href=\"https:\/\/www.minutouno.com\/politica\/la-respuesta-furibunda-del-gobierno-cristina-kirchner-porque-critico-la-medida-presencialidad-n6256997\" target=\"\">La respuesta furibunda del Gobierno a Cristina Kirchner porque critic\u00f3 la medida de presencialidad<\/a><\/h2>\n<\/div>\n<\/div>\n<\/article>\n<\/section>\n<section class=\"detail-body\">\n<section class=\"body-content note-body content-protected-false\">Ni bien se inici\u00f3 la audiencia se produjo un cruce con el presidente del Tribunal\u00a0<strong>Enrique M\u00e9ndez Signori\u00a0<\/strong>cuando le pregunt\u00f3 por sus datos personales y antecedentes.<\/p>\n<\/section>\n<\/section>\n<section class=\"detail-body\">\n<section class=\"body-content note-body content-protected-false\">La ex mandataria remarc\u00f3 que es de p\u00fablico conocimiento. El magistrado insisti\u00f3 en que deb\u00eda atenerse a la ley.\u00a0<span id=\"saysCMSEmphasish2o2mptjtt6\" class=\"saysCMSEmphasis\">As\u00ed Cristina dijo que estaba condenada en la Causa Vialidad a la que tambi\u00e9n iba a hacer referencia.<\/span><\/p>\n<\/section>\n<\/section>\n<section class=\"detail-body\">\n<section class=\"body-content note-body content-protected-false\">Antes de entrar a dar sus explicaciones por la\u00a0<strong>Causa Cuadernos<\/strong>, se remiti\u00f3 al caso D\u2019 Alessio en referencia al esc\u00e1ndalo de espionaje \u201ccon hechos probados\u201d y que termin\u00f3 con la condena del falso abogado Marcelo D\u2019Alessio.<\/p>\n<\/section>\n<\/section>\n<section class=\"detail-body\">\n<section class=\"body-content note-body content-protected-false\">Recuerda los di\u00e1logos entre Stornelli y D\u2019Alessio y los distintos hechos que se investigaron en ese expediente,\u00a0<span id=\"saysCMSEmphasis3koxoeei9ds\" class=\"saysCMSEmphasis\">que fue el \u201corigen del armado de los Cuadernos\u2019\u201d,\u00a0<\/span>explic\u00f3.<\/p>\n<p>Denunci\u00f3 nuevamente una persecuci\u00f3n.\u00a0<span id=\"saysCMSEmphasis69ckggw0qqi\" class=\"saysCMSEmphasis\">\u201cAhora soy la jefa de la asociaci\u00f3n il\u00edcita junto a empresarios, \u00bfen serio? Tienen derecho a perseguir. Sean m\u00e1s coherentes a la hora de perseguir\u201d<\/span><\/p>\n<p>El propio presidente anunci\u00f3 que iba a ser condenada, remarc\u00f3 en su declaraci\u00f3n Cristina, en relaci\u00f3n al discurso de J<strong>avier Milei<\/strong>\u00a0en la apertura de las sesiones legislativas.<\/p>\n<p>&nbsp;<\/p>\n<h2>Las principales frases de Cristina Kirchner en Comodoro Py<\/h2>\n<p>&nbsp;<\/p>\n<ul>\n<li>\u00a0<em>\u201cMe puedo morir presa con este poder judicial\u201d<\/em><\/li>\n<li><em>\u00a0\u201cEsto en alg\u00fan momento se va a terminar\u201d<\/em><\/li>\n<li><em>\u00a0\u201cEl presidente anunci\u00f3 que voy a seguir presa\u201d<\/em><\/li>\n<li><em>\u00a0\u201cSean m\u00e1s coherentes a la hora de perseguir\u201d<\/em><\/li>\n<li><em>\u00a0\u201cM\u00e1s mafioso no se consigue\u201d<\/em><\/li>\n<\/ul>\n<\/section>\n<\/section>\n","protected":false},"excerpt":{"rendered":"<p>La expresidenta\u00a0Cristina Kirchner\u00a0denunci\u00f3 \u201cpr\u00e1cticas absolutamente mafiosas\u201d y el \u201cmanejo criminal\u201d que hicieron el fallecido juez Claudio Bonadio y el fiscal Carlos Stornelli de la Causa Cuadernos. \u201cM\u00e1s mafioso no se consigue\u201d, dijo al Tribunal Oral Federal 7 al encabezar la ronda de indagatorias en el juicio oral que hoy se mud\u00f3 a los tribunales de [&hellip;]<\/p>\n","protected":false},"author":2,"featured_media":31497,"comment_status":"open","ping_status":"open","sticky":false,"template":"","format":"standard","meta":{"footnotes":""},"categories":[79],"tags":[],"class_list":{"0":"post-31496","1":"post","2":"type-post","3":"status-publish","4":"format-standard","5":"has-post-thumbnail","7":"category-politica"},"_links":{"self":[{"href":"https:\/\/radiobitacora.com.ar\/web\/wp-json\/wp\/v2\/posts\/31496","targetHints":{"allow":["GET"]}}],"collection":[{"href":"https:\/\/radiobitacora.com.ar\/web\/wp-json\/wp\/v2\/posts"}],"about":[{"href":"https:\/\/radiobitacora.com.ar\/web\/wp-json\/wp\/v2\/types\/post"}],"author":[{"embeddable":true,"href":"https:\/\/radiobitacora.com.ar\/web\/wp-json\/wp\/v2\/users\/2"}],"replies":[{"embeddable":true,"href":"https:\/\/radiobitacora.com.ar\/web\/wp-json\/wp\/v2\/comments?post=31496"}],"version-history":[{"count":1,"href":"https:\/\/radiobitacora.com.ar\/web\/wp-json\/wp\/v2\/posts\/31496\/revisions"}],"predecessor-version":[{"id":31498,"href":"https:\/\/radiobitacora.com.ar\/web\/wp-json\/wp\/v2\/posts\/31496\/revisions\/31498"}],"wp:featuredmedia":[{"embeddable":true,"href":"https:\/\/radiobitacora.com.ar\/web\/wp-json\/wp\/v2\/media\/31497"}],"wp:attachment":[{"href":"https:\/\/radiobitacora.com.ar\/web\/wp-json\/wp\/v2\/media?parent=31496"}],"wp:term":[{"taxonomy":"category","embeddable":true,"href":"https:\/\/radiobitacora.com.ar\/web\/wp-json\/wp\/v2\/categories?post=31496"},{"taxonomy":"post_tag","embeddable":true,"href":"https:\/\/radiobitacora.com.ar\/web\/wp-json\/wp\/v2\/tags?post=31496"}],"curies":[{"name":"wp","href":"https:\/\/api.w.org\/{rel}","templated":true}]}}