{"id":31499,"date":"2026-03-17T18:39:38","date_gmt":"2026-03-17T21:39:38","guid":{"rendered":"https:\/\/radiobitacora.com.ar\/web\/?p=31499"},"modified":"2026-03-17T18:39:38","modified_gmt":"2026-03-17T21:39:38","slug":"la-presentacion-de-cristina-kirchner-en-comodoro-py-registro-en-redes-un-58-de-aprobacion","status":"publish","type":"post","link":"https:\/\/radiobitacora.com.ar\/web\/2026\/03\/17\/la-presentacion-de-cristina-kirchner-en-comodoro-py-registro-en-redes-un-58-de-aprobacion\/","title":{"rendered":"La presentaci\u00f3n de Cristina Kirchner en Comodoro Py registr\u00f3 en redes un 58% de aprobaci\u00f3n"},"content":{"rendered":"<p>La declaraci\u00f3n de\u00a0<strong>Cristina Fern\u00e1ndez de Kirchner<\/strong>\u00a0ante el Tribunal Oral Federal N\u00b0 7 en la causa Cuadernos no solo gener\u00f3 repercusi\u00f3n medi\u00e1tica: tambi\u00e9n encendi\u00f3 las redes sociales. Un informe flash de la consultora\u00a0<strong>INGOB<\/strong>, actualizado a las 12:30 del martes 17 de marzo, registr\u00f3\u00a0<strong>m\u00e1s de 60 mil menciones<\/strong>,\u00a0<strong>m\u00e1s de 20 mil usuarios<\/strong>\u00a0que postearon o dieron retweet y\u00a0<strong>m\u00e1s de 3,7 millones de vistas<\/strong> en torno a la presentaci\u00f3n de la expresidenta.<\/p>\n<p>El dato m\u00e1s llamativo del informe es el del\u00a0<strong>sentimiento positivo: 58%<\/strong>\u00a0de las interacciones fueron favorables hacia CFK. La medici\u00f3n se realiz\u00f3 cuando la curva de conversaci\u00f3n todav\u00eda se encontraba\u00a0<strong>en ascenso<\/strong>, impulsada principalmente por referentes pol\u00edticos del peronismo e influencers afines que desde el d\u00eda anterior convocaban a respaldar a la expresidenta.<\/p>\n<div id=\"eplAdDivinterscroller\" class=\"ads-space\" data-id=\"interscroller\" data-w=\"1\" data-h=\"1\" data-loaded=\"true\" data-reload=\"false\"><iframe loading=\"lazy\" id=\"ifr1fb3969d37cf3439_e6d5621b86e60fe2\" src=\"about:blank\" name=\"ifr1fb3969d37cf3439_e6d5621b86e60fe2\" width=\"0px\" height=\"0px\" frameborder=\"0\" scrolling=\"no\" data-mce-fragment=\"1\"><\/iframe><\/div>\n<p><img decoding=\"async\" src=\"https:\/\/fotos.perfil.com\/\/2026\/03\/17\/900\/0\/cfk-2204684.jpg\" alt=\"CFK\" \/><\/p>\n<p>En cuanto al perfil de la audiencia que particip\u00f3 del debate, el informe se\u00f1ala que el\u00a0<strong>51% son hombres<\/strong>\u00a0y que\u00a0<strong>7 de cada 10 usuarios tienen entre 25 y 44 a\u00f1os<\/strong>, una franja etaria de alta actividad pol\u00edtica en redes.<\/p>\n<p>La conversaci\u00f3n no fue uniforme. Junto al apoyo kirchnerista, las\u00a0<strong>cuentas faro libertarias y del PRO<\/strong>\u00a0traccionaron con cr\u00edticas a Kirchner y a sus declaraciones, mientras que referentes del oficialismo apuntaron a los hechos de corrupci\u00f3n investigados durante sus gestiones.\u00a0<strong>Patricia Bullrich<\/strong>\u00a0fue una de las voces que se sum\u00f3 al debate desde el lado opositor.<\/p>\n<p>En paralelo, periodistas difundieron detalles de las causas judiciales de la expresidenta y medios y portales replicaron sus frases m\u00e1s resonantes del d\u00eda. En el margen m\u00e1s anecd\u00f3tico del debate, varios usuarios se\u00f1alaron que CFK lleg\u00f3 a Comodoro Py portando una cartera de la marca\u00a0<strong>Herm\u00e8s<\/strong>, detalle que tambi\u00e9n gener\u00f3 reacciones en la red.<\/p>\n","protected":false},"excerpt":{"rendered":"<p>La declaraci\u00f3n de\u00a0Cristina Fern\u00e1ndez de Kirchner\u00a0ante el Tribunal Oral Federal N\u00b0 7 en la causa Cuadernos no solo gener\u00f3 repercusi\u00f3n medi\u00e1tica: tambi\u00e9n encendi\u00f3 las redes sociales. Un informe flash de la consultora\u00a0INGOB, actualizado a las 12:30 del martes 17 de marzo, registr\u00f3\u00a0m\u00e1s de 60 mil menciones,\u00a0m\u00e1s de 20 mil usuarios\u00a0que postearon o dieron retweet y\u00a0m\u00e1s [&hellip;]<\/p>\n","protected":false},"author":2,"featured_media":31500,"comment_status":"open","ping_status":"open","sticky":false,"template":"","format":"standard","meta":{"footnotes":""},"categories":[79],"tags":[],"class_list":{"0":"post-31499","1":"post","2":"type-post","3":"status-publish","4":"format-standard","5":"has-post-thumbnail","7":"category-politica"},"_links":{"self":[{"href":"https:\/\/radiobitacora.com.ar\/web\/wp-json\/wp\/v2\/posts\/31499","targetHints":{"allow":["GET"]}}],"collection":[{"href":"https:\/\/radiobitacora.com.ar\/web\/wp-json\/wp\/v2\/posts"}],"about":[{"href":"https:\/\/radiobitacora.com.ar\/web\/wp-json\/wp\/v2\/types\/post"}],"author":[{"embeddable":true,"href":"https:\/\/radiobitacora.com.ar\/web\/wp-json\/wp\/v2\/users\/2"}],"replies":[{"embeddable":true,"href":"https:\/\/radiobitacora.com.ar\/web\/wp-json\/wp\/v2\/comments?post=31499"}],"version-history":[{"count":1,"href":"https:\/\/radiobitacora.com.ar\/web\/wp-json\/wp\/v2\/posts\/31499\/revisions"}],"predecessor-version":[{"id":31501,"href":"https:\/\/radiobitacora.com.ar\/web\/wp-json\/wp\/v2\/posts\/31499\/revisions\/31501"}],"wp:featuredmedia":[{"embeddable":true,"href":"https:\/\/radiobitacora.com.ar\/web\/wp-json\/wp\/v2\/media\/31500"}],"wp:attachment":[{"href":"https:\/\/radiobitacora.com.ar\/web\/wp-json\/wp\/v2\/media?parent=31499"}],"wp:term":[{"taxonomy":"category","embeddable":true,"href":"https:\/\/radiobitacora.com.ar\/web\/wp-json\/wp\/v2\/categories?post=31499"},{"taxonomy":"post_tag","embeddable":true,"href":"https:\/\/radiobitacora.com.ar\/web\/wp-json\/wp\/v2\/tags?post=31499"}],"curies":[{"name":"wp","href":"https:\/\/api.w.org\/{rel}","templated":true}]}}