{"id":31502,"date":"2026-03-17T18:47:49","date_gmt":"2026-03-17T21:47:49","guid":{"rendered":"https:\/\/radiobitacora.com.ar\/web\/?p=31502"},"modified":"2026-03-17T18:47:49","modified_gmt":"2026-03-17T21:47:49","slug":"las-claves-de-la-causa-cuadernos-por-la-que-declara-cristina-kirchner","status":"publish","type":"post","link":"https:\/\/radiobitacora.com.ar\/web\/2026\/03\/17\/las-claves-de-la-causa-cuadernos-por-la-que-declara-cristina-kirchner\/","title":{"rendered":"Las claves de la Causa Cuadernos por la que declara Cristina Kirchner"},"content":{"rendered":"<p>En abril de 2018, el periodista\u00a0<strong>Diego Cabot<\/strong>\u00a0entreg\u00f3 a la Justicia ocho cuadernos manuscritos de\u00a0<strong>Oscar Centeno<\/strong>, ex chofer del subsecretario\u00a0<strong>Roberto Baratta<\/strong>\u00a0en el Ministerio de Planificaci\u00f3n de\u00a0<strong>Julio De Vido<\/strong>. Los registros detallaban traslados de bolsos con dinero desde empresas contratistas hacia despachos de funcionarios kirchneristas entre\u00a0<strong>2003 y 2015<\/strong>. El expediente tom\u00f3 estado p\u00fablico el\u00a0<strong>1\u00b0 de agosto de 2018<\/strong>\u00a0con allanamientos y detenciones ordenados por el juez\u00a0<strong>Claudio Bonadio<\/strong>\u00a0y el fiscal\u00a0<strong>Carlos Stornelli<\/strong>.<\/p>\n<p><strong>La acusaci\u00f3n.\u00a0<\/strong>La fiscal\u00a0<strong>Fabiana Le\u00f3n<\/strong>\u00a0sostiene que CFK lider\u00f3 una estructura que recaudaba sobornos de constructoras a cambio de adjudicaciones de obra p\u00fablica. Se le imputan\u00a0<strong>203 hechos de cohecho pasivo<\/strong>\u00a0y el liderazgo de una asociaci\u00f3n il\u00edcita. La pena potencial podr\u00eda\u00a0<strong>superar los 15 a\u00f1os<\/strong>\u00a0de prisi\u00f3n.<\/p>\n<div id=\"eplAdDivinterscroller\" class=\"ads-space\" data-id=\"interscroller\" data-w=\"1\" data-h=\"1\" data-loaded=\"true\" data-reload=\"false\"><iframe loading=\"lazy\" id=\"ifr1fb3969d37cf3439_cfb0e98682658739\" src=\"about:blank\" name=\"ifr1fb3969d37cf3439_cfb0e98682658739\" width=\"0px\" height=\"0px\" frameborder=\"0\" scrolling=\"no\" data-mce-fragment=\"1\"><\/iframe><\/div>\n<p><img decoding=\"async\" src=\"https:\/\/fotos.perfil.com\/\/2026\/03\/17\/900\/0\/causa-cuadernos-2204570.jpg\" alt=\"Causa Cuadernos\" \/><\/p>\n<p><strong>Los acusados.\u00a0<\/strong>Son\u00a0<strong>87 imputados<\/strong>: 22 exfuncionarios y 65 empresarios. Entre los principales figuran De Vido, Baratta y el exsecretario de Transporte\u00a0<strong>Ricardo Jaime<\/strong>\u00a0como organizadores. Del lado empresario,\u00a0<strong>21 firmaron acuerdos de colaboraci\u00f3n<\/strong>\u00a0como arrepentidos, entre ellos\u00a0<strong>Angelo Calcaterra<\/strong>,\u00a0<strong>Aldo Roggio<\/strong>\u00a0y\u00a0<strong>Enrique Pescarmona<\/strong>.<\/p>\n<p><strong>Las pruebas.\u00a0<\/strong>Un peritaje caligr\u00e1fico de la\u00a0<strong>Gendarmer\u00eda Nacional<\/strong>\u00a0(agosto 2025) confirm\u00f3 que los manuscritos pertenecen al pu\u00f1o de Centeno. Las declaraciones de\u00a0<strong>21 colaboradores<\/strong>\u00a0y la correlaci\u00f3n de celulares con los 304 hechos investigados completan el cuadro probatorio.<\/p>\n<p><strong>La declaraci\u00f3n.\u00a0<\/strong>Ante los jueces\u00a0<strong>M\u00e9ndez Signori<\/strong>,\u00a0<strong>Canero<\/strong>\u00a0y\u00a0<strong>Castelli<\/strong>, CFK calific\u00f3 la causa de &#8220;gran disparate&#8221; y acus\u00f3 a Bonadio y Stornelli de ser\u00a0<strong>&#8220;directamente mafiosos&#8221;<\/strong>. No respondi\u00f3 preguntas y cerr\u00f3 con una frase:\u00a0<strong>&#8220;Con este Poder Judicial me puedo morir presa&#8221;<\/strong>.<\/p>\n","protected":false},"excerpt":{"rendered":"<p>En abril de 2018, el periodista\u00a0Diego Cabot\u00a0entreg\u00f3 a la Justicia ocho cuadernos manuscritos de\u00a0Oscar Centeno, ex chofer del subsecretario\u00a0Roberto Baratta\u00a0en el Ministerio de Planificaci\u00f3n de\u00a0Julio De Vido. Los registros detallaban traslados de bolsos con dinero desde empresas contratistas hacia despachos de funcionarios kirchneristas entre\u00a02003 y 2015. El expediente tom\u00f3 estado p\u00fablico el\u00a01\u00b0 de agosto de [&hellip;]<\/p>\n","protected":false},"author":2,"featured_media":31503,"comment_status":"open","ping_status":"open","sticky":false,"template":"","format":"standard","meta":{"footnotes":""},"categories":[79],"tags":[],"class_list":{"0":"post-31502","1":"post","2":"type-post","3":"status-publish","4":"format-standard","5":"has-post-thumbnail","7":"category-politica"},"_links":{"self":[{"href":"https:\/\/radiobitacora.com.ar\/web\/wp-json\/wp\/v2\/posts\/31502","targetHints":{"allow":["GET"]}}],"collection":[{"href":"https:\/\/radiobitacora.com.ar\/web\/wp-json\/wp\/v2\/posts"}],"about":[{"href":"https:\/\/radiobitacora.com.ar\/web\/wp-json\/wp\/v2\/types\/post"}],"author":[{"embeddable":true,"href":"https:\/\/radiobitacora.com.ar\/web\/wp-json\/wp\/v2\/users\/2"}],"replies":[{"embeddable":true,"href":"https:\/\/radiobitacora.com.ar\/web\/wp-json\/wp\/v2\/comments?post=31502"}],"version-history":[{"count":1,"href":"https:\/\/radiobitacora.com.ar\/web\/wp-json\/wp\/v2\/posts\/31502\/revisions"}],"predecessor-version":[{"id":31504,"href":"https:\/\/radiobitacora.com.ar\/web\/wp-json\/wp\/v2\/posts\/31502\/revisions\/31504"}],"wp:featuredmedia":[{"embeddable":true,"href":"https:\/\/radiobitacora.com.ar\/web\/wp-json\/wp\/v2\/media\/31503"}],"wp:attachment":[{"href":"https:\/\/radiobitacora.com.ar\/web\/wp-json\/wp\/v2\/media?parent=31502"}],"wp:term":[{"taxonomy":"category","embeddable":true,"href":"https:\/\/radiobitacora.com.ar\/web\/wp-json\/wp\/v2\/categories?post=31502"},{"taxonomy":"post_tag","embeddable":true,"href":"https:\/\/radiobitacora.com.ar\/web\/wp-json\/wp\/v2\/tags?post=31502"}],"curies":[{"name":"wp","href":"https:\/\/api.w.org\/{rel}","templated":true}]}}