{"id":31505,"date":"2026-03-17T18:50:09","date_gmt":"2026-03-17T21:50:09","guid":{"rendered":"https:\/\/radiobitacora.com.ar\/web\/?p=31505"},"modified":"2026-03-17T18:50:09","modified_gmt":"2026-03-17T21:50:09","slug":"a-contramano-del-relato-el-gobierno-aumento-auh-y-alimentar","status":"publish","type":"post","link":"https:\/\/radiobitacora.com.ar\/web\/2026\/03\/17\/a-contramano-del-relato-el-gobierno-aumento-auh-y-alimentar\/","title":{"rendered":"A contramano del relato: el Gobierno aument\u00f3 AUH y Alimentar"},"content":{"rendered":"<p>En los \u00faltimos veinte a\u00f1os creci\u00f3 por toda Latinoam\u00e9rica la figura del \u201cplan social\u201d. Y con ese auge tambi\u00e9n creci\u00f3 la bronca de un sector de la poblaci\u00f3n que siempre vio en ellos alguna especie de robo: en enero de 2023, el Observatorio de Psicolog\u00eda Social Aplicada public\u00f3 una encuesta donde daba cuenta de que 8 de cada 10 argentinos cre\u00edan que exist\u00eda un \u201calto nivel de irregularidad\u201d en los planes. De hecho, uno de los corazones del triunfo de la nueva derecha en todo el continente es exactamente este: Jos\u00e9 Antonio Kast en Chile, Jair Bolsonaro en Brasil y tambi\u00e9n Javier Milei han sido cr\u00edticos de los planes, discursos que variaban entre s\u00ed pero que coincid\u00edan con la idea de que eran un negocio para los pol\u00edticos, que eran parte del \u201ccurro\u201d de hacer crecer al Estado y que el damnificado final era el \u201cciudadano de bien\u201d que con su trabajo honrado manten\u00eda esta estructura. El libertario ha llegado a declarar que el \u201casistencialismo crea esclavos y es funcional a la religi\u00f3n del Estado\u201d. Esa l\u00ednea de rechazo encontr\u00f3 eco en una sociedad donde muchos se refieren a los \u201cplaneros\u201d como \u201cvagos\u201d o \u201cmantenidos VIP\u201d.<\/p>\n<p>Sin embargo, a medida que se aproxim\u00f3 al poder Milei empez\u00f3 a suavizar esa ret\u00f3rica -\u201cson v\u00edctimas del sistema\u201d- y a hablar de un plan de pasos para que los planes sociales vayan desapareciendo de a poco. Por ahora parece lejano. Es que La Asignaci\u00f3n Universal por Hijo y la Prestaci\u00f3n Alimentar -que t\u00e9cnicamente no son un plan social, a pesar de que as\u00ed se entiende en el debate p\u00fablico- acaban de alcanzar un r\u00e9cord hist\u00f3rico.<\/p>\n<div id=\"eplAdDivinterscroller\" class=\"ads-space\" data-id=\"interscroller\" data-w=\"1\" data-h=\"1\" data-loaded=\"true\" data-reload=\"false\"><iframe loading=\"lazy\" id=\"ifr1fb3969d37cf3439_6b2e3e8c7d49cd95\" src=\"about:blank\" name=\"ifr1fb3969d37cf3439_6b2e3e8c7d49cd95\" width=\"0px\" height=\"0px\" frameborder=\"0\" scrolling=\"no\" data-mce-fragment=\"1\"><\/iframe><\/div>\n<p>n enero 2024, reci\u00e9n llegado al Gobierno, Milei aument\u00f3 en un 100% la AUH: la prestaci\u00f3n pas\u00f3 de $20.661 a $41.322 por hijo. En el contexto de un recorte fenomenal dentro del Estado, y un discurso pol\u00edtico a\u00fan m\u00e1s recargado, la decisi\u00f3n del Presidente estaba lejos de ser una casualidad: en plena malaria econ\u00f3mica, la l\u00f3gica del Gobierno apuntaba a mantener \u201ccontrolada\u201d la situaci\u00f3n de los m\u00e1s vulnerables a trav\u00e9s de un aumento de las prestaciones. De hecho, en abril de aquel a\u00f1o Milei cambi\u00f3 v\u00eda decreto la actualizaci\u00f3n del monto de la AUH, que pas\u00f3 a ser por inflaci\u00f3n. Hoy es de $132.813 por hijo, lo que, seg\u00fan Chequeado, da que creci\u00f3 por arriba de la inflaci\u00f3n: un 101% en t\u00e9rminos reales comparado a noviembre 2023.<\/p>\n<p>La cantidad de beneficiarios de la AUH viene en crecimiento lento pero constante: Fern\u00e1ndez termin\u00f3 su mandato con 3.961.841, y hoy, seg\u00fan un pedido de acceso a la informaci\u00f2n p\u00fablica que realiz\u00f3 este medio, es de 4.124.421. Daniel Arroyo, ex ministro de Desarrollo Social, explica que ese aumento no se debe tanto a nuevas altas sino a aquellos que perdieron su trabajo formal y cayeron en la irregularidad, por lo que les corresponde una AUH si es que tienen un hijo.<\/p>\n<p>La Prestaci\u00f3n Alimentar -un soporte econ\u00f3mico destinado a que los beneficiarios logren garantizar una canasta b\u00e1sica- alcanza en el mes de enero a 2.542.400 personas. Para el final del gobierno de Fern\u00e1ndez era de casi 2.300.000. Sin embargo, el actual oficialismo introdujo una novedad: congel\u00f3 en 2024 los montos de esta prestaci\u00f3n, que quedaron en $52.250 por hijo. Una nota de La Naci\u00f3n demostr\u00f3 tambi\u00e9n que hubo un aumento en las prestaciones por desempleo. En 2023 hubo 59.745 beneficiarios que cobraron un subsidio promedio de $53.765, mientras que a diciembre de 2025 los beneficiarios se duplicaron a 103.654 y la ayuda econ\u00f3mica promedio subi\u00f3 a $276.944.<br \/>\nLos n\u00fameros demuestran que el cuadro econ\u00f3mico es grave, y que mientras que muchos oficialistas o paraoficialistas insultan a quienes reciben una prestaci\u00f3n del Estado estos no paran de crecer.<\/p>\n","protected":false},"excerpt":{"rendered":"<p>En los \u00faltimos veinte a\u00f1os creci\u00f3 por toda Latinoam\u00e9rica la figura del \u201cplan social\u201d. Y con ese auge tambi\u00e9n creci\u00f3 la bronca de un sector de la poblaci\u00f3n que siempre vio en ellos alguna especie de robo: en enero de 2023, el Observatorio de Psicolog\u00eda Social Aplicada public\u00f3 una encuesta donde daba cuenta de que [&hellip;]<\/p>\n","protected":false},"author":2,"featured_media":31506,"comment_status":"open","ping_status":"open","sticky":false,"template":"","format":"standard","meta":{"footnotes":""},"categories":[79],"tags":[],"class_list":{"0":"post-31505","1":"post","2":"type-post","3":"status-publish","4":"format-standard","5":"has-post-thumbnail","7":"category-politica"},"_links":{"self":[{"href":"https:\/\/radiobitacora.com.ar\/web\/wp-json\/wp\/v2\/posts\/31505","targetHints":{"allow":["GET"]}}],"collection":[{"href":"https:\/\/radiobitacora.com.ar\/web\/wp-json\/wp\/v2\/posts"}],"about":[{"href":"https:\/\/radiobitacora.com.ar\/web\/wp-json\/wp\/v2\/types\/post"}],"author":[{"embeddable":true,"href":"https:\/\/radiobitacora.com.ar\/web\/wp-json\/wp\/v2\/users\/2"}],"replies":[{"embeddable":true,"href":"https:\/\/radiobitacora.com.ar\/web\/wp-json\/wp\/v2\/comments?post=31505"}],"version-history":[{"count":1,"href":"https:\/\/radiobitacora.com.ar\/web\/wp-json\/wp\/v2\/posts\/31505\/revisions"}],"predecessor-version":[{"id":31507,"href":"https:\/\/radiobitacora.com.ar\/web\/wp-json\/wp\/v2\/posts\/31505\/revisions\/31507"}],"wp:featuredmedia":[{"embeddable":true,"href":"https:\/\/radiobitacora.com.ar\/web\/wp-json\/wp\/v2\/media\/31506"}],"wp:attachment":[{"href":"https:\/\/radiobitacora.com.ar\/web\/wp-json\/wp\/v2\/media?parent=31505"}],"wp:term":[{"taxonomy":"category","embeddable":true,"href":"https:\/\/radiobitacora.com.ar\/web\/wp-json\/wp\/v2\/categories?post=31505"},{"taxonomy":"post_tag","embeddable":true,"href":"https:\/\/radiobitacora.com.ar\/web\/wp-json\/wp\/v2\/tags?post=31505"}],"curies":[{"name":"wp","href":"https:\/\/api.w.org\/{rel}","templated":true}]}}