{"id":31508,"date":"2026-03-17T18:53:30","date_gmt":"2026-03-17T21:53:30","guid":{"rendered":"https:\/\/radiobitacora.com.ar\/web\/?p=31508"},"modified":"2026-03-17T18:53:30","modified_gmt":"2026-03-17T21:53:30","slug":"encuesta-milei-podria-ganar-en-2027-en-primera-vuelta","status":"publish","type":"post","link":"https:\/\/radiobitacora.com.ar\/web\/2026\/03\/17\/encuesta-milei-podria-ganar-en-2027-en-primera-vuelta\/","title":{"rendered":"Encuesta: Milei podr\u00eda ganar en 2027 en primera vuelta"},"content":{"rendered":"<p>La \u00faltima medici\u00f3n de Opinaia sobre el horizonte 2027 ofrece una postal que, le\u00edda en superficie, confirma lo evidente:\u00a0<strong>La Libertad Avanza lidera con holgura<\/strong>. Pero el dato verdaderamente disruptivo no es la ventaja, sino la naturaleza de esa ventaja. Por primera vez, Javier Milei\u00a0<strong>coquetea con un escenario de resoluci\u00f3n en primera vuelta<\/strong>.<\/p>\n<p>Ese es el punto de partida ineludible. Con un\u00a0<strong>41% de identificaci\u00f3n<\/strong>\u00a0y un\u00a0<strong>techo potencial del 56%<\/strong>, el oficialismo no solo encabeza:\u00a0<strong>se aproxima a los umbrales sist\u00e9micos que convierten una mayor\u00eda relativa en una mayor\u00eda suficiente<\/strong>. No es un detalle t\u00e9cnico, es un cambio de fase.<\/p>\n<p>La primera condici\u00f3n es econ\u00f3mica. El andamiaje electoral del oficialismo est\u00e1 \u00edntimamente atado al desempe\u00f1o de su programa. No se trata solo de expectativas, sino de resultados verificables: inflaci\u00f3n en descenso sostenido, recomposici\u00f3n del ingreso real, cierta previsibilidad macro. El 56% potencial no es un voto ideol\u00f3gico pleno, sino en buena medida\u00a0<strong>un contrato a t\u00e9rmino con la econom\u00eda<\/strong>. Si ese contrato se rompe, el techo se lic\u00faa.<\/p>\n<p><img decoding=\"async\" src=\"https:\/\/fotos.perfil.com\/\/2026\/03\/17\/900\/0\/encuesta-de-opinaia-2204312.jpg\" alt=\"Encuesta de Opinaia\" \/><\/p>\n<p>La segunda condici\u00f3n es pol\u00edtica, y acaso m\u00e1s determinante:\u00a0<strong>la incapacidad opositora de articular una alternativa competitiva<\/strong>. Porque el crecimiento del oficialismo no depende \u00fanicamente de su expansi\u00f3n, sino tambi\u00e9n de la fragmentaci\u00f3n del otro lado del tablero. Y all\u00ed emerge el dato m\u00e1s subestimado del estudio:\u00a0<strong>el 26% de indecisos<\/strong>.<\/p>\n<p>Ese cuarto del electorado no es un residuo estad\u00edstico; es el verdadero \u00e1rbitro del proceso. Si ese bloque se inclina hacia el oficialismo, Milei puede transformar su ventaja en definici\u00f3n. Pero si se reorienta hacia el peronismo, la elecci\u00f3n ingresa en otra l\u00f3gica: la del balotaje.<\/p>\n<p>Los n\u00fameros, de hecho, habilitan ese escenario. El\u00a0<strong>peronismo kirchnerista exhibe un 19% de voto seguro y un 22% de voto probable<\/strong>, lo que configura un techo del\u00a0<strong>41%<\/strong>. Es decir,\u00a0<strong>existe una masa cr\u00edtica disponible que, bajo ciertas condiciones, puede reconfigurar la competencia<\/strong>.<\/p>\n<p>De all\u00ed se desprende una lectura menos lineal que la dominante: el peronismo no atraviesa una extinci\u00f3n, sino una fase de latencia. Su problema no es tanto cuantitativo como cualitativo. Carece de conducci\u00f3n unificada, de narrativa ordenadora y de estrategia de expansi\u00f3n. Pero conserva algo decisivo:\u00a0<strong>capacidad de agregaci\u00f3n potencial<\/strong>.<\/p>\n<p>En otras palabras, sigue siendo el \u00fanico actor con volumen suficiente para disputar el poder en un escenario de polarizaci\u00f3n efectiva.<\/p>\n<p>En contraste, la izquierda confirma su lugar estructural en el sistema:\u00a0<strong>m\u00e1s reservorio de descontento que opci\u00f3n de gobierno<\/strong>. Su combinaci\u00f3n de\u00a0<strong>bajo voto seguro (9%) y alto voto probable (27%)<\/strong>\u00a0la ubica como espacio de captaci\u00f3n coyuntural del malestar, pero sin capacidad de traducirlo en mayor\u00eda.<\/p>\n<p><img decoding=\"async\" src=\"https:\/\/fotos.perfil.com\/\/2026\/03\/17\/900\/0\/encuesta-de-opinaia-2204313.jpg\" alt=\"Encuesta de Opinaia\" \/><\/p>\n<p>M\u00e1s revelador a\u00fan es el caso del denominado \u201ccentro\u201d. El experimento de\u00a0<strong>Provincias Unidas<\/strong>\u00a0\u2014la apuesta de los gobernadores por una v\u00eda moderada\u2014 aparece con el mayor nivel de rechazo:\u00a0<strong>65% de \u201cnunca lo votar\u00eda\u201d<\/strong>. La lectura superficial sugiere fracaso. La profunda, en cambio, se\u00f1ala otra cosa.<\/p>\n<p>El problema no es la moderaci\u00f3n en s\u00ed misma, sino su falta de densidad pol\u00edtica. En una sociedad atravesada por crisis sucesivas, la moderaci\u00f3n sin liderazgo se percibe como ambig\u00fcedad; la prudencia sin relato, como debilidad.<\/p>\n<p>Y, sin embargo, la paradoja persiste: ese mismo espacio acumula un\u00a0<strong>30% de voto probable<\/strong>. Es decir,\u00a0<strong>no logra identidad, pero s\u00ed disponibilidad<\/strong>. No convoca, pero tampoco es descartado. El centro, lejos de desaparecer,\u00a0<strong>se encuentra en estado de orfandad pol\u00edtica<\/strong>. Debe generar voces m\u00e1s potentes en pos del equilibrio.<\/p>\n<p>Este entramado de datos configura un sistema que ya no se organiza en torno a adhesiones s\u00f3lidas, sino a rechazos cruzados. Todos los espacios \u2014con la excepci\u00f3n relativa del oficialismo\u2014 superan el 50% de \u201cnunca lo votar\u00eda\u201d. Incluso La Libertad Avanza, con un 44%, no escapa a esa l\u00f3gica. La consecuencia es un modelo de competencia particular:\u00a0<strong>una primera minor\u00eda dominante en un ecosistema de mayor\u00edas negativas<\/strong>.<\/p>\n<p>En ese contexto, 2027 no aparece como una elecci\u00f3n definida, pero s\u00ed estructurada. Milei parte con una ventaja que puede transformarse en desenlace anticipado si logra sostener las condiciones que hoy la hacen posible. El peronismo, aun desordenado, conserva la llave para forzar una segunda vuelta si logra activar su potencial. El resto del sistema oscila entre la marginalidad y la expectativa.<\/p>\n<p>Como tantas veces en la pol\u00edtica argentina, el desenlace no se jugar\u00e1 en los n\u00facleos duros, sino en los bordes. Y hoy, esos bordes \u2014difusos, vol\u00e1tiles, decisivos\u2014 tienen un nombre preciso:\u00a0<strong>los indecisos<\/strong>.<\/p>\n","protected":false},"excerpt":{"rendered":"<p>La \u00faltima medici\u00f3n de Opinaia sobre el horizonte 2027 ofrece una postal que, le\u00edda en superficie, confirma lo evidente:\u00a0La Libertad Avanza lidera con holgura. Pero el dato verdaderamente disruptivo no es la ventaja, sino la naturaleza de esa ventaja. Por primera vez, Javier Milei\u00a0coquetea con un escenario de resoluci\u00f3n en primera vuelta. Ese es el [&hellip;]<\/p>\n","protected":false},"author":2,"featured_media":31509,"comment_status":"open","ping_status":"open","sticky":false,"template":"","format":"standard","meta":{"footnotes":""},"categories":[79],"tags":[],"class_list":{"0":"post-31508","1":"post","2":"type-post","3":"status-publish","4":"format-standard","5":"has-post-thumbnail","7":"category-politica"},"_links":{"self":[{"href":"https:\/\/radiobitacora.com.ar\/web\/wp-json\/wp\/v2\/posts\/31508","targetHints":{"allow":["GET"]}}],"collection":[{"href":"https:\/\/radiobitacora.com.ar\/web\/wp-json\/wp\/v2\/posts"}],"about":[{"href":"https:\/\/radiobitacora.com.ar\/web\/wp-json\/wp\/v2\/types\/post"}],"author":[{"embeddable":true,"href":"https:\/\/radiobitacora.com.ar\/web\/wp-json\/wp\/v2\/users\/2"}],"replies":[{"embeddable":true,"href":"https:\/\/radiobitacora.com.ar\/web\/wp-json\/wp\/v2\/comments?post=31508"}],"version-history":[{"count":1,"href":"https:\/\/radiobitacora.com.ar\/web\/wp-json\/wp\/v2\/posts\/31508\/revisions"}],"predecessor-version":[{"id":31510,"href":"https:\/\/radiobitacora.com.ar\/web\/wp-json\/wp\/v2\/posts\/31508\/revisions\/31510"}],"wp:featuredmedia":[{"embeddable":true,"href":"https:\/\/radiobitacora.com.ar\/web\/wp-json\/wp\/v2\/media\/31509"}],"wp:attachment":[{"href":"https:\/\/radiobitacora.com.ar\/web\/wp-json\/wp\/v2\/media?parent=31508"}],"wp:term":[{"taxonomy":"category","embeddable":true,"href":"https:\/\/radiobitacora.com.ar\/web\/wp-json\/wp\/v2\/categories?post=31508"},{"taxonomy":"post_tag","embeddable":true,"href":"https:\/\/radiobitacora.com.ar\/web\/wp-json\/wp\/v2\/tags?post=31508"}],"curies":[{"name":"wp","href":"https:\/\/api.w.org\/{rel}","templated":true}]}}