{"id":31511,"date":"2026-03-17T19:05:13","date_gmt":"2026-03-17T22:05:13","guid":{"rendered":"https:\/\/radiobitacora.com.ar\/web\/?p=31511"},"modified":"2026-03-17T19:05:13","modified_gmt":"2026-03-17T22:05:13","slug":"adorni-no-descarto-que-santiago-caputo-haya-filtrado-el-video-del-avion-privado","status":"publish","type":"post","link":"https:\/\/radiobitacora.com.ar\/web\/2026\/03\/17\/adorni-no-descarto-que-santiago-caputo-haya-filtrado-el-video-del-avion-privado\/","title":{"rendered":"Adorni no descart\u00f3 que Santiago Caputo haya filtrado el video del avi\u00f3n privado"},"content":{"rendered":"<p>Manuel Adorni no descart\u00f3 que Santiago Caputo haya tenido algo que ver con la filtraci\u00f3n del video donde se ve al jefe de Gabinete tomarse un avi\u00f3n privado para viajar un fin de semana a Punta del Este.<\/p>\n<p>El jefe de Gabinete esquiv\u00f3 a las preguntas sobre si cree que la filtraci\u00f3n est\u00e9 vinculada a la interna del gobierno, pero dijo que &#8220;est\u00e1 claro que el video es nuestro&#8221; y apunt\u00f3 contra la Polic\u00eda de Seguridad Aeroportuaria (PSA), una fuerza que hasta diciembre condujo Patricia Bullrich.<\/p>\n<p>&#8220;Obviamente el video fue grabado desde adentro de un edificio p\u00fablico&#8221;, respondi\u00f3 Adorni ante la primera pregunta de Luis Majul sobre esta cuesti\u00f3n. &#8220;Yo creo que todo lo que pas\u00f3 esta semana no fue contra m\u00ed, fue contra el gobierno&#8221;, dijo cuando el periodista insisti\u00f3 sobre la interna.<\/p>\n<p>&#8220;Fue un golpe para desestabilizar al gobierno&#8221;, reiter\u00f3 varias veces Adorni, pero sin identificar a qui\u00e9nes creen que lo hicieron.<\/p>\n<p>&#8220;\u00bfVos cre\u00e9s que haya sido Santiago Caputo?&#8221;, insisti\u00f3 Majul, pero Adorni otra vez no lo quiso descartar. &#8220;No me dec\u00eds ni que s\u00ed ni que no&#8221;, lo apur\u00f3 el periodista. &#8220;Te repito, esto es un golpe para desestabilizar al gobierno&#8221;, se escap\u00f3 el jefe de gabinete.<\/p>\n<p>&#8220;El video est\u00e1 claro que es nuestro, es de las puertas adentro del gobierno. Es alguien que estaba del vidrio para adentro, en todas las dependencias que funcionan en el aeropuerto. Obviamente que el video sali\u00f3 de ah\u00ed, lo vimos todos&#8221;, admiti\u00f3 finalmente Adorni, que aclar\u00f3 que &#8220;empezar a hablar de la interna es de mal gusto&#8221;.<\/p>\n<p class=\"authorquote\" title=\"Manuel Adorni\">El video est\u00e1 claro que es nuestro, es de las puertas adentro del gobierno<\/p>\n<p><a href=\"https:\/\/www.lapoliticaonline.com\/tools\/redirect.php?t=3&amp;i=341037&amp;s=4389bcf59a4ea53ff12700d8266fccdb\" target=\"_blank\" rel=\"noopener\">Como cont\u00f3 LPO<\/a>, desde un principio Adorni apunt\u00f3 contra Santiago Caputo, que maneja la SIDE y la Aduana, y lo us\u00f3 como un escudo para que Karina Milei no lo eche. &#8220;Adorni busca cargar la culpa de sus torpezas en Santiago para que Karina no lo limpie&#8221;, explic\u00f3 un funcionario.<\/p>\n<p>Aunque hay una idea instalada de que elementos de la SIDE operan en el aeropuerto de San Fernando especialmente por este tipo de vuelos privados que utilizan pol\u00edticos y empresarios,\u00a0en la entrevista Adorni tambi\u00e9n desliz\u00f3 una sospecha sobre la PSA. En esa fuerza tiene injerencia Patricia Bullrich, que est\u00e1 muy cruzada con Karina Milei y compite con Adorni por la candidatura a jefe de gobierno porte\u00f1o en 2027.<\/p>\n","protected":false},"excerpt":{"rendered":"<p>Manuel Adorni no descart\u00f3 que Santiago Caputo haya tenido algo que ver con la filtraci\u00f3n del video donde se ve al jefe de Gabinete tomarse un avi\u00f3n privado para viajar un fin de semana a Punta del Este. El jefe de Gabinete esquiv\u00f3 a las preguntas sobre si cree que la filtraci\u00f3n est\u00e9 vinculada a [&hellip;]<\/p>\n","protected":false},"author":2,"featured_media":31512,"comment_status":"open","ping_status":"open","sticky":false,"template":"","format":"standard","meta":{"footnotes":""},"categories":[79],"tags":[],"class_list":{"0":"post-31511","1":"post","2":"type-post","3":"status-publish","4":"format-standard","5":"has-post-thumbnail","7":"category-politica"},"_links":{"self":[{"href":"https:\/\/radiobitacora.com.ar\/web\/wp-json\/wp\/v2\/posts\/31511","targetHints":{"allow":["GET"]}}],"collection":[{"href":"https:\/\/radiobitacora.com.ar\/web\/wp-json\/wp\/v2\/posts"}],"about":[{"href":"https:\/\/radiobitacora.com.ar\/web\/wp-json\/wp\/v2\/types\/post"}],"author":[{"embeddable":true,"href":"https:\/\/radiobitacora.com.ar\/web\/wp-json\/wp\/v2\/users\/2"}],"replies":[{"embeddable":true,"href":"https:\/\/radiobitacora.com.ar\/web\/wp-json\/wp\/v2\/comments?post=31511"}],"version-history":[{"count":1,"href":"https:\/\/radiobitacora.com.ar\/web\/wp-json\/wp\/v2\/posts\/31511\/revisions"}],"predecessor-version":[{"id":31513,"href":"https:\/\/radiobitacora.com.ar\/web\/wp-json\/wp\/v2\/posts\/31511\/revisions\/31513"}],"wp:featuredmedia":[{"embeddable":true,"href":"https:\/\/radiobitacora.com.ar\/web\/wp-json\/wp\/v2\/media\/31512"}],"wp:attachment":[{"href":"https:\/\/radiobitacora.com.ar\/web\/wp-json\/wp\/v2\/media?parent=31511"}],"wp:term":[{"taxonomy":"category","embeddable":true,"href":"https:\/\/radiobitacora.com.ar\/web\/wp-json\/wp\/v2\/categories?post=31511"},{"taxonomy":"post_tag","embeddable":true,"href":"https:\/\/radiobitacora.com.ar\/web\/wp-json\/wp\/v2\/tags?post=31511"}],"curies":[{"name":"wp","href":"https:\/\/api.w.org\/{rel}","templated":true}]}}