{"id":31524,"date":"2026-03-17T19:26:42","date_gmt":"2026-03-17T22:26:42","guid":{"rendered":"https:\/\/radiobitacora.com.ar\/web\/?p=31524"},"modified":"2026-03-17T19:26:42","modified_gmt":"2026-03-17T22:26:42","slug":"larroza-la-unne-ha-racionalizado-sus-gastos-para-garantizar-todas-sus-actividades","status":"publish","type":"post","link":"https:\/\/radiobitacora.com.ar\/web\/2026\/03\/17\/larroza-la-unne-ha-racionalizado-sus-gastos-para-garantizar-todas-sus-actividades\/","title":{"rendered":"Larroza: &#8220;La UNNE ha racionalizado sus gastos para garantizar todas sus actividades&#8221;"},"content":{"rendered":"<p>En el marco de un paro nacional convocado por las federaciones docentes CONADU y CONADU Hist\u00f3rica y mientras se aguardan definiciones en relaci\u00f3n a la Ley de Financiamiento Universitario, el rector de la UNNE, Omar Larroza fue consultado por Radio UNNE sobre la realidad de la instituci\u00f3n, el impacto del plan de lucha mencionado y el contexto nacional.<\/p>\n<p>&#8220;Venimos de dos a\u00f1os muy complejos en la universidad y en el sistema universitario argentino, pero me parece que en la UNNE tuvimos la fortaleza suficiente para poder replantearnos esos momentos dif\u00edciles y poder salir adelante. Esto tiene que ver con los gastos de funcionamiento y las garant\u00edas de las funciones sustantivas de la Universidad&#8221;, dijo al aire de la 99.7.<\/p>\n<p>&#8220;En todo este tiempo, la universidad ha racionalizado y redirigido muchos de sus gastos, lo que le permite garantizar todas funciones, sus actividades&#8221;, dijo analizando la realidad de la UNNE durante los \u00faltimos a\u00f1os, sin un presupuesto universitario nacional que contemple un contexto inflacionario.<\/p>\n<p>&#8220;Esto es importante porque a partir de esto vamos a poder hacer por ejemplo un incremento de becas, sostener y proyectar obras como las previstas en el plan de sostenimiento de las facultades, el programa de Inteligencia Artificial, etc&#8221;, ampli\u00f3.<\/p>\n<p>&#8220;Esto es importante porque a partir de esto vamos a poder hacer por ejemplo un incremento de becas, sostener y proyectar obras como las previstas en el plan de sostenimiento de las facultades, el programa de Inteligencia Artificial, etc&#8221;.<br \/>\nEn t\u00e9rminos concretos, ese reordenamiento posibilit\u00f3 pasar de una proporci\u00f3n 90-10, de inversi\u00f3n salarial y gastos de funcionamiento respectivamente, a 88-12.<\/p>\n<p>Larroza valor\u00f3 la administraci\u00f3n que permite la previsibilidad necesaria para afrontar el a\u00f1o que inicia y los siguientes. Siempre contemplando tambi\u00e9n los vaivenes del pa\u00eds. Y destac\u00f3 tambi\u00e9n la respuesta, aunque &#8220;tard\u00eda&#8221;, de la administraci\u00f3n nacional: &#8220;s\u00ed estamos teniendo una sistem\u00e1tica ayuda que tiene que ver este a\u00f1o inclusive con el presupuesto donde se incorporan esas partidas de refuerzo, y eso nos permite tener alg\u00fan grado de previsibilidad&#8221;.<\/p>\n<p>No obstante, &#8220;el tema de los salarios es el problema&#8221;, dijo y manifest\u00f3 la preocupaci\u00f3n &#8220;por los compa\u00f1eros docentes y no docentes, porque en definitiva el impacto m\u00e1s grande que hay es el de los salarios&#8221;.<\/p>\n<p>Consultado sobre las medidas de fuerza organizada en dos tramos: del 16 al 21 de marzo y del 23 al 30 de marzo, con suspensi\u00f3n de clases y actividades en casas de estudio del pa\u00eds, el rector de la UNNE record\u00f3 que en la primera sesi\u00f3n del a\u00f1o del Consejo Superior, inst\u00f3 a que &#8220;tengamos racionalidad en los procesos de protesta&#8221; a fin de no perjudicar al cuerpo estudiantil en sus trayectos acad\u00e9micos.<\/p>\n<p>Y &#8220;en eso estamos&#8221;, agreg\u00f3 destacando un &#8220;dispar acatamiento&#8221; al paro convocado por entidades sindicales, en las distintas Unidades Acad\u00e9micas con sede tanto en Corrientes como en Resistencia. &#8220;No es el impacto que tienen otras facultades donde se ven afectados calendarios de ex\u00e1menes o directamente ya las universidades no est\u00e1n abiertas&#8221;, agreg\u00f3.<\/p>\n<h4>Posici\u00f3n del CIN<\/h4>\n<p>Esa misma racionalidad es la que se discute tambi\u00e9n en el Consejo Interuniversitario Nacional (CIN), que se reunir\u00e1 el pr\u00f3ximo 27 de marzo. All\u00ed seguramente se definir\u00e1 un nuevo posicionamiento frente a la realidad del sistema universitario argentino con un proyecto de Presupuesto Universitario prorrogado sin aplicaci\u00f3n efectiva a partir de un decreto del Poder Ejecutivo que promulgaba la ley pero postergaba su aplicaci\u00f3n hasta que el Congreso definiera las fuentes de financiamiento, la acci\u00f3n de amparo presentada por el CIN con el objetivo de exigir el cumplimiento efectivo de la norma y un proyecto oficial de una ley que pretender reemplazar la anterior y no contempla los porcentajes previstos y solicitados desde el sector.<\/p>\n<p>En ese marco, el rector de la UNNE plante\u00f3 la necesidad de mirar al claustro estudiantil: &#8220;los estudiantes acompa\u00f1an el reclamo y marchan, porque pueden seguir estando en las aulas&#8221;, dijo.<\/p>\n<p>As\u00ed, renov\u00f3 la postura de garantizar el dictado de clases y los servicios que aseguren su educaci\u00f3n superior gratuita.<\/p>\n<h3>Sostener la ciencia<\/h3>\n<p>&#8220;En virtud de las previsiones que hicimos para este a\u00f1o, va a haber un aumento de m\u00ednimo del 50 por ciento de las becas, en todas las categor\u00edas y en todos los programas de financiamiento&#8221;, adelant\u00f3 adem\u00e1s Larroza consultado tambi\u00e9n sobre la realidad del sistema cient\u00edfico en la UNNE.<\/p>\n<p>&#8220;Estamos atendiendo algunas obras de infraestructura en algunas facultades, y vamos a trabajar en este nuevo periodo en un plan de relevamiento de planes estructurales, para ver c\u00f3mo se orientan las inversiones&#8221;, agreg\u00f3.<\/p>\n<p>&#8220;Si nos preocupa la construcci\u00f3n del aulario de la Facultad de Ciencias Agrarias, que est\u00e1 suspendido&#8221;, dijo no obstante. El proyecto contaba con financiamiento externo &#8220;pero hemos asumido el compromiso de poder terminarlo. Por ahora con un esfuerzo propio de la UNNE&#8221;, dijo.<\/p>\n<p>&#8220;Eso tambi\u00e9n nos llena de orgullo, porque es una promesa de hace 40 a\u00f1os&#8221;, se\u00f1al\u00f3.<\/p>\n","protected":false},"excerpt":{"rendered":"<p>En el marco de un paro nacional convocado por las federaciones docentes CONADU y CONADU Hist\u00f3rica y mientras se aguardan definiciones en relaci\u00f3n a la Ley de Financiamiento Universitario, el rector de la UNNE, Omar Larroza fue consultado por Radio UNNE sobre la realidad de la instituci\u00f3n, el impacto del plan de lucha mencionado y [&hellip;]<\/p>\n","protected":false},"author":2,"featured_media":31525,"comment_status":"open","ping_status":"open","sticky":false,"template":"","format":"standard","meta":{"footnotes":""},"categories":[72],"tags":[],"class_list":{"0":"post-31524","1":"post","2":"type-post","3":"status-publish","4":"format-standard","5":"has-post-thumbnail","7":"category-provinciales"},"_links":{"self":[{"href":"https:\/\/radiobitacora.com.ar\/web\/wp-json\/wp\/v2\/posts\/31524","targetHints":{"allow":["GET"]}}],"collection":[{"href":"https:\/\/radiobitacora.com.ar\/web\/wp-json\/wp\/v2\/posts"}],"about":[{"href":"https:\/\/radiobitacora.com.ar\/web\/wp-json\/wp\/v2\/types\/post"}],"author":[{"embeddable":true,"href":"https:\/\/radiobitacora.com.ar\/web\/wp-json\/wp\/v2\/users\/2"}],"replies":[{"embeddable":true,"href":"https:\/\/radiobitacora.com.ar\/web\/wp-json\/wp\/v2\/comments?post=31524"}],"version-history":[{"count":1,"href":"https:\/\/radiobitacora.com.ar\/web\/wp-json\/wp\/v2\/posts\/31524\/revisions"}],"predecessor-version":[{"id":31526,"href":"https:\/\/radiobitacora.com.ar\/web\/wp-json\/wp\/v2\/posts\/31524\/revisions\/31526"}],"wp:featuredmedia":[{"embeddable":true,"href":"https:\/\/radiobitacora.com.ar\/web\/wp-json\/wp\/v2\/media\/31525"}],"wp:attachment":[{"href":"https:\/\/radiobitacora.com.ar\/web\/wp-json\/wp\/v2\/media?parent=31524"}],"wp:term":[{"taxonomy":"category","embeddable":true,"href":"https:\/\/radiobitacora.com.ar\/web\/wp-json\/wp\/v2\/categories?post=31524"},{"taxonomy":"post_tag","embeddable":true,"href":"https:\/\/radiobitacora.com.ar\/web\/wp-json\/wp\/v2\/tags?post=31524"}],"curies":[{"name":"wp","href":"https:\/\/api.w.org\/{rel}","templated":true}]}}