{"id":31527,"date":"2026-03-17T19:34:39","date_gmt":"2026-03-17T22:34:39","guid":{"rendered":"https:\/\/radiobitacora.com.ar\/web\/?p=31527"},"modified":"2026-03-17T19:34:39","modified_gmt":"2026-03-17T22:34:39","slug":"impulsan-la-colocacion-de-barreras-antisuicidios-en-el-puente-belgrano","status":"publish","type":"post","link":"https:\/\/radiobitacora.com.ar\/web\/2026\/03\/17\/impulsan-la-colocacion-de-barreras-antisuicidios-en-el-puente-belgrano\/","title":{"rendered":"Impulsan la colocaci\u00f3n de barreras antisuicidios en el puente Belgrano"},"content":{"rendered":"<p>Una organizaci\u00f3n vecinal de la capital correntina impulsa un proyecto para colocar barreras protectoras sobre los m\u00e1rgenes del puente interprovincial Manuel Belgrano. La idea es que se conforme una ley a nivel nacional a la que luego adhieran las provincias y los municipios.<\/p>\n<p>Seg\u00fan estad\u00edsticas de la organizaci\u00f3n \u00c1ngeles del Puente, un total de 260 personas intentaron arrojarse del viaducto entre agosto de 2023 y marzo de 2026. Cifras que solo comprenden el per\u00edodo de formaci\u00f3n y actividad de este grupo evangelista dedicado a patrullar el camino nacional las 24 horas del d\u00eda.<\/p>\n<p>Atentos a estas cifras alarmantes y a las impactantes im\u00e1genes que circulan en las rede sociales, el Foro de Organizaciones Vecinales (FORVE) impulsa, junto con un diputado nacional, un proyecto de ley para la colocaci\u00f3n de sistemas de mallas de contenci\u00f3n, barreras de seguridad y dispositivos de prevenci\u00f3n del suicidio en el puente Chaco-Corrientes.<\/p>\n<p>&#8220;Debido a que los intentos de suicidio crecieron exponencialmente en los \u00faltimos meses, reflotamos la idea de colocar mallas de contenci\u00f3n o barreras con el fin de desalentar estas acciones&#8221;, coment\u00f3, en una entrevista con diario \u00e9poca, Julio Maciel, presidente del FORVE. La idea es presentar el mismo documento a la Legislatura provincial y el Concejo Deliberante.<\/p>\n<div class=\"center medium m_image\">\n<figure><picture><source srcset=\"https:\/\/www.diarioepoca.com\/content\/bucket\/0\/1478950w380h220c.jpg.webp\" type=\"image\/webp\" media=\"(min-width: 640px)\" \/><source srcset=\"https:\/\/www.diarioepoca.com\/content\/bucket\/0\/1478950w440h255c.jpg.webp\" type=\"image\/webp\" media=\"(min-width: 300px)\" \/><source srcset=\"https:\/\/www.diarioepoca.com\/content\/bucket\/0\/1478950w380h220c.jpg\" media=\"(min-width: 300px)\" \/><img loading=\"lazy\" decoding=\"async\" class=\"pic\" src=\"https:\/\/www.diarioepoca.com\/content\/bucket\/0\/1478950w380h220c.jpg.webp\" alt=\"\" width=\"380\" height=\"220\" \/><\/picture><\/figure>\n<\/div>\n<p>Quien tom\u00f3 la posta a nivel nacional fue el diputado Juan Fernando Br\u00fcgge del Partido Dem\u00f3crata Cristiano. El legislador se encuentra trabajando en la redacci\u00f3n final del texto que ser\u00e1 presentado ante el Congreso de la Naci\u00f3n.<\/p>\n<p>&#8220;No es una idea descabellada, sino que estos sistemas ya se utilizan en pa\u00edses como Estados Unidos para evitar que la gente se quite la vida&#8221;, agreg\u00f3 Maciel. A la vez record\u00f3 que la Direcci\u00f3n de Vialidad Nacional cuenta con un proyecto para la estructura que hasta la fecha no vio la luz.<\/p>\n<p>Maciel remarc\u00f3 que busca trabajar junto a otras organizaciones sin fines de lucro y no gubernamentales teniendo en cuenta que la problem\u00e1tica preocupa a toda la sociedad correntina y chaque\u00f1a. El n\u00famero de contacto del FORVE es 379-537-2011.<\/p>\n<p>&#8220;Buscamos que sea un puente de uni\u00f3n y vida, no de suicidio&#8221;, agreg\u00f3 el presidente del FORVE. Al mismo tiempo, marc\u00f3 que ser\u00e1 indispensable un acompa\u00f1amiento de los ministerios de Salud para abordar los problemas mentales que acechan a estas personas que atentan contra su vida.<\/p>\n<div class=\"center medium m_image\">\n<figure><picture><source srcset=\"https:\/\/www.diarioepoca.com\/content\/bucket\/9\/1478949w380h278c.jpg.webp\" type=\"image\/webp\" media=\"(min-width: 640px)\" \/><source srcset=\"https:\/\/www.diarioepoca.com\/content\/bucket\/9\/1478949w440h322c.jpg.webp\" type=\"image\/webp\" media=\"(min-width: 300px)\" \/><source srcset=\"https:\/\/www.diarioepoca.com\/content\/bucket\/9\/1478949w380h278c.jpg\" media=\"(min-width: 300px)\" \/><img loading=\"lazy\" decoding=\"async\" class=\"pic\" src=\"https:\/\/www.diarioepoca.com\/content\/bucket\/9\/1478949w380h278c.jpg.webp\" alt=\"\" width=\"380\" height=\"278\" \/><\/picture><figcaption>LOS MODELOS SER\u00cdAN COMO LAS MALLAS DEL PUENTE RICARDO SAPRISSA (COSTA RICA).<\/figcaption><\/figure>\n<\/div>\n<h2>Otro sistema<\/h2>\n<p>Desde el 1 de enero de 2024, el puente Golden Gate (California, Estados Unidos) cuenta con una barrera f\u00edsica continua contra el suicidio instalada a lo largo de sus 2,7 kil\u00f3metros. Este sistema disuasorio, tambi\u00e9n conocido como red, se ha instalado en los lados este y oeste del puente.<\/p>\n<p>La red se inspira en barreras similares erigidas para prevenir suicidios en edificios y puentes de todo el mundo. El dise\u00f1o, seleccionado por la comunidad, se eligi\u00f3 por su eficacia comprobada en la reducci\u00f3n de suicidios y por su est\u00e9tica minimalista. La red est\u00e1 compuesta de malla de acero inoxidable de grado marino instalada a 6 metros por debajo de las aceras y extendi\u00e9ndose 6 metros sobre el agua.<\/p>\n<p>La red est\u00e1 funcionando seg\u00fan lo previsto para salvar vidas. En los \u00faltimos 20 a\u00f1os, se registraron, en promedio, 30 suicidios anuales. En 2024, un a\u00f1o despu\u00e9s de la finalizaci\u00f3n de la red, se notificaron ocho suicidios, lo que representa una reducci\u00f3n del 73% en la cifra anual.<\/p>\n","protected":false},"excerpt":{"rendered":"<p>Una organizaci\u00f3n vecinal de la capital correntina impulsa un proyecto para colocar barreras protectoras sobre los m\u00e1rgenes del puente interprovincial Manuel Belgrano. La idea es que se conforme una ley a nivel nacional a la que luego adhieran las provincias y los municipios. Seg\u00fan estad\u00edsticas de la organizaci\u00f3n \u00c1ngeles del Puente, un total de 260 [&hellip;]<\/p>\n","protected":false},"author":2,"featured_media":31528,"comment_status":"open","ping_status":"open","sticky":false,"template":"","format":"standard","meta":{"footnotes":""},"categories":[72],"tags":[],"class_list":{"0":"post-31527","1":"post","2":"type-post","3":"status-publish","4":"format-standard","5":"has-post-thumbnail","7":"category-provinciales"},"_links":{"self":[{"href":"https:\/\/radiobitacora.com.ar\/web\/wp-json\/wp\/v2\/posts\/31527","targetHints":{"allow":["GET"]}}],"collection":[{"href":"https:\/\/radiobitacora.com.ar\/web\/wp-json\/wp\/v2\/posts"}],"about":[{"href":"https:\/\/radiobitacora.com.ar\/web\/wp-json\/wp\/v2\/types\/post"}],"author":[{"embeddable":true,"href":"https:\/\/radiobitacora.com.ar\/web\/wp-json\/wp\/v2\/users\/2"}],"replies":[{"embeddable":true,"href":"https:\/\/radiobitacora.com.ar\/web\/wp-json\/wp\/v2\/comments?post=31527"}],"version-history":[{"count":1,"href":"https:\/\/radiobitacora.com.ar\/web\/wp-json\/wp\/v2\/posts\/31527\/revisions"}],"predecessor-version":[{"id":31529,"href":"https:\/\/radiobitacora.com.ar\/web\/wp-json\/wp\/v2\/posts\/31527\/revisions\/31529"}],"wp:featuredmedia":[{"embeddable":true,"href":"https:\/\/radiobitacora.com.ar\/web\/wp-json\/wp\/v2\/media\/31528"}],"wp:attachment":[{"href":"https:\/\/radiobitacora.com.ar\/web\/wp-json\/wp\/v2\/media?parent=31527"}],"wp:term":[{"taxonomy":"category","embeddable":true,"href":"https:\/\/radiobitacora.com.ar\/web\/wp-json\/wp\/v2\/categories?post=31527"},{"taxonomy":"post_tag","embeddable":true,"href":"https:\/\/radiobitacora.com.ar\/web\/wp-json\/wp\/v2\/tags?post=31527"}],"curies":[{"name":"wp","href":"https:\/\/api.w.org\/{rel}","templated":true}]}}