{"id":31530,"date":"2026-03-17T19:39:36","date_gmt":"2026-03-17T22:39:36","guid":{"rendered":"https:\/\/radiobitacora.com.ar\/web\/?p=31530"},"modified":"2026-03-17T19:39:36","modified_gmt":"2026-03-17T22:39:36","slug":"alerta-amarillo-en-corrientes-cuando-llegan-las-lluvias-y-que-pasara-con-la-temperatura","status":"publish","type":"post","link":"https:\/\/radiobitacora.com.ar\/web\/2026\/03\/17\/alerta-amarillo-en-corrientes-cuando-llegan-las-lluvias-y-que-pasara-con-la-temperatura\/","title":{"rendered":"Alerta amarillo en Corrientes: cu\u00e1ndo llegan las lluvias y qu\u00e9 pasar\u00e1 con la temperatura"},"content":{"rendered":"<article class=\"articulo\" data-id=\"69b9d18a6ffe040014ca48ec\">\n<div class=\"articulo__container\">\n<div class=\"articulo__body\">\n<div class=\"articulo__cuerpo\">\n<p>Tras una jornada marcada por la intensa humedad y una elevada sensaci\u00f3n t\u00e9rmica, la provincia de Corrientes permanece bajo <b>alerta amarillo<\/b>.<\/p>\n<p>El reporte del\u00a0<strong>Servicio Meteorol\u00f3gico Naciona (SMN)<\/strong>\u00a0indica que el \u00e1rea ser\u00e1 afectada por tormentas localmente fuertes, con r\u00e1fagas de viento que podr\u00edan superar los\u00a0<b>80 km\/h<\/b>.<\/p>\n<h2 class=\"h2\">Detalles del fen\u00f3meno esperado<\/h2>\n<p>El organismo nacional prev\u00e9 que las condiciones de inestabilidad se intensifiquen en las pr\u00f3ximas horas. Las caracter\u00edsticas principales del temporal incluyen:<\/p>\n<ul>\n<li><b>Precipitaci\u00f3n acumulada:<\/b>\u00a0se estiman valores de entre\u00a0<b>25 y 50 mm<\/b>, con posibilidad de ser superados de forma puntual en algunas localidades.<\/li>\n<li><b>Fen\u00f3menos asociados:<\/b>\u00a0actividad el\u00e9ctrica frecuente y probabilidad de ca\u00edda de granizo en cortos per\u00edodos.<\/li>\n<li><b>Vientos:<\/b>\u00a0r\u00e1fagas intensas que podr\u00edan generar complicaciones en \u00e1reas urbanas y rurales.<\/li>\n<\/ul>\n<p>&nbsp;<\/p>\n<div class=\"fixed-container direction-center\"><img decoding=\"async\" class=\"i-amphtml-fill-content i-amphtml-replaced-content\" title=\"Alerta amarillo en Corrientes: cu\u00e1ndo llegan las lluvias y qu\u00e9 pasar\u00e1 con la temperatura-\" src=\"https:\/\/pxcdn.ellitoral.com.ar\/litoral\/032026\/1773786201128.jpg?cw=807\" alt=\"Alerta amarillo en Corrientes: cu\u00e1ndo llegan las lluvias y qu\u00e9 pasar\u00e1 con la temperatura\" \/><\/div>\n<p>&nbsp;<\/p>\n<h2 class=\"h2\">Pron\u00f3stico extendido: inestabilidad y calor<\/h2>\n<p>A diferencia de otros frentes de tormenta, este sistema no traer\u00e1 un descenso inmediato de la temperatura. Para la capital provincial y alrededores, el\u00a0<b>SMN<\/b> anticipa:<\/p>\n<ul>\n<li><b>Mi\u00e9rcoles:<\/b>\u00a0m\u00e1xima de\u00a0<b>32\u00b0C<\/b>\u00a0con persistencia de nubosidad y lluvias.<\/li>\n<li><b>Jueves y viernes:<\/b>\u00a0las temperaturas continuar\u00e1n en ascenso, pudiendo trepar hasta los\u00a0<b>33\u00b0C<\/b>.<\/li>\n<li><b>Fin de semana:<\/b>\u00a0se prev\u00e9n tormentas aisladas con marcas t\u00e9rmicas que oscilar\u00e1n entre los\u00a0<b>25\u00b0C y los 34\u00b0C<\/b>.<\/li>\n<\/ul>\n<p>Se recomienda a la poblaci\u00f3n asegurar objetos que puedan ser desplazados por el viento, evitar la circulaci\u00f3n innecesaria durante los picos de tormenta y mantenerse informados a trav\u00e9s de las actualizaciones oficiales del sistema de alerta temprana.<\/p>\n<\/div>\n<\/div>\n<\/div>\n<\/article>\n","protected":false},"excerpt":{"rendered":"<p>Tras una jornada marcada por la intensa humedad y una elevada sensaci\u00f3n t\u00e9rmica, la provincia de Corrientes permanece bajo alerta amarillo. El reporte del\u00a0Servicio Meteorol\u00f3gico Naciona (SMN)\u00a0indica que el \u00e1rea ser\u00e1 afectada por tormentas localmente fuertes, con r\u00e1fagas de viento que podr\u00edan superar los\u00a080 km\/h. Detalles del fen\u00f3meno esperado El organismo nacional prev\u00e9 que las [&hellip;]<\/p>\n","protected":false},"author":2,"featured_media":31531,"comment_status":"open","ping_status":"open","sticky":false,"template":"","format":"standard","meta":{"footnotes":""},"categories":[89],"tags":[],"class_list":{"0":"post-31530","1":"post","2":"type-post","3":"status-publish","4":"format-standard","5":"has-post-thumbnail","7":"category-pronostico"},"_links":{"self":[{"href":"https:\/\/radiobitacora.com.ar\/web\/wp-json\/wp\/v2\/posts\/31530","targetHints":{"allow":["GET"]}}],"collection":[{"href":"https:\/\/radiobitacora.com.ar\/web\/wp-json\/wp\/v2\/posts"}],"about":[{"href":"https:\/\/radiobitacora.com.ar\/web\/wp-json\/wp\/v2\/types\/post"}],"author":[{"embeddable":true,"href":"https:\/\/radiobitacora.com.ar\/web\/wp-json\/wp\/v2\/users\/2"}],"replies":[{"embeddable":true,"href":"https:\/\/radiobitacora.com.ar\/web\/wp-json\/wp\/v2\/comments?post=31530"}],"version-history":[{"count":1,"href":"https:\/\/radiobitacora.com.ar\/web\/wp-json\/wp\/v2\/posts\/31530\/revisions"}],"predecessor-version":[{"id":31532,"href":"https:\/\/radiobitacora.com.ar\/web\/wp-json\/wp\/v2\/posts\/31530\/revisions\/31532"}],"wp:featuredmedia":[{"embeddable":true,"href":"https:\/\/radiobitacora.com.ar\/web\/wp-json\/wp\/v2\/media\/31531"}],"wp:attachment":[{"href":"https:\/\/radiobitacora.com.ar\/web\/wp-json\/wp\/v2\/media?parent=31530"}],"wp:term":[{"taxonomy":"category","embeddable":true,"href":"https:\/\/radiobitacora.com.ar\/web\/wp-json\/wp\/v2\/categories?post=31530"},{"taxonomy":"post_tag","embeddable":true,"href":"https:\/\/radiobitacora.com.ar\/web\/wp-json\/wp\/v2\/tags?post=31530"}],"curies":[{"name":"wp","href":"https:\/\/api.w.org\/{rel}","templated":true}]}}