{"id":31536,"date":"2026-03-17T23:58:35","date_gmt":"2026-03-18T02:58:35","guid":{"rendered":"https:\/\/radiobitacora.com.ar\/web\/?p=31536"},"modified":"2026-03-17T23:59:45","modified_gmt":"2026-03-18T02:59:45","slug":"goya-liquida-el-sorteo-de-la-octava-edicion-se-realizara-el-lunes-6-de-abril","status":"publish","type":"post","link":"https:\/\/radiobitacora.com.ar\/web\/2026\/03\/17\/goya-liquida-el-sorteo-de-la-octava-edicion-se-realizara-el-lunes-6-de-abril\/","title":{"rendered":"\u201cGOYA L\u00cdQUIDA\u201d: EL SORTEO DE LA OCTAVA EDICI\u00d3N SE REALIZAR\u00c1 EL LUNES 6 DE ABRIL"},"content":{"rendered":"<p style=\"font-weight: 400;\">El programa municipal busca dinamizar la econom\u00eda local y acompa\u00f1ar a comerciantes y emprendedores; el sorteo de \u00f3rdenes de compra se realizar\u00e1 finalmente el lunes 6 de abril a las 10, tras la reprogramaci\u00f3n por el feriado de Semana Santa.<\/p>\n<p style=\"font-weight: 400;\">La Secretar\u00eda de Industria y Comercio de la Municipalidad de Goya avanza con la octava edici\u00f3n del programa \u201cGoya L\u00edquida\u201d, una iniciativa orientada a incentivar el consumo y fortalecer la actividad comercial en la ciudad, en un contexto econ\u00f3mico complejo que ya muestra se\u00f1ales de retracci\u00f3n en el sector.<\/p>\n<p style=\"font-weight: 400;\">La titular del \u00e1rea, la licenciada Mar\u00eda Paz Lampugnani, destac\u00f3 que el programa forma parte de una visi\u00f3n estrat\u00e9gica del municipio que apunta no s\u00f3lo a fomentar las ventas, sino tambi\u00e9n a acompa\u00f1ar el desarrollo de la econom\u00eda local y visibilizar el potencial de empresas y emprendedores goyanos.<\/p>\n<p style=\"font-weight: 400;\">En ese sentido, la funcionaria puso en valor la participaci\u00f3n de firmas locales en distintos proyectos y eventos de la ciudad, como estructuras met\u00e1licas utilizadas en los carnavales o la instalaci\u00f3n de cargadores de celulares en la nueva costanera, desarrollados por empresas radicadas en Goya. \u201cTenemos muchos talentos en nuestra ciudad y es bueno que encuentren su oportunidad\u201d, expres\u00f3.<\/p>\n<p style=\"font-weight: 400;\">Respecto al \u201cGoya L\u00edquida\u201d, Lampugnani remarc\u00f3 que se trata de una herramienta de fomento impulsada por el Estado municipal para apuntalar a comerciantes y emprendedores, especialmente en un escenario de desaceleraci\u00f3n econ\u00f3mica. \u201cQueremos que los comercios adheridos tengan su fomento, que puedan vender un poco m\u00e1s y estimular las ventas\u201d, sostuvo.<\/p>\n<p style=\"font-weight: 400;\">El contexto actual, sin embargo, presenta dificultades evidentes. Seg\u00fan datos relevados por la Secretar\u00eda, durante el mes de febrero se registraron 71 bajas de comercios frente a solo 27 altas, lo que representa un saldo negativo in\u00e9dito en los ocho a\u00f1os de gesti\u00f3n de la funcionaria. \u201cEs la primera vez que observo que las bajas superaron a las altas\u201d, afirm\u00f3.<\/p>\n<p style=\"font-weight: 400;\">La diferencia de 42 comercios cerrados en un solo mes genera preocupaci\u00f3n en el \u00e1rea, ya que implica p\u00e9rdida de fuentes de trabajo y menor actividad econ\u00f3mica.<\/p>\n<p style=\"font-weight: 400;\">Lampugnani atribuy\u00f3 este escenario a factores macroecon\u00f3micos vinculados a pol\u00edticas nacionales que impactan directamente en el consumo. \u201cHay una ca\u00edda de la demanda interna porque no hay liquidez, y esto se traduce en menos ventas\u201d, explic\u00f3, al tiempo que indic\u00f3 que muchos comerciantes optan por cerrar, mudarse a locales m\u00e1s econ\u00f3micos o continuar sus actividades desde sus domicilios.<\/p>\n<p style=\"font-weight: 400;\">Pese a este panorama, la funcionaria destac\u00f3 que el municipio contin\u00faa implementando herramientas dentro de sus posibilidades para sostener la actividad. \u201cNo podemos cambiar las medidas nacionales, pero s\u00ed podemos generar programas que ayuden a amortiguar el impacto, y este es uno de ellos\u201d, se\u00f1al\u00f3.<\/p>\n<p style=\"font-weight: 400;\">En paralelo, mencion\u00f3 como dato positivo el r\u00e9cord de exportaciones de la provincia de Corrientes en 2025, principalmente en productos madereros, aunque advirti\u00f3 que esos beneficios suelen tardar en trasladarse al consumo interno.<\/p>\n<p style=\"font-weight: 400;\">En relaci\u00f3n al desarrollo del programa, Lampugnani confirm\u00f3 que el sorteo de las \u00f3rdenes de compra correspondientes al \u201cGoya L\u00edquida\u201d fue reprogramado. Inicialmente previsto para el 3 de abril, fecha que coincide con el feriado de Semana Santa, se realizar\u00e1 finalmente el lunes 6 de abril a las 10 de la ma\u00f1ana, en el mismo lugar establecido.<\/p>\n<p style=\"font-weight: 400;\">El personal de la Secretar\u00eda recorrer\u00e1 los comercios adheridos para recolectar los cupones. Asimismo, se solicit\u00f3 a aquellos comerciantes que no hayan podido ser visitados por encontrarse cerrados, que se comuniquen con el \u00e1rea para coordinar la entrega. Podr\u00e1n hacerlo acerc\u00e1ndose a la oficina ubicada en Jos\u00e9 G\u00f3mez 1651 o llamando al 3777-821010.<\/p>\n<p style=\"font-weight: 400;\">De esta manera, el municipio busca sostener una pol\u00edtica activa de acompa\u00f1amiento al sector comercial, en medio de un escenario econ\u00f3mico desafiante que exige medidas para incentivar el consumo y preservar el entramado productivo local.<\/p>\n<p style=\"font-weight: 400;\">\n","protected":false},"excerpt":{"rendered":"<p>El programa municipal busca dinamizar la econom\u00eda local y acompa\u00f1ar a comerciantes y emprendedores; el sorteo de \u00f3rdenes de compra se realizar\u00e1 finalmente el lunes 6 de abril a las 10, tras la reprogramaci\u00f3n por el feriado de Semana Santa. La Secretar\u00eda de Industria y Comercio de la Municipalidad de Goya avanza con la octava [&hellip;]<\/p>\n","protected":false},"author":2,"featured_media":31537,"comment_status":"open","ping_status":"open","sticky":false,"template":"","format":"standard","meta":{"footnotes":""},"categories":[56],"tags":[],"class_list":{"0":"post-31536","1":"post","2":"type-post","3":"status-publish","4":"format-standard","5":"has-post-thumbnail","7":"category-locales"},"_links":{"self":[{"href":"https:\/\/radiobitacora.com.ar\/web\/wp-json\/wp\/v2\/posts\/31536","targetHints":{"allow":["GET"]}}],"collection":[{"href":"https:\/\/radiobitacora.com.ar\/web\/wp-json\/wp\/v2\/posts"}],"about":[{"href":"https:\/\/radiobitacora.com.ar\/web\/wp-json\/wp\/v2\/types\/post"}],"author":[{"embeddable":true,"href":"https:\/\/radiobitacora.com.ar\/web\/wp-json\/wp\/v2\/users\/2"}],"replies":[{"embeddable":true,"href":"https:\/\/radiobitacora.com.ar\/web\/wp-json\/wp\/v2\/comments?post=31536"}],"version-history":[{"count":2,"href":"https:\/\/radiobitacora.com.ar\/web\/wp-json\/wp\/v2\/posts\/31536\/revisions"}],"predecessor-version":[{"id":31539,"href":"https:\/\/radiobitacora.com.ar\/web\/wp-json\/wp\/v2\/posts\/31536\/revisions\/31539"}],"wp:featuredmedia":[{"embeddable":true,"href":"https:\/\/radiobitacora.com.ar\/web\/wp-json\/wp\/v2\/media\/31537"}],"wp:attachment":[{"href":"https:\/\/radiobitacora.com.ar\/web\/wp-json\/wp\/v2\/media?parent=31536"}],"wp:term":[{"taxonomy":"category","embeddable":true,"href":"https:\/\/radiobitacora.com.ar\/web\/wp-json\/wp\/v2\/categories?post=31536"},{"taxonomy":"post_tag","embeddable":true,"href":"https:\/\/radiobitacora.com.ar\/web\/wp-json\/wp\/v2\/tags?post=31536"}],"curies":[{"name":"wp","href":"https:\/\/api.w.org\/{rel}","templated":true}]}}