{"id":31543,"date":"2026-03-18T00:11:47","date_gmt":"2026-03-18T03:11:47","guid":{"rendered":"https:\/\/radiobitacora.com.ar\/web\/?p=31543"},"modified":"2026-03-18T00:19:39","modified_gmt":"2026-03-18T03:19:39","slug":"excelente-participacion-de-runners-goyanos-en-villa-urquiza","status":"publish","type":"post","link":"https:\/\/radiobitacora.com.ar\/web\/2026\/03\/18\/excelente-participacion-de-runners-goyanos-en-villa-urquiza\/","title":{"rendered":"EXCELENTE PARTICIPACI\u00d3N DE RUNNERS GOYANOS EN VILLA URQUIZA."},"content":{"rendered":"<p style=\"font-weight: 400;\"><em>Running y aventura<\/em><\/p>\n<p style=\"font-weight: 400;\">Laura Pascual, entrenadora del equipo Punto de Entrenamiento, destaca el nivel de los atletas de Goya; especialmente al haberse obtenido el primer puesto en la categor\u00eda general de 7k y el tercero de los puestos en la categor\u00eda general de 15k en la competencia denominada &#8220;Atardecer de Villa Urquiza&#8221;, en Entre R\u00edos. Oscar Mazzuchini y Pablo N\u00fa\u00f1ez, respectivamente, fueron los protagonistas de estos podios.<\/p>\n<p style=\"font-weight: 400;\">Adem\u00e1s, resalt\u00f3 la importancia de la disciplina en la preparaci\u00f3n, lo que permite alcanzar niveles como los demostrado por los atletas locales. &#8220;El entrenamiento es esencial. Debemos valorar a todos los que entrenan, no s\u00f3lo a los que ganan o son de \u00e9lite, porque cada uno tiene sus propios tiempos y capacidades. Lo cierto es que en Goya hay much\u00edsimos atletas excelentes, reflejando el crecimiento de esta disciplina deportiva, el running\u201d.<\/p>\n<p style=\"font-weight: 400;\">En esta carrera de aventura, representando a Goya, participaron los equipos Modo Runner Team y Punto de Entrenamiento, liderados por Fernando L\u00f3pez Torres y Laura Pascual, respectivamente.<\/p>\n<p style=\"font-weight: 400;\">AVENTURA, CARRERA, GLORIA Y CAMARADER\u00cdA<\/p>\n<p style=\"font-weight: 400;\">La atleta coment\u00f3 a Radio Ciudad que \u201cla carrera cont\u00f3 con todos los condimentos, en las distancias y modalidades: 7k, 15k, 25k individual y 25k en dupla. La verdad: fue espectacular\u201d, reconoci\u00f3.<\/p>\n<p style=\"font-weight: 400;\">En la entrevista, consider\u00f3 de gran nivel el aportado por los corredores de nuestra ciudad. Vale mencionar, en este sentido, la diversidad en las edades, pero demostrando un alto nivel competitivo fruto de la disciplina, la perseverancia y el entrenamiento. \u201cTenemos que seguir apoyando porque est\u00e1 bueno&#8221;, coment\u00f3.<\/p>\n<p style=\"font-weight: 400;\">PR\u00d3XIMAS CARRERAS<\/p>\n<p style=\"font-weight: 400;\">Mirando hacia el futuro, Laura Pascual coment\u00f3 que ahora el objetivo est\u00e1 puesto en participar en octubre en Brasil de la experiencia de aventura en ese pa\u00eds.<\/p>\n<p style=\"font-weight: 400;\">En el \u00e1mbito local, invit\u00f3 a sumarse a la &#8220;Oto\u00f1o Trail Run&#8221; el pr\u00f3ximo 17 de mayo, una fecha del circuito correntino. &#8220;Estaremos con nuestro equipo, pero invitamos a equipos de otras zonas para la primera fecha del circuito correntino. Algunos de los chicos estar\u00e1n prob\u00e1ndose por primera vez&#8221;, destac\u00f3.<\/p>\n<p style=\"font-weight: 400;\">El Oto\u00f1o Trail Run se corre en la geograf\u00eda que ofrece en sus inmediaciones el Parque Acu\u00e1tico. Cabe destacar que, el s\u00e1bado 16 de mayo, con las acreditaciones y entrega de Kit, se realizar\u00e1 la prueba atl\u00e9tica infantil en el predio Costa Surub\u00ed<\/p>\n","protected":false},"excerpt":{"rendered":"<p>Running y aventura Laura Pascual, entrenadora del equipo Punto de Entrenamiento, destaca el nivel de los atletas de Goya; especialmente al haberse obtenido el primer puesto en la categor\u00eda general de 7k y el tercero de los puestos en la categor\u00eda general de 15k en la competencia denominada &#8220;Atardecer de Villa Urquiza&#8221;, en Entre R\u00edos. [&hellip;]<\/p>\n","protected":false},"author":2,"featured_media":31544,"comment_status":"open","ping_status":"open","sticky":false,"template":"","format":"standard","meta":{"footnotes":""},"categories":[78],"tags":[],"class_list":{"0":"post-31543","1":"post","2":"type-post","3":"status-publish","4":"format-standard","5":"has-post-thumbnail","7":"category-deportes"},"_links":{"self":[{"href":"https:\/\/radiobitacora.com.ar\/web\/wp-json\/wp\/v2\/posts\/31543","targetHints":{"allow":["GET"]}}],"collection":[{"href":"https:\/\/radiobitacora.com.ar\/web\/wp-json\/wp\/v2\/posts"}],"about":[{"href":"https:\/\/radiobitacora.com.ar\/web\/wp-json\/wp\/v2\/types\/post"}],"author":[{"embeddable":true,"href":"https:\/\/radiobitacora.com.ar\/web\/wp-json\/wp\/v2\/users\/2"}],"replies":[{"embeddable":true,"href":"https:\/\/radiobitacora.com.ar\/web\/wp-json\/wp\/v2\/comments?post=31543"}],"version-history":[{"count":2,"href":"https:\/\/radiobitacora.com.ar\/web\/wp-json\/wp\/v2\/posts\/31543\/revisions"}],"predecessor-version":[{"id":31546,"href":"https:\/\/radiobitacora.com.ar\/web\/wp-json\/wp\/v2\/posts\/31543\/revisions\/31546"}],"wp:featuredmedia":[{"embeddable":true,"href":"https:\/\/radiobitacora.com.ar\/web\/wp-json\/wp\/v2\/media\/31544"}],"wp:attachment":[{"href":"https:\/\/radiobitacora.com.ar\/web\/wp-json\/wp\/v2\/media?parent=31543"}],"wp:term":[{"taxonomy":"category","embeddable":true,"href":"https:\/\/radiobitacora.com.ar\/web\/wp-json\/wp\/v2\/categories?post=31543"},{"taxonomy":"post_tag","embeddable":true,"href":"https:\/\/radiobitacora.com.ar\/web\/wp-json\/wp\/v2\/tags?post=31543"}],"curies":[{"name":"wp","href":"https:\/\/api.w.org\/{rel}","templated":true}]}}