{"id":32847,"date":"2026-04-25T00:27:38","date_gmt":"2026-04-25T03:27:38","guid":{"rendered":"https:\/\/radiobitacora.com.ar\/web\/?p=32847"},"modified":"2026-04-25T02:25:27","modified_gmt":"2026-04-25T05:25:27","slug":"voces-callejeras-gaston-fabro-destaca-la-importancia-de-la-vision-de-alto-rendimiento-y-presenta-su-propuesta-en-la-fiesta-del-surubi","status":"publish","type":"post","link":"https:\/\/radiobitacora.com.ar\/web\/2026\/04\/25\/voces-callejeras-gaston-fabro-destaca-la-importancia-de-la-vision-de-alto-rendimiento-y-presenta-su-propuesta-en-la-fiesta-del-surubi\/","title":{"rendered":"VOCES CALLEJERAS: GAST\u00d3N FABRO DESTACA LA IMPORTANCIA DE LA VISI\u00d3N DE ALTO RENDIMIENTO Y PRESENTA SU PROPUESTA EN LA FIESTA DEL SURUB\u00cd"},"content":{"rendered":"<section class=\"text-token-text-primary w-full focus:outline-none [--shadow-height:45px] has-data-writing-block:pointer-events-none has-data-writing-block:-mt-(--shadow-height) has-data-writing-block:pt-(--shadow-height) [&amp;:has([data-writing-block])&gt;*]:pointer-events-auto [content-visibility:auto] supports-[content-visibility:auto]:[contain-intrinsic-size:auto_100lvh] R6Vx5W_threadScrollVars scroll-mb-[calc(var(--scroll-root-safe-area-inset-bottom,0px)+var(--thread-response-height))] scroll-mt-[calc(var(--header-height)+min(200px,max(70px,20svh)))]\" dir=\"auto\" data-turn-id=\"request-WEB:27acf583-279c-4b42-a586-371e350debcd-1\" data-testid=\"conversation-turn-4\" data-scroll-anchor=\"false\" data-turn=\"assistant\">\n<div class=\"text-base my-auto mx-auto pb-10 [--thread-content-margin:var(--thread-content-margin-xs,calc(var(--spacing)*4))] @w-sm\/main:[--thread-content-margin:var(--thread-content-margin-sm,calc(var(--spacing)*6))] @w-lg\/main:[--thread-content-margin:var(--thread-content-margin-lg,calc(var(--spacing)*16))] px-(--thread-content-margin)\">\n<div class=\"[--thread-content-max-width:40rem] @w-lg\/main:[--thread-content-max-width:48rem] mx-auto max-w-(--thread-content-max-width) flex-1 group\/turn-messages focus-visible:outline-hidden relative flex w-full min-w-0 flex-col agent-turn\">\n<div class=\"flex max-w-full flex-col gap-4 grow\">\n<div class=\"min-h-8 text-message relative flex w-full flex-col items-end gap-2 text-start break-words whitespace-normal outline-none keyboard-focused:focus-ring [.text-message+&amp;]:mt-1\" dir=\"auto\" tabindex=\"0\" data-message-author-role=\"assistant\" data-message-id=\"3c8da929-9839-403a-b562-de43696d497e\" data-message-model-slug=\"gpt-5-3\" data-turn-start-message=\"true\">\n<div class=\"flex w-full flex-col gap-1 empty:hidden\">\n<div class=\"markdown prose dark:prose-invert w-full wrap-break-word light markdown-new-styling\">\n<p data-start=\"140\" data-end=\"487\">En los estudios de Multiplataformas Bit\u00e1cora, durante el programa Voces Callejeras que se emite todos los martes y jueves de 18 a 20 horas, se realiz\u00f3 una entrevista a Gast\u00f3n Fabro, director de Gafa Visual, quien comparti\u00f3 su experiencia profesional, su visi\u00f3n del rubro \u00f3ptico y las propuestas que llevar\u00e1 a la pr\u00f3xima Fiesta Nacional del Surub\u00ed.<\/p>\n<p data-start=\"489\" data-end=\"883\">Fabro destac\u00f3 el crecimiento de su emprendimiento y agradeci\u00f3 el acompa\u00f1amiento del programa, que permiti\u00f3 dar mayor visibilidad a su trabajo. Durante la charla, explic\u00f3 que adem\u00e1s de su local f\u00edsico ubicado en calle <em>25 de Mayo 1030<\/em>, contar\u00e1 con un tr\u00e1iler \u00f3ptico completamente equipado que estar\u00e1 presente en el evento, ofreciendo anteojos deportivos, urbanos y opciones para todas las edades.<\/p>\n<p data-start=\"489\" data-end=\"883\"><img loading=\"lazy\" decoding=\"async\" class=\"wp-image-32848 alignleft\" src=\"https:\/\/radiobitacora.com.ar\/web\/wp-content\/uploads\/2026\/04\/WhatsApp-Image-2026-04-25-at-12.14.52-AM.jpeg\" alt=\"\" width=\"344\" height=\"258\" srcset=\"https:\/\/radiobitacora.com.ar\/web\/wp-content\/uploads\/2026\/04\/WhatsApp-Image-2026-04-25-at-12.14.52-AM.jpeg 1280w, https:\/\/radiobitacora.com.ar\/web\/wp-content\/uploads\/2026\/04\/WhatsApp-Image-2026-04-25-at-12.14.52-AM-560x420.jpeg 560w, https:\/\/radiobitacora.com.ar\/web\/wp-content\/uploads\/2026\/04\/WhatsApp-Image-2026-04-25-at-12.14.52-AM-80x60.jpeg 80w, https:\/\/radiobitacora.com.ar\/web\/wp-content\/uploads\/2026\/04\/WhatsApp-Image-2026-04-25-at-12.14.52-AM-696x522.jpeg 696w, https:\/\/radiobitacora.com.ar\/web\/wp-content\/uploads\/2026\/04\/WhatsApp-Image-2026-04-25-at-12.14.52-AM-1068x801.jpeg 1068w, https:\/\/radiobitacora.com.ar\/web\/wp-content\/uploads\/2026\/04\/WhatsApp-Image-2026-04-25-at-12.14.52-AM-265x198.jpeg 265w\" sizes=\"auto, (max-width: 344px) 100vw, 344px\" \/><\/p>\n<p data-start=\"885\" data-end=\"1297\">El profesional relat\u00f3 que se form\u00f3 como \u00f3ptico, se recibi\u00f3 en 2012 y desarroll\u00f3 su carrera entre Santa Fe y Corrientes, manteniendo siempre el v\u00ednculo con su ciudad natal, Goya. Actualmente, adem\u00e1s de dirigir Gafa Visual, se desempe\u00f1a como \u00f3ptico en la Universidad Nacional del Nordeste y forma parte del equipo de Arrieta Visi\u00f3n, vinculado al oftalm\u00f3logo de la Selecci\u00f3n Argentina y al Comit\u00e9 Ol\u00edmpico Nacional.<\/p>\n<p data-start=\"1299\" data-end=\"1769\">Uno de los ejes principales de la entrevista fue la importancia de la visi\u00f3n en el rendimiento deportivo. Fabro explic\u00f3 que en atletas de alto nivel se busca superar la visi\u00f3n est\u00e1ndar 20-20, alcanzando par\u00e1metros superiores como 20-15, lo que permite mejorar la toma de decisiones y el desempe\u00f1o. En este sentido, remarc\u00f3 la relevancia del campo visual, la sensibilidad al contraste y la estereopsis, factores claves tanto en deportes como en actividades como la pesca.<\/p>\n<p data-start=\"1771\" data-end=\"2136\">En relaci\u00f3n a la Fiesta del Surub\u00ed, se\u00f1al\u00f3 que el uso de anteojos adecuados es fundamental debido a las condiciones cambiantes del entorno, como el reflejo del agua, la intensidad del sol y el viento. Indic\u00f3 que los lentes polarizados con protecci\u00f3n UV son esenciales para evitar el encandilamiento y mejorar la calidad visual, contribuyendo incluso a la seguridad.<\/p>\n<p data-start=\"1771\" data-end=\"2136\"><img loading=\"lazy\" decoding=\"async\" class=\"wp-image-32849 alignright\" src=\"https:\/\/radiobitacora.com.ar\/web\/wp-content\/uploads\/2026\/04\/WhatsApp-Image-2026-04-25-at-12.14.52-AM-1.jpeg\" alt=\"\" width=\"330\" height=\"247\" srcset=\"https:\/\/radiobitacora.com.ar\/web\/wp-content\/uploads\/2026\/04\/WhatsApp-Image-2026-04-25-at-12.14.52-AM-1.jpeg 1280w, https:\/\/radiobitacora.com.ar\/web\/wp-content\/uploads\/2026\/04\/WhatsApp-Image-2026-04-25-at-12.14.52-AM-1-560x420.jpeg 560w, https:\/\/radiobitacora.com.ar\/web\/wp-content\/uploads\/2026\/04\/WhatsApp-Image-2026-04-25-at-12.14.52-AM-1-80x60.jpeg 80w, https:\/\/radiobitacora.com.ar\/web\/wp-content\/uploads\/2026\/04\/WhatsApp-Image-2026-04-25-at-12.14.52-AM-1-696x522.jpeg 696w, https:\/\/radiobitacora.com.ar\/web\/wp-content\/uploads\/2026\/04\/WhatsApp-Image-2026-04-25-at-12.14.52-AM-1-1068x801.jpeg 1068w, https:\/\/radiobitacora.com.ar\/web\/wp-content\/uploads\/2026\/04\/WhatsApp-Image-2026-04-25-at-12.14.52-AM-1-265x198.jpeg 265w\" sizes=\"auto, (max-width: 330px) 100vw, 330px\" \/><\/p>\n<p data-start=\"2138\" data-end=\"2477\">Asimismo, advirti\u00f3 sobre los riesgos de adquirir anteojos sin certificaci\u00f3n en la v\u00eda p\u00fablica o por redes sociales, ya que pueden resultar perjudiciales para la salud visual. Explic\u00f3 que el uso de lentes sin protecci\u00f3n adecuada puede generar da\u00f1os en la retina debido a la dilataci\u00f3n de la pupila ante la oscuridad del lente sin filtro UV.<\/p>\n<p data-start=\"2479\" data-end=\"2802\">Durante la entrevista tambi\u00e9n abord\u00f3 problem\u00e1ticas comunes como la miop\u00eda, hipermetrop\u00eda y astigmatismo, detallando sus caracter\u00edsticas y la importancia de un diagn\u00f3stico personalizado. En este marco, remarc\u00f3 que no existe un lente universal, sino que cada paciente requiere una adaptaci\u00f3n espec\u00edfica seg\u00fan sus necesidades.<\/p>\n<p data-start=\"2804\" data-end=\"3141\">Fabro destac\u00f3 adem\u00e1s los avances en contactolog\u00eda, se\u00f1alando que hoy existen lentes de contacto c\u00f3modos y adaptables a distintas graduaciones, incluso multifocales. Tambi\u00e9n mencion\u00f3 la posibilidad de cirug\u00edas refractivas y el uso de lentes intraoculares en casos de cataratas, como soluciones definitivas para mejorar la calidad de vida.<\/p>\n<p data-start=\"3143\" data-end=\"3430\">Otro punto relevante fue la creciente incidencia de la miop\u00eda, especialmente en ni\u00f1os, asociada al uso intensivo de pantallas y la falta de actividad al aire libre. En este sentido, recomend\u00f3 controles oftalmol\u00f3gicos anuales y seguimiento desde temprana edad, a partir de los cinco a\u00f1os.<\/p>\n<p data-start=\"3143\" data-end=\"3430\"><img loading=\"lazy\" decoding=\"async\" class=\"wp-image-32850 alignleft\" src=\"https:\/\/radiobitacora.com.ar\/web\/wp-content\/uploads\/2026\/04\/IMG_9203.jpg\" alt=\"\" width=\"287\" height=\"215\" srcset=\"https:\/\/radiobitacora.com.ar\/web\/wp-content\/uploads\/2026\/04\/IMG_9203.jpg 4032w, https:\/\/radiobitacora.com.ar\/web\/wp-content\/uploads\/2026\/04\/IMG_9203-560x420.jpg 560w, https:\/\/radiobitacora.com.ar\/web\/wp-content\/uploads\/2026\/04\/IMG_9203-80x60.jpg 80w, https:\/\/radiobitacora.com.ar\/web\/wp-content\/uploads\/2026\/04\/IMG_9203-696x522.jpg 696w, https:\/\/radiobitacora.com.ar\/web\/wp-content\/uploads\/2026\/04\/IMG_9203-1068x801.jpg 1068w, https:\/\/radiobitacora.com.ar\/web\/wp-content\/uploads\/2026\/04\/IMG_9203-265x198.jpg 265w\" sizes=\"auto, (max-width: 287px) 100vw, 287px\" \/><\/p>\n<p data-start=\"3432\" data-end=\"3670\">Finalmente, Fabro coment\u00f3 que Gafa Visual contin\u00faa en expansi\u00f3n, con presencia en Goya, Corrientes y Resistencia, y proyectos a futuro para ampliar su alcance en la regi\u00f3n. Adem\u00e1s, inform\u00f3 que pr\u00f3ximamente incorporar\u00e1n convenios con PAMI.<\/p>\n<p data-start=\"3672\" data-end=\"3909\" data-is-last-node=\"\" data-is-only-node=\"\">El profesional reafirm\u00f3 su compromiso con la salud visual y su pasi\u00f3n por la actividad, destacando que su objetivo principal es mejorar la calidad de vida de las personas a trav\u00e9s de una atenci\u00f3n personalizada y tecnolog\u00eda de vanguardia.<\/p>\n<\/div>\n<p data-start=\"3672\" data-end=\"3909\" data-is-last-node=\"\" data-is-only-node=\"\">Mira la nota completa ac\u00e1 :<\/p>\n<p data-start=\"3672\" data-end=\"3909\" data-is-last-node=\"\" data-is-only-node=\"\"><a href=\"https:\/\/www.youtube.com\/live\/qwRRCCmOhsw?si=ZaHuko_F5Xt_N63x\">https:\/\/www.youtube.com\/live\/qwRRCCmOhsw?si=ZaHuko_F5Xt_N63x<\/a><\/p>\n<blockquote>\n<div dir=\"auto\"><strong><em>FUENTE : Multiplataformas Radio, Tv y Streaming de Goya<\/em><\/strong><\/div>\n<\/blockquote>\n<div dir=\"auto\">Producci\u00f3n General : <span class=\"html-span xdj266r x14z9mp xat24cr x1lziwak xexx8yu xyri2b x18d9i69 x1c1uobl x1hl2dhg x16tdsg8 x1vvkbs\"><a class=\"x1i10hfl xjbqb8w x1ejq31n x18oe1m7 x1sy0etr xstzfhl x972fbf x10w94by x1qhh985 x14e42zd x9f619 x1ypdohk xt0psk2 x3ct3a4 xdj266r x14z9mp xat24cr x1lziwak xexx8yu xyri2b x18d9i69 x1c1uobl x16tdsg8 x1hl2dhg xggy1nq x1a2a7pz xkrqix3 x1sur9pj x1fey0fg x1s688f\" tabindex=\"0\" role=\"link\" href=\"https:\/\/www.facebook.com\/sebastiansoler6?__cft__[0]=AZbadl9xushcUUZEbaeoWZqRwfPFI5719si61Z8dHKvOH7JoW2WMcH5-86qy2xIQQpmNU6XU8Vlk1X3QRxlo0Yeok36U7B2cIGX5kc_cOp11G5wRbBNg3u1abUnT-rVlooXAF_cTudsCK3R6sCPU0zoXNEZaAVk4tYYTDS7gsAfv66onYmvSHqABpAQpFFnFi8E&amp;__tn__=-]K-R\"><span class=\"xt0psk2\"><span class=\"xjp7ctv\">Sebastian Soler<\/span><\/span><\/a><\/span> @sebastiansoler6<\/div>\n<\/div>\n<\/div>\n<\/div>\n<div class=\"z-0 flex min-h-[46px] justify-start\"><\/div>\n<div class=\"mt-3 w-full empty:hidden\">\n<div class=\"text-center\"><\/div>\n<\/div>\n<\/div>\n<\/div>\n<\/section>\n<div class=\"pointer-events-none -mt-px h-px translate-y-[calc(var(--scroll-root-safe-area-inset-bottom)-14*var(--spacing))]\" aria-hidden=\"true\"><\/div>\n","protected":false},"excerpt":{"rendered":"<p>En los estudios de Multiplataformas Bit\u00e1cora, durante el programa Voces Callejeras que se emite todos los martes y jueves de 18 a 20 horas, se realiz\u00f3 una entrevista a Gast\u00f3n Fabro, director de Gafa Visual, quien comparti\u00f3 su experiencia profesional, su visi\u00f3n del rubro \u00f3ptico y las propuestas que llevar\u00e1 a la pr\u00f3xima Fiesta Nacional [&hellip;]<\/p>\n","protected":false},"author":2,"featured_media":32851,"comment_status":"open","ping_status":"open","sticky":false,"template":"","format":"standard","meta":{"footnotes":""},"categories":[74],"tags":[],"class_list":{"0":"post-32847","1":"post","2":"type-post","3":"status-publish","4":"format-standard","5":"has-post-thumbnail","7":"category-bitacora-tv"},"_links":{"self":[{"href":"https:\/\/radiobitacora.com.ar\/web\/wp-json\/wp\/v2\/posts\/32847","targetHints":{"allow":["GET"]}}],"collection":[{"href":"https:\/\/radiobitacora.com.ar\/web\/wp-json\/wp\/v2\/posts"}],"about":[{"href":"https:\/\/radiobitacora.com.ar\/web\/wp-json\/wp\/v2\/types\/post"}],"author":[{"embeddable":true,"href":"https:\/\/radiobitacora.com.ar\/web\/wp-json\/wp\/v2\/users\/2"}],"replies":[{"embeddable":true,"href":"https:\/\/radiobitacora.com.ar\/web\/wp-json\/wp\/v2\/comments?post=32847"}],"version-history":[{"count":2,"href":"https:\/\/radiobitacora.com.ar\/web\/wp-json\/wp\/v2\/posts\/32847\/revisions"}],"predecessor-version":[{"id":32859,"href":"https:\/\/radiobitacora.com.ar\/web\/wp-json\/wp\/v2\/posts\/32847\/revisions\/32859"}],"wp:featuredmedia":[{"embeddable":true,"href":"https:\/\/radiobitacora.com.ar\/web\/wp-json\/wp\/v2\/media\/32851"}],"wp:attachment":[{"href":"https:\/\/radiobitacora.com.ar\/web\/wp-json\/wp\/v2\/media?parent=32847"}],"wp:term":[{"taxonomy":"category","embeddable":true,"href":"https:\/\/radiobitacora.com.ar\/web\/wp-json\/wp\/v2\/categories?post=32847"},{"taxonomy":"post_tag","embeddable":true,"href":"https:\/\/radiobitacora.com.ar\/web\/wp-json\/wp\/v2\/tags?post=32847"}],"curies":[{"name":"wp","href":"https:\/\/api.w.org\/{rel}","templated":true}]}}