{"id":32865,"date":"2026-04-25T13:14:46","date_gmt":"2026-04-25T16:14:46","guid":{"rendered":"https:\/\/radiobitacora.com.ar\/web\/?p=32865"},"modified":"2026-04-25T13:15:12","modified_gmt":"2026-04-25T16:15:12","slug":"conta-conmigo-luisina-leyes-analizo-la-planificacion-urbana-y-los-desafios-de-goya-hacia-2030","status":"publish","type":"post","link":"https:\/\/radiobitacora.com.ar\/web\/2026\/04\/25\/conta-conmigo-luisina-leyes-analizo-la-planificacion-urbana-y-los-desafios-de-goya-hacia-2030\/","title":{"rendered":"CONTA CONMIGO: LUISINA LEYES ANALIZ\u00d3 LA PLANIFICACI\u00d3N URBANA Y LOS DESAF\u00cdOS DE GOYA HACIA 2030"},"content":{"rendered":"<div class=\"flex max-w-full flex-col gap-4 grow\">\n<div class=\"min-h-8 text-message relative flex w-full flex-col items-end gap-2 text-start break-words whitespace-normal outline-none keyboard-focused:focus-ring [.text-message+&amp;]:mt-1\" dir=\"auto\" tabindex=\"0\" data-message-author-role=\"assistant\" data-message-id=\"40c818ad-3e85-4081-a45f-75f87c72b0a7\" data-message-model-slug=\"gpt-5-3\" data-turn-start-message=\"true\">\n<div class=\"flex w-full flex-col gap-1 empty:hidden\">\n<div class=\"markdown prose dark:prose-invert w-full wrap-break-word light markdown-new-styling\">\n<p data-start=\"100\" data-end=\"496\">En los estudios de Multiplataformas Bit\u00e1cora, durante el programa <em data-start=\"166\" data-end=\"181\">Cont\u00e1 Conmigo<\/em>, que se emite de lunes a viernes de 8 a 10 hs, la arquitecta Luisina Leyes, subsecretaria de Planeamiento de la ciudad de Goya, mantuvo una extensa y profunda charla sobre el presente y futuro urbano de la ciudad, abordando temas estructurales como planificaci\u00f3n, servicios, crecimiento y ordenamiento territorial.<\/p>\n<p data-start=\"498\" data-end=\"861\">Durante la entrevista, Leyes repas\u00f3 sus or\u00edgenes vinculados al tradicional vivero familiar, destacando c\u00f3mo esa crianza le inculc\u00f3 valores relacionados con el cuidado, la paciencia y la planificaci\u00f3n a largo plazo. Se\u00f1al\u00f3 que trabajar con plantas ense\u00f1a a respetar los tiempos naturales, una l\u00f3gica que traslad\u00f3 a su visi\u00f3n profesional sobre el desarrollo urbano.<\/p>\n<p data-start=\"863\" data-end=\"1193\">En ese sentido, sostuvo que la planificaci\u00f3n de una ciudad requiere pensar a mediano y largo plazo, dejando de lado la inmediatez. Remarc\u00f3 que actualmente existe un cambio de paradigma en Goya, orientado a proyectar el crecimiento de manera ordenada, contemplando no solo lo edilicio, sino tambi\u00e9n lo social, cultural y ambiental.<\/p>\n<p data-start=\"863\" data-end=\"1193\"><img loading=\"lazy\" decoding=\"async\" class=\"wp-image-32866 alignleft\" src=\"https:\/\/radiobitacora.com.ar\/web\/wp-content\/uploads\/2026\/04\/WhatsApp-Image-2026-04-23-at-11.41.39-AM.jpeg\" alt=\"\" width=\"260\" height=\"347\" srcset=\"https:\/\/radiobitacora.com.ar\/web\/wp-content\/uploads\/2026\/04\/WhatsApp-Image-2026-04-23-at-11.41.39-AM.jpeg 1200w, https:\/\/radiobitacora.com.ar\/web\/wp-content\/uploads\/2026\/04\/WhatsApp-Image-2026-04-23-at-11.41.39-AM-315x420.jpeg 315w, https:\/\/radiobitacora.com.ar\/web\/wp-content\/uploads\/2026\/04\/WhatsApp-Image-2026-04-23-at-11.41.39-AM-696x928.jpeg 696w, https:\/\/radiobitacora.com.ar\/web\/wp-content\/uploads\/2026\/04\/WhatsApp-Image-2026-04-23-at-11.41.39-AM-1068x1424.jpeg 1068w\" sizes=\"auto, (max-width: 260px) 100vw, 260px\" \/><\/p>\n<p data-start=\"1195\" data-end=\"1557\">Uno de los ejes centrales de su gesti\u00f3n es el denominado Pacto 2030, una iniciativa que busca establecer lineamientos estrat\u00e9gicos para el desarrollo de la ciudad en los pr\u00f3ximos a\u00f1os. Explic\u00f3 que este proceso implica definir objetivos a corto, mediano y largo plazo, trabajando con un equipo t\u00e9cnico reducido pero enfocado en generar una planificaci\u00f3n integral.<\/p>\n<p data-start=\"1559\" data-end=\"1881\">La funcionaria destac\u00f3 que la planificaci\u00f3n urbana no puede pensarse sin los servicios b\u00e1sicos, como agua, cloacas y energ\u00eda el\u00e9ctrica. En ese marco, advirti\u00f3 que el centro de la ciudad ya presenta signos de saturaci\u00f3n en estos sistemas, lo que limita la posibilidad de habilitar grandes desarrollos edilicios en esa zona.<\/p>\n<p data-start=\"1883\" data-end=\"2310\">Sobre este punto, se refiri\u00f3 al debate en torno a la construcci\u00f3n en altura y al denominado Proyecto Goya. Aclar\u00f3 que no existe una prohibici\u00f3n absoluta, sino regulaciones que buscan preservar el equilibrio urbano y evitar el colapso de la infraestructura existente. Indic\u00f3 que se promueve una descentralizaci\u00f3n del crecimiento hacia nuevos sectores, donde se puedan desarrollar servicios adecuados para acompa\u00f1ar la expansi\u00f3n.<\/p>\n<p data-start=\"2312\" data-end=\"2681\">Adem\u00e1s, explic\u00f3 que las normativas vigentes en muchos casos tienen m\u00e1s de 40 a\u00f1os, por lo que se trabaja en la actualizaci\u00f3n de ordenanzas que permitan ordenar el crecimiento, especialmente ante el avance de loteos urbanos. Estas nuevas regulaciones tambi\u00e9n contemplan estudios h\u00eddricos, en articulaci\u00f3n con organismos como el ICAA, para prevenir problemas ambientales.<\/p>\n<p data-start=\"2683\" data-end=\"3001\">En relaci\u00f3n al turismo, Leyes consider\u00f3 que Goya tiene un gran potencial, aunque reconoci\u00f3 que a\u00fan falta desarrollar propuestas sostenidas m\u00e1s all\u00e1 de la Fiesta Nacional del Surub\u00ed. Se\u00f1al\u00f3 que la planificaci\u00f3n urbana tambi\u00e9n debe acompa\u00f1ar este crecimiento, generando espacios atractivos y funcionales para visitantes.<\/p>\n<p data-start=\"3003\" data-end=\"3470\">Otro aspecto abordado fue la informalidad en la construcci\u00f3n. La subsecretaria indic\u00f3 que una gran cantidad de obras no cuentan con la documentaci\u00f3n correspondiente, lo que genera inconvenientes posteriores, especialmente al momento de habilitar locales o regularizar propiedades. Explic\u00f3 que el municipio cuenta con pocos inspectores, lo que dificulta el control total, y remarc\u00f3 la necesidad de generar conciencia sobre la importancia de cumplir con las normativas.<\/p>\n<p data-start=\"3472\" data-end=\"3858\" data-is-last-node=\"\" data-is-only-node=\"\">Finalmente, Leyes subray\u00f3 que el desarrollo de la ciudad debe darse de manera equilibrada, respetando su identidad, su patrimonio y sus condiciones naturales, pero tambi\u00e9n promoviendo el crecimiento econ\u00f3mico y urbano de forma sostenible. La entrevista dej\u00f3 en claro que el desaf\u00edo de Goya no solo pasa por crecer, sino por hacerlo con planificaci\u00f3n, responsabilidad y visi\u00f3n de futuro.<\/p>\n<p data-start=\"3472\" data-end=\"3858\" data-is-last-node=\"\" data-is-only-node=\"\">Mira la nota completa aca:<\/p>\n<p data-start=\"3472\" data-end=\"3858\" data-is-last-node=\"\" data-is-only-node=\"\"><a href=\"https:\/\/www.youtube.com\/live\/WlMpFhd1TUE?si=fd0TQ47VKSjZyFd_\">https:\/\/www.youtube.com\/live\/WlMpFhd1TUE?si=fd0TQ47VKSjZyFd_<\/a><\/p>\n<\/div>\n<div dir=\"auto\">FUENTE : Multiplataformas Radio, Tv y Streaming de Goya<\/div>\n<div dir=\"auto\">Producci\u00f3n General :<\/div>\n<div dir=\"auto\"><span class=\"html-span xdj266r x14z9mp xat24cr x1lziwak xexx8yu xyri2b x18d9i69 x1c1uobl x1hl2dhg x16tdsg8 x1vvkbs\"><a class=\"x1i10hfl xjbqb8w x1ejq31n x18oe1m7 x1sy0etr xstzfhl x972fbf x10w94by x1qhh985 x14e42zd x9f619 x1ypdohk xt0psk2 x3ct3a4 xdj266r x14z9mp xat24cr x1lziwak xexx8yu xyri2b x18d9i69 x1c1uobl x16tdsg8 x1hl2dhg xggy1nq x1a2a7pz xkrqix3 x1sur9pj x1fey0fg x1s688f\" tabindex=\"0\" role=\"link\" href=\"https:\/\/www.facebook.com\/sebastiansoler6?__cft__[0]=AZYKPT3AQF8nXcsouMnZkwmWBFgrqFv7cmgIxo24bN0n0ZSKdQpSH7n-S0OkHsAhbL2CxyQ-dxJfhIfz--2AitK0kM8Difw0P1RqqSON-3xcIFlK98zUh3RQjGLgHBOnKQRgsRNOhuD1Fih20cgi5ok32x8g65NxZnPmRnzRo12LBzjU-DlUsYWTtlgcr1jtaDY&amp;__tn__=-]K-R\"><span class=\"xt0psk2\"><span class=\"xjp7ctv\">Sebastian Soler<\/span><\/span><\/a><\/span><\/div>\n<\/div>\n<\/div>\n<\/div>\n<div class=\"z-0 flex min-h-[46px] justify-start\"><\/div>\n<div class=\"mt-3 w-full empty:hidden\">\n<div class=\"text-center\">\n<div>\n<div class=\"inline-flex border border-gray-100 dark:border-gray-700 rounded-xl\">\n<div class=\"bg-token-main-surface-tertiary w-px flex-1 self-stretch\"><\/div>\n<\/div>\n<\/div>\n<\/div>\n<\/div>\n","protected":false},"excerpt":{"rendered":"<p>En los estudios de Multiplataformas Bit\u00e1cora, durante el programa Cont\u00e1 Conmigo, que se emite de lunes a viernes de 8 a 10 hs, la arquitecta Luisina Leyes, subsecretaria de Planeamiento de la ciudad de Goya, mantuvo una extensa y profunda charla sobre el presente y futuro urbano de la ciudad, abordando temas estructurales como planificaci\u00f3n, [&hellip;]<\/p>\n","protected":false},"author":2,"featured_media":32867,"comment_status":"open","ping_status":"open","sticky":false,"template":"","format":"standard","meta":{"footnotes":""},"categories":[74],"tags":[],"class_list":{"0":"post-32865","1":"post","2":"type-post","3":"status-publish","4":"format-standard","5":"has-post-thumbnail","7":"category-bitacora-tv"},"_links":{"self":[{"href":"https:\/\/radiobitacora.com.ar\/web\/wp-json\/wp\/v2\/posts\/32865","targetHints":{"allow":["GET"]}}],"collection":[{"href":"https:\/\/radiobitacora.com.ar\/web\/wp-json\/wp\/v2\/posts"}],"about":[{"href":"https:\/\/radiobitacora.com.ar\/web\/wp-json\/wp\/v2\/types\/post"}],"author":[{"embeddable":true,"href":"https:\/\/radiobitacora.com.ar\/web\/wp-json\/wp\/v2\/users\/2"}],"replies":[{"embeddable":true,"href":"https:\/\/radiobitacora.com.ar\/web\/wp-json\/wp\/v2\/comments?post=32865"}],"version-history":[{"count":1,"href":"https:\/\/radiobitacora.com.ar\/web\/wp-json\/wp\/v2\/posts\/32865\/revisions"}],"predecessor-version":[{"id":32868,"href":"https:\/\/radiobitacora.com.ar\/web\/wp-json\/wp\/v2\/posts\/32865\/revisions\/32868"}],"wp:featuredmedia":[{"embeddable":true,"href":"https:\/\/radiobitacora.com.ar\/web\/wp-json\/wp\/v2\/media\/32867"}],"wp:attachment":[{"href":"https:\/\/radiobitacora.com.ar\/web\/wp-json\/wp\/v2\/media?parent=32865"}],"wp:term":[{"taxonomy":"category","embeddable":true,"href":"https:\/\/radiobitacora.com.ar\/web\/wp-json\/wp\/v2\/categories?post=32865"},{"taxonomy":"post_tag","embeddable":true,"href":"https:\/\/radiobitacora.com.ar\/web\/wp-json\/wp\/v2\/tags?post=32865"}],"curies":[{"name":"wp","href":"https:\/\/api.w.org\/{rel}","templated":true}]}}